{"id":29442,"date":"2024-09-23T16:53:58","date_gmt":"2024-09-23T14:53:58","guid":{"rendered":"http:\/\/info.sadowne.pl\/?p=29442"},"modified":"2024-09-23T16:53:58","modified_gmt":"2024-09-23T14:53:58","slug":"kronika-strazacka-16-22-09-2024","status":"publish","type":"post","link":"https:\/\/info.sadowne.pl\/?p=29442","title":{"rendered":"Kronika stra\u017cacka 16 \u2013 22.09.2024"},"content":{"rendered":"<p><strong><a href=\"http:\/\/info.sadowne.pl\/wp-content\/uploads\/2023\/06\/straz3-scaled.jpg\"><img loading=\"lazy\" decoding=\"async\" class=\"alignleft size-thumbnail wp-image-27687\" src=\"http:\/\/info.sadowne.pl\/wp-content\/uploads\/2023\/06\/straz3-180x130.jpg\" alt=\"\" width=\"180\" height=\"130\" \/><\/a>W okresie 16 &#8211; 22.09.2024 na terenie powiatu w\u0119growskiego odnotowano: 21 zdarze\u0144, przy kt\u00f3rych interweniowa\u0142y jednostki ochrony przeciwpo\u017carowej, w tym: 4 po\u017cary, 16 miejscowych zagro\u017ce\u0144, 1 alarm fa\u0142szywy.<\/strong><!--more--><\/p>\n<p><strong>18.09.2024 \u2013 Podsusze, gm. Gr\u0119bk\u00f3w \u2013 po\u017car hali gara\u017cowej.<\/strong><\/p>\n<p>Po przybyciu na miejsce zdarzenia pierwszego zast\u0119pu stra\u017cacy stwierdzili, \u017ce pali hala gara\u017cowa blaszana, panuje du\u017ce zadymienie, nieopodal znajduje si\u0119 sk\u0142ad w\u0119gla. Dzia\u0142ania w pierwszej kolejno\u015bci przyby\u0142ego zast\u0119pu polega\u0142y na zabezpieczeniu miejsca zdarzenia i podaniu jednego pr\u0105du wody w natarciu na po\u017car. Do zdarzenia dodatkowo zadysponowano zast\u0119p OSP Gr\u0119bk\u00f3w, OSP Le\u015bnog\u00f3ra oraz JRG PSP W\u0119gr\u00f3w. Od w\u0142a\u015bciciela stra\u017cacy dowiedzieli si\u0119, \u017ce w budynku znajduj\u0119 si\u0119 zbiornik z 1,5 tys. l ropy naftowej stanowi\u0105cym powa\u017cne zagro\u017cenie po\u017carowe. Przyst\u0105piono do wykonania dw\u00f3ch otwor\u00f3w za pomoc\u0105 pi\u0142y do ci\u0119cia stali i betonu w bocznych \u015bcianach hali w celu podania jednego pr\u0105du wody w obronie na mauzer z paliwem oraz dwa pr\u0105dy wody w natarciu na pal\u0105ce si\u0119 maszyny (\u0142adowarka oraz w\u00f3zek wid\u0142owy). Dzia\u0142ania doprowadzi\u0142y do lokalizacji po\u017caru. Dalsze dzia\u0142ania polega\u0142y na oddymieniu gara\u017cu za pomoc\u0105 dw\u00f3ch wentylator\u00f3w, po jej zako\u0144czeniu przyst\u0105piono do wynoszenia nadpalonych palet drewnianych i sukcesywnym przelewaniu ich wod\u0105. Dzia\u0142ania te doprowadzi\u0142y do ca\u0142kowitego ugaszenia po\u017caru. Zabezpieczono mauzer paliwa przed oddzia\u0142ywaniem cieplnym na paliwo. Dok\u0142adnie zmierzono kamer\u0105 termowizyjn\u0105 konstrukcje budynku oraz spalone maszyny nie stwierdzaj\u0105c dalszego zagro\u017cenia po\u017carowego. Przekazano miejsce zdarzenia. Na tym dzia\u0142ania zako\u0144czono. Zast\u0119py wr\u00f3ci\u0142y do swoich baz.<\/p>\n<p>W DZIA\u0141ANIACH RATOWNICZYCH UDZIA\u0141 BRA\u0141O: 7 zast\u0119p\u00f3w, 32 ratownik\u00f3w.<\/p>\n<p><strong>21.09.2024 \u2013 Budziska, gm. \u0141och\u00f3w \u2013 zderzenie pojazd\u00f3w.<\/strong><\/p>\n<p>Na skrzy\u017cowaniu drogi krajowej 62 i drogi gminnej dosz\u0142o do zderzenia samochodu ci\u0119\u017carowego z naczep\u0105 typu wywrotka oraz samochodu osobowego. Samoch\u00f3d osobowy znajdowa\u0142 si\u0119 na jezdni, a samoch\u00f3d ci\u0119\u017carowy le\u017cy na boku w rowie. Pojazdami podr\u00f3\u017cowa\u0142o \u0142\u0105cznie trzy osoby (dwie samochodem osobowym, jedna ci\u0119\u017carowym), wszyscy opu\u015bcili pojazdy o w\u0142asnych si\u0142ach. Pasa\u017cerce samochodu osobowego b\u0119d\u0105cej w ci\u0105\u017cy przeprowadzono badanie urazowe i udzielono wsparcia psychicznego nie stwierdzaj\u0105c obra\u017ce\u0144 zagra\u017caj\u0105cych \u017cyciu. Ruch drogowy w miejscu zdarzenia odbywa\u0142 si\u0119 wahad\u0142owo jednym pasem. Po przybyciu na miejsce Zespo\u0142u Ratownictwa Medycznego poszkodowan\u0105 przekazano ratownikom medycznym. Po przeprowadzeniu ogl\u0119dzin przez Policj\u0119 pojazd osobowy usuni\u0119to z drogi doprowadzaj\u0105c do pe\u0142nej przejezdno\u015bci. Po usuni\u0119ciu \u0142adunku z naczepy pojazdu ci\u0119\u017carowego ponownie zablokowano ruch drogowy w miejscu zdarzenia, specjalistyczna firma z zakresu ratownictwa drogowego ustawi\u0142a d\u017awigi i holowniki i przyst\u0105pi\u0142a do wydobycia pojazdu ci\u0119\u017carowego z drogi, a nast\u0119pnie jego odholowania.<\/p>\n<p>W DZIA\u0141ANIACH RATOWNICZYCH UDZIA\u0141 BRA\u0141O: 4 zast\u0119py, 23 ratownik\u00f3w.<\/p>\n<p><strong>21.09.2024 \u2013 Pogorzelec, gm. \u0141och\u00f3w \u2013 zderzenie motocykla z samochodem osobowym.<\/strong><\/p>\n<p>Po przybyciu na miejsce zdarzenia zast\u0119pu OSP Pogorzelec, stra\u017cacy stwierdzili, \u017ce: dosz\u0142o do zderzenia motocykla z samochodem osobowym. Jedna osoba poszkodowana, ZRM na miejscu zajmuje si\u0119 osob\u0105 poszkodowan\u0105. Dzia\u0142ania zast\u0119p\u00f3w polega\u0142y na zabezpieczeniu miejsca zdarzenia, kierowaniu ruchem wahad\u0142owo. Po odje\u017adzie zespo\u0142u PRM z osob\u0105 poszkodowan\u0105 na pro\u015bb\u0119 Policji zepchni\u0119to uszkodzone pojazdy na pobocze, uprz\u0105tni\u0119to i odblokowano drog\u0119. Na tym dzia\u0142ania zako\u0144czono, a zast\u0119py powr\u00f3ci\u0142y do bazy.<\/p>\n<p>W DZIA\u0141ANIACH RATOWNICZYCH UDZIA\u0141 BRA\u0141O: 2 zast\u0119py, 11 ratownik\u00f3w.<\/p>\n<p><strong>KP PSP W\u0119gr\u00f3w<\/strong><\/p>\n","protected":false},"excerpt":{"rendered":"<p>W okresie 16 &#8211; 22.09.2024 na terenie powiatu w\u0119growskiego odnotowano: 21 zdarze\u0144, przy kt\u00f3rych interweniowa\u0142y jednostki ochrony przeciwpo\u017carowej, w tym: 4 po\u017cary, 16 miejscowych zagro\u017ce\u0144, 1 alarm fa\u0142szywy.<\/p>\n","protected":false},"author":1,"featured_media":0,"comment_status":"closed","ping_status":"closed","sticky":false,"template":"","format":"standard","meta":{"footnotes":""},"categories":[5,4,267],"tags":[491,643],"class_list":["post-29442","post","type-post","status-publish","format-standard","hentry","category-newsy","category-policja-straz-pozarna-pogotowie-ratunkowe","category-straz-pozarna-policja-straz-pozarna-pogotowie-ratunkowe","tag-komenda-powiatowa-panstwowej-strazy-pozarnej-w-wegrowie","tag-kronika-strazacka"],"views":1441,"_links":{"self":[{"href":"https:\/\/info.sadowne.pl\/index.php?rest_route=\/wp\/v2\/posts\/29442","targetHints":{"allow":["GET"]}}],"collection":[{"href":"https:\/\/info.sadowne.pl\/index.php?rest_route=\/wp\/v2\/posts"}],"about":[{"href":"https:\/\/info.sadowne.pl\/index.php?rest_route=\/wp\/v2\/types\/post"}],"author":[{"embeddable":true,"href":"https:\/\/info.sadowne.pl\/index.php?rest_route=\/wp\/v2\/users\/1"}],"replies":[{"embeddable":true,"href":"https:\/\/info.sadowne.pl\/index.php?rest_route=%2Fwp%2Fv2%2Fcomments&post=29442"}],"version-history":[{"count":1,"href":"https:\/\/info.sadowne.pl\/index.php?rest_route=\/wp\/v2\/posts\/29442\/revisions"}],"predecessor-version":[{"id":29443,"href":"https:\/\/info.sadowne.pl\/index.php?rest_route=\/wp\/v2\/posts\/29442\/revisions\/29443"}],"wp:attachment":[{"href":"https:\/\/info.sadowne.pl\/index.php?rest_route=%2Fwp%2Fv2%2Fmedia&parent=29442"}],"wp:term":[{"taxonomy":"category","embeddable":true,"href":"https:\/\/info.sadowne.pl\/index.php?rest_route=%2Fwp%2Fv2%2Fcategories&post=29442"},{"taxonomy":"post_tag","embeddable":true,"href":"https:\/\/info.sadowne.pl\/index.php?rest_route=%2Fwp%2Fv2%2Ftags&post=29442"}],"curies":[{"name":"wp","href":"https:\/\/api.w.org\/{rel}","templated":true}]}}