{"id":29444,"date":"2024-09-26T16:40:28","date_gmt":"2024-09-26T14:40:28","guid":{"rendered":"http:\/\/info.sadowne.pl\/?p=29444"},"modified":"2024-09-26T16:40:28","modified_gmt":"2024-09-26T14:40:28","slug":"jubileusz-branszczykowskiego-proboszcza","status":"publish","type":"post","link":"https:\/\/info.sadowne.pl\/?p=29444","title":{"rendered":"Jubileusz bra\u0144szczykowskiego proboszcza,"},"content":{"rendered":"<p><strong><a href=\"http:\/\/info.sadowne.pl\/wp-content\/uploads\/2024\/09\/Brok194.jpg\" target=\"_blank\" rel=\"noopener\"><img loading=\"lazy\" decoding=\"async\" class=\"alignleft wp-image-29445 size-thumbnail\" src=\"http:\/\/info.sadowne.pl\/wp-content\/uploads\/2024\/09\/Brok194-180x130.jpg\" alt=\"\" width=\"180\" height=\"130\" \/><\/a>\u2026wypadki podczas prac polowych, wreszcie mo\u017cna zrobi\u0107 w sobot\u0119 zakupy w Ostrowi, o straszliwych skutkach jazdy na rowerze, ostrowskie finanse w totalnej zapa\u015bci.<\/strong><!--more--><\/p>\n<p>W lipcu 1873 r. uroczy\u015bcie obchodzono w Bra\u0144szczyku pi\u0119\u0107dziesi\u0105ty jubileusz uzyskania \u015bwi\u0119ce\u0144 kap\u0142a\u0144skich przez tamtejszego proboszcza ks. Bonifacego Ostrzykowskiego, posta\u0107 niezwykle barwn\u0105. Poni\u017cej relacja z obchod\u00f3w. O tym wielce zas\u0142u\u017conym duchownym wspominali\u015bmy ju\u017c wielokrotnie na naszych \u0142amach, najwi\u0119cej za\u015b w opowie\u015bci Mieszka\u0144cy Dworu w Bra\u0144szczyku i ich antenaci.<\/p>\n<p>W dw\u00f3ch numerach pisma \u201eMedycyna\u201d z 1890 r. praktykuj\u0105cy w Ciechanowcu dr Stanis\u0142aw Radziszewski, zamie\u015bci\u0142 kr\u00f3tkie opisy kilku amputacji dokonanych \u201ew\u015br\u00f3d wiejskiej klienteli\u201d. Poni\u017cszej zamieszczono relacj\u0119 z dw\u00f3ch operacji, przeprowadzonych po nieszcz\u0119\u015bliwych wypadkach, do kt\u00f3rych dosz\u0142o \u2013 jak to i dzisiaj zazwyczaj bywa \u2013 letni\u0105 por\u0105 podczas prac polowych. Jeden z dramat\u00f3w rozegra\u0142 si\u0119 w wiosce o nieznanej nazwie, miejscem za\u015b drugiego by\u0142a po\u0142o\u017cona w gminie Nur wioska Zaszk\u00f3w.<\/p>\n<p>Dzi\u0119ki Jakubowi W\u00f3jcikowi, gospodarzowi rolnemu spod Ostrowi, dowiadujemy si\u0119 o pocz\u0105tkach polskiego handlu w tym mie\u015bcie. Pierwszy sklep nienale\u017c\u0105cy do reprezentant\u00f3w spo\u0142eczno\u015bci starozakonnej otworzy\u0142a pani Bilewiczowa, a z jeszcze wi\u0119ksz\u0105 energi\u0105 do rozwoju handlu w mie\u015bcie przyst\u0105pi\u0142 Franciszek P\u0105gowski. Autor listu podkre\u015bla, \u017ce ten ostrowski Wokulski \u201enie jest mieszczaninem, a i szlachcicem tak\u017ce nie, ale tylko w\u0142o\u015bcianinem i to nie bardzo zamo\u017cnym z rodzic\u00f3w\u201d i wszystko zawdzi\u0119cza w\u0142asnemu talentowi oraz pracy.<\/p>\n<p>Ju\u017c u zarania sportu rowerowego, lekarze ostrzegali przed licznymi niebezpiecze\u0144stwami zwi\u0105zanymi z uprawianiem tego jak\u017ce szkodliwego procederu. To jednak wo\u0142anie na puszczy, bo ludzie, jak to ludzie, zdanie lekarzy ca\u0142kowicie lekce sobie wa\u017c\u0105 i po dzi\u015b dzie\u0144 wystawiaj\u0105 swe zdrowie i \u017cycie na rowerowy hazard. Strze\u017c si\u0119 roweru!<\/p>\n<p><strong>Wi\u0119cej na stronie <span style=\"color: #0000ff;\"><a style=\"color: #0000ff;\" href=\"https:\/\/madzelan.cba.pl\/jubileusz-branszczykowskiego-proboszcza-wypadki-podczas-prac-polowych-wreszcie-mozna-zrobic-w-sobote-zakupy-w-ostrowi-o-straszliwych-skutkach-jazdy-na-rowerze-ostrowskie-finanse-w-totalnej-zapasci\/\" target=\"_blank\" rel=\"noopener\">https:\/\/madzelan.cba.pl\/jubileusz-branszczykowskiego-proboszcza-wypadki-podczas-prac-polowych-wreszcie-mozna-zrobic-w-sobote-zakupy-w-ostrowi-o-straszliwych-skutkach-jazdy-na-rowerze-ostrowskie-finanse-w-totalnej-zapasci\/<\/a><\/span><\/strong><\/p>\n","protected":false},"excerpt":{"rendered":"<p>\u2026wypadki podczas prac polowych, wreszcie mo\u017cna zrobi\u0107 w sobot\u0119 zakupy w Ostrowi, o straszliwych skutkach jazdy na rowerze, ostrowskie finanse w totalnej zapa\u015bci.<\/p>\n","protected":false},"author":1,"featured_media":0,"comment_status":"closed","ping_status":"closed","sticky":false,"template":"","format":"standard","meta":{"footnotes":""},"categories":[5,3436,31],"tags":[745,3004,2956],"class_list":["post-29444","post","type-post","status-publish","format-standard","hentry","category-newsy","category-opowiesci-historie-legendy-brokowskie-i-nie-tylko","category-historia-gminy","tag-brok","tag-jerzy-madzelan","tag-opowiesci-historie-legendy-brokowskie-i-nie-tylko"],"views":1362,"_links":{"self":[{"href":"https:\/\/info.sadowne.pl\/index.php?rest_route=\/wp\/v2\/posts\/29444","targetHints":{"allow":["GET"]}}],"collection":[{"href":"https:\/\/info.sadowne.pl\/index.php?rest_route=\/wp\/v2\/posts"}],"about":[{"href":"https:\/\/info.sadowne.pl\/index.php?rest_route=\/wp\/v2\/types\/post"}],"author":[{"embeddable":true,"href":"https:\/\/info.sadowne.pl\/index.php?rest_route=\/wp\/v2\/users\/1"}],"replies":[{"embeddable":true,"href":"https:\/\/info.sadowne.pl\/index.php?rest_route=%2Fwp%2Fv2%2Fcomments&post=29444"}],"version-history":[{"count":1,"href":"https:\/\/info.sadowne.pl\/index.php?rest_route=\/wp\/v2\/posts\/29444\/revisions"}],"predecessor-version":[{"id":29446,"href":"https:\/\/info.sadowne.pl\/index.php?rest_route=\/wp\/v2\/posts\/29444\/revisions\/29446"}],"wp:attachment":[{"href":"https:\/\/info.sadowne.pl\/index.php?rest_route=%2Fwp%2Fv2%2Fmedia&parent=29444"}],"wp:term":[{"taxonomy":"category","embeddable":true,"href":"https:\/\/info.sadowne.pl\/index.php?rest_route=%2Fwp%2Fv2%2Fcategories&post=29444"},{"taxonomy":"post_tag","embeddable":true,"href":"https:\/\/info.sadowne.pl\/index.php?rest_route=%2Fwp%2Fv2%2Ftags&post=29444"}],"curies":[{"name":"wp","href":"https:\/\/api.w.org\/{rel}","templated":true}]}}