{"id":29453,"date":"2024-10-05T15:23:34","date_gmt":"2024-10-05T13:23:34","guid":{"rendered":"http:\/\/info.sadowne.pl\/?p=29453"},"modified":"2024-10-05T15:23:34","modified_gmt":"2024-10-05T13:23:34","slug":"sadowianki-koniec-2022-roku","status":"publish","type":"post","link":"https:\/\/info.sadowne.pl\/?p=29453","title":{"rendered":"Sadowianki &#8211; koniec 2022 roku"},"content":{"rendered":"<p><strong><a href=\"http:\/\/info.sadowne.pl\/wp-content\/uploads\/2024\/10\/sad1112.jpg\" target=\"_blank\" rel=\"noopener\"><img loading=\"lazy\" decoding=\"async\" class=\"alignleft wp-image-29461 size-thumbnail\" src=\"http:\/\/info.sadowne.pl\/wp-content\/uploads\/2024\/10\/sad1112-180x130.jpg\" alt=\"\" width=\"180\" height=\"130\" \/><\/a>TOP\u00d3R &#8211; <\/strong><strong>11 grudnia 2022 &#8211; <\/strong><strong>Jest taki dzie\u0144 bardzo ciep\u0142y,\u00a0<\/strong><strong>cho\u0107 grudniowy\u2026<\/strong><!--more--><\/p>\n<p>Chocia\u017c na dworze by\u0142o zimno i spad\u0142o du\u017co \u015bniegu tego dnia (11 grudnia 2022r.), atmosfera w remizie OSP w Toporze by\u0142a przepe\u0142niona ciep\u0142em i rodzinnym klimatem.<\/p>\n<p>Kiermasz \u015bwi\u0105teczny zorganizowany przez szko\u0142\u0119 przyci\u0105gn\u0105\u0142 bardzo liczn\u0105 rzesz\u0119 os\u00f3b zainteresowanych, nie tylko kupnem stroik\u00f3w i ozd\u00f3b \u015bwi\u0105tecznych, ale przede wszystkim wyst\u0119pami m\u0142odych aktor\u00f3w w jase\u0142kach oraz <strong>Zespo\u0142u \u015apiewaczego Sadowianki.<\/strong><\/p>\n<p><strong><a href=\"http:\/\/info.sadowne.pl\/wp-content\/uploads\/2024\/10\/sad1113.jpg\"><img loading=\"lazy\" decoding=\"async\" class=\"aligncenter size-full wp-image-29462\" src=\"http:\/\/info.sadowne.pl\/wp-content\/uploads\/2024\/10\/sad1113.jpg\" alt=\"\" width=\"608\" height=\"217\" srcset=\"https:\/\/info.sadowne.pl\/wp-content\/uploads\/2024\/10\/sad1113.jpg 608w, https:\/\/info.sadowne.pl\/wp-content\/uploads\/2024\/10\/sad1113-300x107.jpg 300w\" sizes=\"auto, (max-width: 608px) 100vw, 608px\" \/><\/a>\u00a0<\/strong><\/p>\n<p>\u015awi\u0119ta coraz bli\u017cej, o czym przekonali zebranych uczniowie, kt\u00f3rzy w tradycyjny spos\u00f3b przypomnieli histori\u0119 Bo\u017cego Narodzenia.<\/p>\n<p>Nie mog\u0142o zatem zabrakn\u0105\u0107 Dzieci\u0105tka Jezus, Maryi, J\u00f3zefa, anio\u0142\u00f3w, pastuszk\u00f3w, kr\u00f3l\u00f3w i dzieci, kt\u00f3re r\u00f3wnie\u017c przyby\u0142y do przepi\u0119knie przygotowanej przez rodzic\u00f3w stajenki betlejemskiej.<\/p>\n<p>Wyst\u0119py uczni\u00f3w podsumowali najm\u0142odsi przedstawiciele szko\u0142y, \u015bpiewaj\u0105c z werw\u0105 pastora\u0142k\u0119:<\/p>\n<p style=\"text-align: center;\"><strong><span style=\"color: #ff0000;\">\u201eZa\u015bpiewajmy kol\u0119d\u0119 Jezusowi dzi\u015b\u201d<\/span>.<\/strong><\/p>\n<p>Zesp\u00f3\u0142 Sadowianki przedstawi\u0142 na spotkaniu w Toporze monta\u017c s\u0142owno-muzyczny pt.:<\/p>\n<p style=\"text-align: center;\"><strong><span style=\"color: #ff0000;\">,,Male\u0144ka Mi\u0142o\u015b\u0107 \u2013 poetycki wiecz\u00f3r wigilijny\u201d<\/span>.<\/strong><\/p>\n<p><strong>S\u0105 to pi\u0119kne bo\u017conarodzeniowe wiersze przeplatane kol\u0119dami.<\/strong><\/p>\n<p><a href=\"http:\/\/info.sadowne.pl\/wp-content\/uploads\/2024\/10\/sad1114.jpg\"><img loading=\"lazy\" decoding=\"async\" class=\"aligncenter size-full wp-image-29463\" src=\"http:\/\/info.sadowne.pl\/wp-content\/uploads\/2024\/10\/sad1114.jpg\" alt=\"\" width=\"499\" height=\"402\" srcset=\"https:\/\/info.sadowne.pl\/wp-content\/uploads\/2024\/10\/sad1114.jpg 499w, https:\/\/info.sadowne.pl\/wp-content\/uploads\/2024\/10\/sad1114-300x242.jpg 300w\" sizes=\"auto, (max-width: 499px) 100vw, 499px\" \/><\/a><\/p>\n<p><strong>Zesp\u00f3\u0142 Sadowianki<\/strong> zach\u0119ci\u0142 zebranych do wsp\u00f3lnego kol\u0119dowania.<\/p>\n<p><a href=\"http:\/\/info.sadowne.pl\/wp-content\/uploads\/2024\/10\/sad1115.jpg\"><img loading=\"lazy\" decoding=\"async\" class=\"aligncenter size-full wp-image-29464\" src=\"http:\/\/info.sadowne.pl\/wp-content\/uploads\/2024\/10\/sad1115.jpg\" alt=\"\" width=\"603\" height=\"349\" srcset=\"https:\/\/info.sadowne.pl\/wp-content\/uploads\/2024\/10\/sad1115.jpg 603w, https:\/\/info.sadowne.pl\/wp-content\/uploads\/2024\/10\/sad1115-300x174.jpg 300w\" sizes=\"auto, (max-width: 603px) 100vw, 603px\" \/><\/a><\/p>\n<p><a href=\"http:\/\/info.sadowne.pl\/wp-content\/uploads\/2024\/10\/sad1116.jpg\"><img loading=\"lazy\" decoding=\"async\" class=\"aligncenter size-full wp-image-29465\" src=\"http:\/\/info.sadowne.pl\/wp-content\/uploads\/2024\/10\/sad1116.jpg\" alt=\"\" width=\"604\" height=\"381\" srcset=\"https:\/\/info.sadowne.pl\/wp-content\/uploads\/2024\/10\/sad1116.jpg 604w, https:\/\/info.sadowne.pl\/wp-content\/uploads\/2024\/10\/sad1116-300x189.jpg 300w\" sizes=\"auto, (max-width: 604px) 100vw, 604px\" \/><\/a><\/p>\n<p>Na zako\u0144czenie by\u0142y liczne podzi\u0119kowania dla rodzic\u00f3w uczni\u00f3w, nauczycieli i dyrekcji szko\u0142y za ogromny wk\u0142ad pracy w\u0142o\u017conej w przygotowanie tego kiermaszu. Stra\u017cakom za udost\u0119pnienie lokalu, by takie wydarzenie mog\u0142o si\u0119 odby\u0107.<\/p>\n<p style=\"text-align: center;\"><strong>Bo czas Bo\u017cego Narodzenia <\/strong><\/p>\n<p style=\"text-align: center;\">jest okazj\u0105 do dzielenia si\u0119 z innymi dobrem.<\/p>\n<p style=\"text-align: center;\">A ta szko\u0142a otrzyma\u0142a to dobro od wszystkich,<\/p>\n<p style=\"text-align: center;\">kt\u00f3rzy tego dnia przybyli na kiermasz i do\u0142o\u017cyli sw\u0105 cegie\u0142k\u0119 dla jej wsparcia.<\/p>\n<p style=\"text-align: center;\">\u00a0<strong>Zesp\u00f3\u0142 \u00a0\u015apiewaczy Sadowianki<\/strong><\/p>\n<p style=\"text-align: center;\">otrzyma\u0142 w podzi\u0119kowaniu gromkie brawa i ciep\u0142e s\u0142owa<\/p>\n<p style=\"text-align: center;\">z nadziej\u0105 na kontynuowanie wsp\u00f3\u0142pracy.<\/p>\n<p style=\"text-align: center;\">\u00a0Dzi\u0119kujemy.<\/p>\n<p style=\"text-align: center;\">Mamy nadziej\u0119, na spotkanie podczas kolejnych edycji kiermaszu.<\/p>\n<p><a href=\"http:\/\/info.sadowne.pl\/wp-content\/uploads\/2024\/10\/sad1117.jpg\"><img loading=\"lazy\" decoding=\"async\" class=\"aligncenter size-full wp-image-29466\" src=\"http:\/\/info.sadowne.pl\/wp-content\/uploads\/2024\/10\/sad1117.jpg\" alt=\"\" width=\"599\" height=\"694\" srcset=\"https:\/\/info.sadowne.pl\/wp-content\/uploads\/2024\/10\/sad1117.jpg 599w, https:\/\/info.sadowne.pl\/wp-content\/uploads\/2024\/10\/sad1117-259x300.jpg 259w\" sizes=\"auto, (max-width: 599px) 100vw, 599px\" \/><\/a><\/p>\n<p style=\"text-align: center;\"><strong>Basia Wr\u00f3bel, Krysia Wetoszka i Piotr Olkowski <\/strong><strong>w remizie OSP w Toporze<\/strong><\/p>\n<p><strong> <a href=\"http:\/\/info.sadowne.pl\/wp-content\/uploads\/2024\/10\/sad1118.jpg\"><img loading=\"lazy\" decoding=\"async\" class=\"aligncenter size-full wp-image-29467\" src=\"http:\/\/info.sadowne.pl\/wp-content\/uploads\/2024\/10\/sad1118.jpg\" alt=\"\" width=\"191\" height=\"189\" \/><\/a><\/strong><\/p>\n<h3 style=\"text-align: center;\"><strong>SADOWNE<\/strong><\/h3>\n<h3 style=\"text-align: center;\"><strong>16 listopada 2022 roku<\/strong><\/h3>\n<h4 style=\"text-align: center;\"><strong>Tego jesiennego dnia po\u017cegnali\u015bmy na mszy pogrzebowej nasz\u0105 kolejn\u0105 kole\u017cank\u0119 <\/strong><\/h4>\n<h4 style=\"text-align: center;\"><strong>z Zespo\u0142u \u015apiewaczego Sadowianki, <\/strong><\/h4>\n<h4 style=\"text-align: center;\"><strong>kt\u00f3ra\u00a0 <\/strong><\/h4>\n<h4 style=\"text-align: center;\"><strong>10 listopada odesz\u0142a od nas na wieczno\u015b\u0107. <\/strong><\/h4>\n<h2 style=\"text-align: center;\"><span style=\"color: #ff0000;\"><em><strong>Alicja Bahniuk<\/strong><\/em><\/span><\/h2>\n<p><a href=\"http:\/\/info.sadowne.pl\/wp-content\/uploads\/2024\/10\/sad1108.jpg\"><img loading=\"lazy\" decoding=\"async\" class=\"alignleft size-full wp-image-29454\" src=\"http:\/\/info.sadowne.pl\/wp-content\/uploads\/2024\/10\/sad1108.jpg\" alt=\"\" width=\"168\" height=\"168\" \/><\/a> <a href=\"http:\/\/info.sadowne.pl\/wp-content\/uploads\/2024\/10\/sad1109.jpg\"><img loading=\"lazy\" decoding=\"async\" class=\"alignright size-full wp-image-29455\" src=\"http:\/\/info.sadowne.pl\/wp-content\/uploads\/2024\/10\/sad1109.jpg\" alt=\"\" width=\"169\" height=\"180\" \/><\/a><\/p>\n<p>&nbsp;<\/p>\n<p><strong>Alicja<\/strong> \u2013 zawsze u\u015bmiechni\u0119ta, \u017cyczliwa ludziom, z ogromn\u0105 gracj\u0105 na scenie.<\/p>\n<p><a href=\"http:\/\/info.sadowne.pl\/wp-content\/uploads\/2024\/10\/sad1110.jpg\"><img loading=\"lazy\" decoding=\"async\" class=\"aligncenter size-full wp-image-29457\" src=\"http:\/\/info.sadowne.pl\/wp-content\/uploads\/2024\/10\/sad1110.jpg\" alt=\"\" width=\"541\" height=\"493\" srcset=\"https:\/\/info.sadowne.pl\/wp-content\/uploads\/2024\/10\/sad1110.jpg 541w, https:\/\/info.sadowne.pl\/wp-content\/uploads\/2024\/10\/sad1110-300x273.jpg 300w\" sizes=\"auto, (max-width: 541px) 100vw, 541px\" \/><\/a><\/p>\n<p>Pi\u0119kne s\u0142owa naszej szefowej zespo\u0142u <strong>Krysi Wetoszka<\/strong> o Alicji:<\/p>\n<p style=\"text-align: center;\"><strong>,,Ala, to jedna z naszych Kole\u017canek <\/strong><\/p>\n<p style=\"text-align: center;\"><em><strong>z Zespo\u0142u \u015bpiewaczego Sadowianki.<\/strong><\/em><\/p>\n<p style=\"text-align: center;\"><em><strong>\u015apiewa\u0142a z nami przez wiele lat.<\/strong><\/em><\/p>\n<p style=\"text-align: center;\"><em><strong>Kto\u015b nazwa\u0142 J\u0105 Sadowie\u0144sk\u0105 ORDONK\u0104. <\/strong><\/em><\/p>\n<p style=\"text-align: center;\"><em><strong>W naszej pami\u0119ci pozostan\u0105 piosenki wykonywane<\/strong><\/em><\/p>\n<p style=\"text-align: center;\"><em><strong>tylko przez Ni\u0105. <\/strong><\/em><\/p>\n<p style=\"text-align: center;\"><em><strong>Ostatnimi czasy choroba nie pozwoli\u0142a Jej na wsp\u00f3lne wyst\u0119py. <\/strong><\/em><\/p>\n<p style=\"text-align: center;\"><em><strong>Zawsze lubi\u0142a \u015bpiew, a teraz z pewno\u015bci\u0105 \u015bpiewa ale ju\u017c <\/strong><\/em><\/p>\n<p style=\"text-align: center;\"><em><strong>nie z nami.\u201d<\/strong><\/em><\/p>\n<p><strong> <a href=\"http:\/\/info.sadowne.pl\/wp-content\/uploads\/2024\/10\/sad1111.jpg\"><img loading=\"lazy\" decoding=\"async\" class=\"aligncenter size-full wp-image-29458\" src=\"http:\/\/info.sadowne.pl\/wp-content\/uploads\/2024\/10\/sad1111.jpg\" alt=\"\" width=\"420\" height=\"254\" srcset=\"https:\/\/info.sadowne.pl\/wp-content\/uploads\/2024\/10\/sad1111.jpg 420w, https:\/\/info.sadowne.pl\/wp-content\/uploads\/2024\/10\/sad1111-300x181.jpg 300w\" sizes=\"auto, (max-width: 420px) 100vw, 420px\" \/><\/a><\/strong><\/p>\n<p style=\"text-align: center;\">Alu dedykujemy Ci pi\u0119kne s\u0142owa piosenki, kt\u00f3r\u0105 bardzo lubi\u0142a\u015b \u015bpiewa\u0107:<\/p>\n<p style=\"text-align: center;\"><span style=\"color: #ff0000;\"><em><strong>,,<\/strong><strong>Kwiaty kocham i ciebie\u201d<\/strong><\/em><strong>\u00a0<\/strong><\/span><\/p>\n<p style=\"text-align: center;\">A to ostatnia zwrotka<\/p>\n<p style=\"text-align: center;\">dopisana przez nas dla Ciebie Alu na po\u017cegnanie<\/p>\n<p style=\"text-align: center;\"><span style=\"color: #ff0000;\"><em><strong>,,Jeszcze na Ciebie patrz<\/strong><strong>\u0119<\/strong><strong>, zaraz we<\/strong><strong>\u017a<\/strong><strong>mie Ci<\/strong><strong>\u0119<\/strong><strong> B\u00f3g.<\/strong><\/em><\/span><\/p>\n<p style=\"text-align: center;\"><span style=\"color: #ff0000;\"><em><strong>B<\/strong><strong>\u0119<\/strong><strong>dziesz odt<\/strong><strong>\u0105<\/strong><strong>d <\/strong><strong>\u015b<\/strong><strong>piewa<\/strong><strong>\u0142<\/strong><strong>a u Jego <\/strong><strong>\u015b<\/strong><strong>wi<\/strong><strong>\u0119<\/strong><strong>tych st\u00f3p.\u201d<\/strong><\/em><\/span><\/p>\n<p style=\"text-align: center;\"><strong>\u00a0<\/strong><strong>Spoczywaj w pokoju.<\/strong><\/p>\n<p><strong> <a href=\"http:\/\/info.sadowne.pl\/wp-content\/uploads\/2024\/10\/sad1126.jpg\"><img loading=\"lazy\" decoding=\"async\" class=\"aligncenter size-full wp-image-29459\" src=\"http:\/\/info.sadowne.pl\/wp-content\/uploads\/2024\/10\/sad1126.jpg\" alt=\"\" width=\"216\" height=\"123\" \/><\/a><\/strong><\/p>\n<h3 style=\"text-align: center;\"><strong>SADOWNE<\/strong><\/h3>\n<h3 style=\"text-align: center;\"><strong>18 grudnia 2022<\/strong><\/h3>\n<h3 style=\"text-align: center;\"><em><span style=\"color: #008080;\"><strong>Wieczerza wigilijna<\/strong><\/span><\/em><\/h3>\n<p>W niedzielne popo\u0142udnie, w sali OSP Sadowne na <em><span style=\"color: #3366ff;\"><strong>Wieczerzy Wigilijnej <\/strong><\/span><\/em>zebrali si\u0119 mieszka\u0144cy gminy Sadowne, kt\u00f3rzy podj\u0119li zaproszenie W\u00f3jta Gminy Sadowne i Samorz\u0105du Wojew\u00f3dztwa Mazowieckiego.<\/p>\n<p>Przyby\u0142ych powita\u0142a prowadz\u0105ca spotkanie <strong>p. Ewa Pi\u00f3rkowska<\/strong> \u2013 Dyrektor Gminnego O\u015brodka w Sadownem oraz jego wsp\u00f3\u0142organizatorzy: <strong>p.<\/strong> <strong>El\u017cbieta Lanc<\/strong> \u2013 cz\u0142onek Zarz\u0105du Wojew\u00f3dztwa Mazowieckiego i <strong>p. Waldemar Cyra<\/strong>n \u2013 W\u00f3jt Gminy Sadowne.<\/p>\n<p>Wieczerza Wigilijna mia\u0142a te\u017c dodatkowy cel \u2013 rozstrzygni\u0119cie og\u0142oszonego wcze\u015bniej przez Gminny O\u015brodek Kultury w Sadownem konkursu dla K\u00f3\u0142 Gospody\u0144 Wiejskich z gminy Sadowne pn. <strong>\u201eNajlepsza potrawa wigilijna oraz <\/strong><strong>aran\u017cacja sto\u0142u wigilijnego 2022 gminy Sadowne<\/strong>\u201d.<\/p>\n<p>Do oceny pracy cz\u0142onki\u0144 K\u00f3\u0142 Gospody\u0144 niezw\u0142ocznie przyst\u0105pi\u0142a Komisja Konkursowa w sk\u0142adzie: <strong>p.<\/strong> <strong>Ewa Pi\u00f3rkowska, ks. Antoni Kunicki, p. Marcin Gr\u0119da i p. Tomasz Szymanik.<\/strong><\/p>\n<p><a href=\"http:\/\/info.sadowne.pl\/wp-content\/uploads\/2024\/10\/sad1119.jpg\"><img loading=\"lazy\" decoding=\"async\" class=\"aligncenter size-full wp-image-29468\" src=\"http:\/\/info.sadowne.pl\/wp-content\/uploads\/2024\/10\/sad1119.jpg\" alt=\"\" width=\"603\" height=\"253\" srcset=\"https:\/\/info.sadowne.pl\/wp-content\/uploads\/2024\/10\/sad1119.jpg 603w, https:\/\/info.sadowne.pl\/wp-content\/uploads\/2024\/10\/sad1119-300x126.jpg 300w\" sizes=\"auto, (max-width: 603px) 100vw, 603px\" \/><\/a><\/p>\n<p>W specjalnym repertuarze \u015bwi\u0105tecznym na scenie zaprezentowa\u0142 si\u0119 nasz <strong>Zesp\u00f3\u0142 \u015apiewaczy \u201eSadowianki\u201d oraz\u2026 anio\u0142ki. <\/strong>Wyst\u0119p zosta\u0142 nagrodzony gromkimi brawami, publiczno\u015b\u0107 poprosi\u0142a o bis.<\/p>\n<p><a href=\"http:\/\/info.sadowne.pl\/wp-content\/uploads\/2024\/10\/sad1120.jpg\"><img loading=\"lazy\" decoding=\"async\" class=\"aligncenter size-full wp-image-29469\" src=\"http:\/\/info.sadowne.pl\/wp-content\/uploads\/2024\/10\/sad1120.jpg\" alt=\"\" width=\"604\" height=\"377\" srcset=\"https:\/\/info.sadowne.pl\/wp-content\/uploads\/2024\/10\/sad1120.jpg 604w, https:\/\/info.sadowne.pl\/wp-content\/uploads\/2024\/10\/sad1120-300x187.jpg 300w\" sizes=\"auto, (max-width: 604px) 100vw, 604px\" \/><\/a><\/p>\n<p style=\"text-align: center;\">Andrzej Olton &#8211; akompaniament, Zbyszek Danaj, Krysia Wetoszka, Basia Wr\u00f3bel, Bogusia Danaj, Ela D\u0119bkowska, Basia Decyk, Tereska Piwek<\/p>\n<p><a href=\"http:\/\/info.sadowne.pl\/wp-content\/uploads\/2024\/10\/sad1121.jpg\"><img loading=\"lazy\" decoding=\"async\" class=\"aligncenter size-full wp-image-29470\" src=\"http:\/\/info.sadowne.pl\/wp-content\/uploads\/2024\/10\/sad1121.jpg\" alt=\"\" width=\"604\" height=\"296\" srcset=\"https:\/\/info.sadowne.pl\/wp-content\/uploads\/2024\/10\/sad1121.jpg 604w, https:\/\/info.sadowne.pl\/wp-content\/uploads\/2024\/10\/sad1121-300x147.jpg 300w\" sizes=\"auto, (max-width: 604px) 100vw, 604px\" \/><\/a><\/p>\n<p style=\"text-align: center;\">Piotr Okowski, Ola Lisiecka, anio\u0142ki i Sadowianki<\/p>\n<p><a href=\"http:\/\/info.sadowne.pl\/wp-content\/uploads\/2024\/10\/sad1122.jpg\"><img loading=\"lazy\" decoding=\"async\" class=\"aligncenter size-full wp-image-29471\" src=\"http:\/\/info.sadowne.pl\/wp-content\/uploads\/2024\/10\/sad1122.jpg\" alt=\"\" width=\"604\" height=\"406\" srcset=\"https:\/\/info.sadowne.pl\/wp-content\/uploads\/2024\/10\/sad1122.jpg 604w, https:\/\/info.sadowne.pl\/wp-content\/uploads\/2024\/10\/sad1122-300x202.jpg 300w\" sizes=\"auto, (max-width: 604px) 100vw, 604px\" \/><\/a><\/p>\n<p style=\"text-align: center;\">Zbyszek Danaj<\/p>\n<p><a href=\"http:\/\/info.sadowne.pl\/wp-content\/uploads\/2024\/10\/sad1123.jpg\"><img loading=\"lazy\" decoding=\"async\" class=\"aligncenter size-full wp-image-29472\" src=\"http:\/\/info.sadowne.pl\/wp-content\/uploads\/2024\/10\/sad1123.jpg\" alt=\"\" width=\"603\" height=\"356\" srcset=\"https:\/\/info.sadowne.pl\/wp-content\/uploads\/2024\/10\/sad1123.jpg 603w, https:\/\/info.sadowne.pl\/wp-content\/uploads\/2024\/10\/sad1123-300x177.jpg 300w\" sizes=\"auto, (max-width: 603px) 100vw, 603px\" \/><\/a><\/p>\n<p style=\"text-align: center;\">Po wyst\u0119pie naszego zespo\u0142u list z \u017cyczeniami dla mieszka\u0144c\u00f3w gminy Sadowne w imieniu Marsza\u0142ka Wojew\u00f3dztwa Mazowieckiego odczyta\u0142 Jego pe\u0142nomocnik <strong>p. Mariusz Rukat<\/strong><\/p>\n<p><a href=\"http:\/\/info.sadowne.pl\/wp-content\/uploads\/2024\/10\/sad1124.jpg\"><img loading=\"lazy\" decoding=\"async\" class=\"aligncenter size-full wp-image-29473\" src=\"http:\/\/info.sadowne.pl\/wp-content\/uploads\/2024\/10\/sad1124.jpg\" alt=\"\" width=\"606\" height=\"364\" srcset=\"https:\/\/info.sadowne.pl\/wp-content\/uploads\/2024\/10\/sad1124.jpg 606w, https:\/\/info.sadowne.pl\/wp-content\/uploads\/2024\/10\/sad1124-300x180.jpg 300w\" sizes=\"auto, (max-width: 606px) 100vw, 606px\" \/><\/a><\/p>\n<p style=\"text-align: center;\">Na widowni<strong> p. El\u017cbieta Lanc, p. Ma\u0142gorzata Zy\u015bk, p. Waldemar Cyran<\/strong><\/p>\n<p><a href=\"http:\/\/info.sadowne.pl\/wp-content\/uploads\/2024\/10\/sad1125.jpg\"><img loading=\"lazy\" decoding=\"async\" class=\"aligncenter size-full wp-image-29474\" src=\"http:\/\/info.sadowne.pl\/wp-content\/uploads\/2024\/10\/sad1125.jpg\" alt=\"\" width=\"603\" height=\"272\" srcset=\"https:\/\/info.sadowne.pl\/wp-content\/uploads\/2024\/10\/sad1125.jpg 603w, https:\/\/info.sadowne.pl\/wp-content\/uploads\/2024\/10\/sad1125-300x135.jpg 300w\" sizes=\"auto, (max-width: 603px) 100vw, 603px\" \/><\/a><\/p>\n<p>Na spotkaniu nie zabrak\u0142o proboszcza <strong>ks. Antoniego Kunickiego<\/strong>, kt\u00f3ry z\u0142o\u017cy\u0142 wszystkim zebranym \u017cyczenia \u015bwi\u0105teczne, odm\u00f3wi\u0142 modlitw\u0119 i zainicjowa\u0142 dzielenie si\u0119 op\u0142atkiem.<\/p>\n<p>Uroczysto\u015b\u0107 \u015bwietnie przygotowana, da\u0142a pocz\u0105tek obchodom nadchodz\u0105cych \u015awi\u0105t Bo\u017cego Narodzenia.<\/p>\n<h3 style=\"text-align: center;\"><em><strong>Pi\u0119kne \u017cyczenia od Organizator\u00f3w<\/strong><\/em><\/h3>\n<h3 style=\"text-align: center;\"><span style=\"color: #ff0000;\"><em><strong>\u201eWieczerzy Wigilijnej\u201d<\/strong><\/em><\/span><\/h3>\n<p><strong>\u0179r\u00f3d\u0142o:<\/strong> SADOWIANKI, Barbara Wr\u00f3bel, Sadowne 2024<\/p>\n","protected":false},"excerpt":{"rendered":"<p>TOP\u00d3R &#8211; 11 grudnia 2022 &#8211; Jest taki dzie\u0144 bardzo ciep\u0142y,\u00a0cho\u0107 grudniowy\u2026<\/p>\n","protected":false},"author":1,"featured_media":0,"comment_status":"closed","ping_status":"closed","sticky":false,"template":"","format":"standard","meta":{"footnotes":""},"categories":[5,31,1202],"tags":[1218,101,960],"class_list":["post-29453","post","type-post","status-publish","format-standard","hentry","category-newsy","category-historia-gminy","category-zespol-spiewaczy-sadowianki","tag-barbara-wrobel","tag-historia-gminy-sadowne","tag-zespol-spiewaczy-sadowianki"],"views":1465,"_links":{"self":[{"href":"https:\/\/info.sadowne.pl\/index.php?rest_route=\/wp\/v2\/posts\/29453","targetHints":{"allow":["GET"]}}],"collection":[{"href":"https:\/\/info.sadowne.pl\/index.php?rest_route=\/wp\/v2\/posts"}],"about":[{"href":"https:\/\/info.sadowne.pl\/index.php?rest_route=\/wp\/v2\/types\/post"}],"author":[{"embeddable":true,"href":"https:\/\/info.sadowne.pl\/index.php?rest_route=\/wp\/v2\/users\/1"}],"replies":[{"embeddable":true,"href":"https:\/\/info.sadowne.pl\/index.php?rest_route=%2Fwp%2Fv2%2Fcomments&post=29453"}],"version-history":[{"count":3,"href":"https:\/\/info.sadowne.pl\/index.php?rest_route=\/wp\/v2\/posts\/29453\/revisions"}],"predecessor-version":[{"id":29475,"href":"https:\/\/info.sadowne.pl\/index.php?rest_route=\/wp\/v2\/posts\/29453\/revisions\/29475"}],"wp:attachment":[{"href":"https:\/\/info.sadowne.pl\/index.php?rest_route=%2Fwp%2Fv2%2Fmedia&parent=29453"}],"wp:term":[{"taxonomy":"category","embeddable":true,"href":"https:\/\/info.sadowne.pl\/index.php?rest_route=%2Fwp%2Fv2%2Fcategories&post=29453"},{"taxonomy":"post_tag","embeddable":true,"href":"https:\/\/info.sadowne.pl\/index.php?rest_route=%2Fwp%2Fv2%2Ftags&post=29453"}],"curies":[{"name":"wp","href":"https:\/\/api.w.org\/{rel}","templated":true}]}}