{"id":29476,"date":"2024-10-07T13:22:36","date_gmt":"2024-10-07T11:22:36","guid":{"rendered":"http:\/\/info.sadowne.pl\/?p=29476"},"modified":"2024-10-07T13:22:36","modified_gmt":"2024-10-07T11:22:36","slug":"kronika-strazacka-30-09-06-10-2024","status":"publish","type":"post","link":"https:\/\/info.sadowne.pl\/?p=29476","title":{"rendered":"Kronika stra\u017cacka 30.09 \u2013 06.10.2024"},"content":{"rendered":"<p><strong><a href=\"http:\/\/info.sadowne.pl\/wp-content\/uploads\/2023\/06\/straz3-scaled.jpg\"><img loading=\"lazy\" decoding=\"async\" class=\"alignleft size-thumbnail wp-image-27687\" src=\"http:\/\/info.sadowne.pl\/wp-content\/uploads\/2023\/06\/straz3-180x130.jpg\" alt=\"\" width=\"180\" height=\"130\" \/><\/a>W<\/strong><strong> okresie<\/strong><strong> od<\/strong><strong> 30.09 do 06.10.2024 na<\/strong><strong> terenie<\/strong><strong> powiatu<\/strong><strong> w\u0119growskiego<\/strong><strong> zanotowano:<\/strong><strong> 15 zdarze\u0144,<\/strong><strong> przy<\/strong><strong> kt\u00f3rych<\/strong><strong> interweniowa\u0142y<\/strong><strong> jednostki<\/strong><strong> ochrony<\/strong><strong> przeciwpo\u017carowej, w tym:<\/strong><strong> 5 po\u017car\u00f3w, 8 miejscowych zagro\u017ce\u0144 i 2 alarmy fa\u0142szywe.<\/strong><!--more--><\/p>\n<p><strong>30.09.2024 \u2013 \u015anice, gm. Liw \u2013 <\/strong><strong>zdarzenie drogowe z udzia\u0142em samochod\u00f3w osobowych<\/strong><strong>.<\/strong><strong>\u00a0<\/strong><\/p>\n<p>Po przybyciu na miejsce zdarzenia zast\u0119p\u00f3w JR PSP W\u0119gr\u00f3w i OSP Wyszk\u00f3w, stra\u017cacy stwierdzili, \u017ce na drodze wojew\u00f3dzkiej 696 (skrzy\u017cowanie Wyszk\u00f3w &#8211; Soko\u0142\u00f3w Podl.) dosz\u0142o do zdarzenia drogowego z udzia\u0142em 2 samochod\u00f3w osobowych (sta\u0142y na drodze, kt\u00f3ra by\u0142a cz\u0119\u015bciowo przejezdna). Na miejscu ju\u017c by\u0142 ZRM, kt\u00f3ry zajmowa\u0142 si\u0119 osob\u0105 poszkodowan\u0105. Dzia\u0142ania stra\u017cak\u00f3w polega\u0142y na zabezpieczeniu i oznaczeniu miejsca zdarzenia, od\u0142\u0105czeniu klem akumulator\u00f3w, pomocy Policji w zabezpieczeniu ruchu drogowego. Na pro\u015bb\u0119 Policji, zast\u0119p OSP Wyszk\u00f3w pozosta\u0142 na miejscu w celu pomocy w zabezpieczeniu miejsca zdarzenia podczas dzia\u0142a\u0144 dochodzeniowych. Po ich zako\u0144czeniu zast\u0119p OSP powr\u00f3ci\u0142 do bazy.<\/p>\n<p>W DZIA\u0141ANIACH RATOWNICZYCH UDZIA\u0141 BRA\u0141O: 2 zast\u0119py, 9 ratownik\u00f3w.<strong>\u00a0<\/strong><\/p>\n<p><strong>01.10.2024 \u2013 Chojeczno Sybilaki, gm. Gr\u0119bk\u00f3w \u2013 po\u017car w kot\u0142owni.<\/strong><\/p>\n<p>Po przybyciu na miejsce pierwszego zast\u0119pu, stra\u017cacy stwierdzili, \u017ce zapali\u0142o si\u0119 drewno sk\u0142adowane w kot\u0142owni przy piecu, pomieszczenie zadymione. Przed przybyciem stra\u017cy mieszka\u0144cy domu sami skutecznie prowadzili dzia\u0142ania ga\u015bnicze przy pomocy w\u0119\u017ca ogrodowego. Ratownicy weszli do mieszkania w aparatach ODO, dogaszaj\u0105c ostatnie zarzewia ognia w pomieszczeniu kot\u0142owni, co doprowadzi\u0142o do lokalizacji po\u017caru oraz jego ugaszenia. Dalsze dzia\u0142ania polega\u0142y na przewietrzeniu pomieszczenia kot\u0142owni, wyrzuceniu nadpalonego drewna z kot\u0142owni na zewn\u0105trz oraz jego przelaniu.<\/p>\n<p>W DZIA\u0141ANIACH RATOWNICZYCH UDZIA\u0141 BRA\u0141O: 2 zast\u0119py JRG PSP W\u0119gr\u00f3w i OSP Ga\u0142ki, 10 ratownik\u00f3w.<\/p>\n<p><strong>03.10.2024 \u2013 Orze\u0142ek, gm. Sadowne \u2013 po\u017car letniej kuchni.<\/strong><\/p>\n<p>Po\u017car budynku gospodarczego, drewnianego, krytego blach\u0105. Pali\u0142a si\u0119 jedna ze \u015bcian. Dzia\u0142ania zast\u0119p\u00f3w OSP polega\u0142y na zabezpieczeniu miejsca zdarzenia oraz podaniu jednego pr\u0105du wody w natarciu na pal\u0105cy si\u0119 budynek gospodarczy, prowadzone dzia\u0142ania doprowadzi\u0142y do lokalizacji po\u017caru. Nast\u0119pnie przyst\u0105piono do prac rozbi\u00f3rkowych z jednoczesnym wynoszeniem zalegaj\u0105cego drewna i przelewaniu tl\u0105cych si\u0119 element\u00f3w. Prowadzone dzia\u0142ania doprowadzi\u0142y do likwidacji po\u017caru.<\/p>\n<p>W DZIA\u0141ANIACH RATOWNICZYCH UDZIA\u0141 BRA\u0141O: 2 zast\u0119py, 12 ratownik\u00f3w.<strong>\u00a0<\/strong><\/p>\n<p><strong>04.10.2024 \u2013 \u0141och\u00f3w, ul. Al. W\u0119growska \u2013 <\/strong><strong>zdarzenie drogowe z udzia\u0142em samochod\u00f3w osobowych<\/strong><strong>.<\/strong><\/p>\n<p>Po przybyciu na miejsce zdarzenia zast\u0119pu OSP \u0141och\u00f3w, stra\u017cacy stwierdzili, \u017ce na DK-62 (na wiadukcie nad lini\u0105 kolejow\u0105) dosz\u0142o do zdarzenia drogowego z udzia\u0142em 2 samochod\u00f3w osobowych. Nie by\u0142o os\u00f3b uwi\u0119zionych. Na miejscu by\u0142a Policja i dwa ZRM, kt\u00f3re zajmowa\u0142y si\u0119 dzia\u0142aniami medycznymi. Dzia\u0142ania zast\u0119pu OSP, polega\u0142y na zabezpieczeniu miejsca zdarzenia, od\u0142\u0105czeniu akumulator\u00f3w w pojazdach oraz pomocy Policji w zabezpieczeniu ruchu drogowego.<\/p>\n<p>W DZIA\u0141ANIACH RATOWNICZYCH UDZIA\u0141 BRA\u0141O: 2 zast\u0119py, 10 ratownik\u00f3w.<\/p>\n<p><strong>KP PSP W\u0119gr\u00f3w<\/strong><\/p>\n","protected":false},"excerpt":{"rendered":"<p>W okresie od 30.09 do 06.10.2024 na terenie powiatu w\u0119growskiego zanotowano: 15 zdarze\u0144, przy kt\u00f3rych interweniowa\u0142y jednostki ochrony przeciwpo\u017carowej, w tym: 5 po\u017car\u00f3w, 8 miejscowych zagro\u017ce\u0144 i 2 alarmy fa\u0142szywe.<\/p>\n","protected":false},"author":1,"featured_media":0,"comment_status":"closed","ping_status":"closed","sticky":false,"template":"","format":"standard","meta":{"footnotes":""},"categories":[5,4,267],"tags":[491,643],"class_list":["post-29476","post","type-post","status-publish","format-standard","hentry","category-newsy","category-policja-straz-pozarna-pogotowie-ratunkowe","category-straz-pozarna-policja-straz-pozarna-pogotowie-ratunkowe","tag-komenda-powiatowa-panstwowej-strazy-pozarnej-w-wegrowie","tag-kronika-strazacka"],"views":1374,"_links":{"self":[{"href":"https:\/\/info.sadowne.pl\/index.php?rest_route=\/wp\/v2\/posts\/29476","targetHints":{"allow":["GET"]}}],"collection":[{"href":"https:\/\/info.sadowne.pl\/index.php?rest_route=\/wp\/v2\/posts"}],"about":[{"href":"https:\/\/info.sadowne.pl\/index.php?rest_route=\/wp\/v2\/types\/post"}],"author":[{"embeddable":true,"href":"https:\/\/info.sadowne.pl\/index.php?rest_route=\/wp\/v2\/users\/1"}],"replies":[{"embeddable":true,"href":"https:\/\/info.sadowne.pl\/index.php?rest_route=%2Fwp%2Fv2%2Fcomments&post=29476"}],"version-history":[{"count":1,"href":"https:\/\/info.sadowne.pl\/index.php?rest_route=\/wp\/v2\/posts\/29476\/revisions"}],"predecessor-version":[{"id":29477,"href":"https:\/\/info.sadowne.pl\/index.php?rest_route=\/wp\/v2\/posts\/29476\/revisions\/29477"}],"wp:attachment":[{"href":"https:\/\/info.sadowne.pl\/index.php?rest_route=%2Fwp%2Fv2%2Fmedia&parent=29476"}],"wp:term":[{"taxonomy":"category","embeddable":true,"href":"https:\/\/info.sadowne.pl\/index.php?rest_route=%2Fwp%2Fv2%2Fcategories&post=29476"},{"taxonomy":"post_tag","embeddable":true,"href":"https:\/\/info.sadowne.pl\/index.php?rest_route=%2Fwp%2Fv2%2Ftags&post=29476"}],"curies":[{"name":"wp","href":"https:\/\/api.w.org\/{rel}","templated":true}]}}