{"id":29494,"date":"2024-10-14T16:56:21","date_gmt":"2024-10-14T14:56:21","guid":{"rendered":"http:\/\/info.sadowne.pl\/?p=29494"},"modified":"2024-10-14T16:56:21","modified_gmt":"2024-10-14T14:56:21","slug":"kronika-strazacka-07-13-10-2024","status":"publish","type":"post","link":"https:\/\/info.sadowne.pl\/?p=29494","title":{"rendered":"Kronika stra\u017cacka 07 \u2013 13.10.2024"},"content":{"rendered":"<p><strong><a href=\"http:\/\/info.sadowne.pl\/wp-content\/uploads\/2023\/06\/straz3-scaled.jpg\"><img loading=\"lazy\" decoding=\"async\" class=\"alignleft size-thumbnail wp-image-27687\" src=\"http:\/\/info.sadowne.pl\/wp-content\/uploads\/2023\/06\/straz3-180x130.jpg\" alt=\"\" width=\"180\" height=\"130\" \/><\/a>W okresie od 07 &#8211; 13.10.2024 na terenie powiatu w\u0119growskiego odnotowano: 15 zdarze\u0144, przy kt\u00f3rych interweniowa\u0142y jednostki ochrony przeciwpo\u017carowej, w tym: 5 po\u017car\u00f3w, 5 miejscowych zagro\u017ce\u0144, 5 alarm\u00f3w fa\u0142szywych.<\/strong><!--more--><\/p>\n<p><strong>07.10.2024 \u2013 Ostr\u00f3wek, gm. \u0141och\u00f3w \u2013 budynek mieszkalny jednorodzinny, po\u017car.<\/strong><\/p>\n<p>W chwili przybycia na miejsce zdarzenia zast\u0119p\u00f3w stra\u017cy po\u017carnej po\u017carem obj\u0119te by\u0142y 2 pomieszczenia na 1. pi\u0119trze budynku mieszkalnego. Po\u017car bardzo szybko si\u0119 rozprzestrzenia\u0142 z powodu materia\u0142u wyko\u0144czenia budynku (boazeria drewniana). Po\u017car obejmowa\u0142 r\u00f3wnie\u017c elewacj\u0119 budynku, poniewa\u017c okno oraz drzwi balkonowe pokoju, uleg\u0142y przepaleniu. Dzia\u0142ania zast\u0119p\u00f3w polega\u0142y na wej\u015bciu jednej roty do wewn\u0105trz budynku i podaniu jednego pr\u0105du wody w natarciu oraz podaniu drugiego pr\u0105du wody z zewn\u0105trz przez okno balkonowe. Dzia\u0142ania te doprowadzi\u0142y do lokalizacji po\u017caru. Dalsze dzia\u0142ania polega\u0142y na oddymieniu budynku agregatem oddymiaj\u0105cym oraz poprzez otwarcie okien. Po sprawdzeniu budynku oraz oddymieniu, wszystkie pomieszczenia sprawdzono przy pomocy kamery termowizyjnej oraz czujnika wielogazowego. Urz\u0105dzenia nie wykaza\u0142y zagro\u017cenia. Miejsce zdarzenia zosta\u0142o przekazane pisemnie protoko\u0142em w\u0142a\u015bcicielowi.<\/p>\n<p>W DZIA\u0141ANIACH RATOWNICZYCH UDZIA\u0141 BRA\u0141O: 5 zast\u0119p\u00f3w, 22 ratownik\u00f3w.<\/p>\n<p><strong>08.10.2024 \u2013 Podsusze, gm. Gr\u0119bk\u00f3w \u2013 dachowanie pojazdu osobowego.<\/strong><\/p>\n<p>Po doje\u017adzie na miejsce zdarzenia stra\u017cacy stwierdzili, \u017ce samoch\u00f3d osobowy Ford Focus znajduje si\u0119 na polu poza jezdnia, osoba poszkodowana czyli kierowca forda znajduje si\u0119 poza samochodem, wydosta\u0142a si\u0119 o w\u0142asnych si\u0142ach. Brak innych poszkodowanych. Dzia\u0142ania zast\u0119p\u00f3w polega\u0142y na zabezpieczeniu miejsca zdarzenia i udzieleniu osobie poszkodowanej KPP. Zabezpieczono miejsce zdarzenia i pojazd. Po przybyciu ZRM przekazano osob\u0119 poszkodowan\u0105 ratownikom medycznym, kt\u00f3rzy przewie\u017ali j\u0105 do szpitala.<\/p>\n<p>W DZIA\u0141ANIACH RATOWNICZYCH UDZIA\u0141 BRA\u0141O: 4 zast\u0119py, 15 ratownik\u00f3w.<\/p>\n<p><strong>11.10.2024 \u2013 Czerwonka, gm. Wierzbno \u2013 samoch\u00f3d uderzy\u0142 w drzewo (po\u017car).<\/strong><\/p>\n<p>Po doje\u017adzie na miejsce zdarzenia stra\u017cacy stwierdzili, \u017ce samoch\u00f3d osobowy na drodze gruntowej si\u0119 pali, kierowca wyszed\u0142 z pojazdu o w\u0142asnych si\u0142ach, jedna osoba poszkodowana. Policja oraz ZRM na miejscu. Dzia\u0142ania zast\u0119p\u00f3w polega\u0142y na zabezpieczeniu miejscu zdarzenia, podaniu jednego pr\u0105du w natarciu na \u017ar\u00f3d\u0142o po\u017caru, co doprowadzi\u0142o do lokalizacji oraz ugaszenia po\u017caru samochodu, pomocy ZRM z poszkodowanym, od\u0142\u0105czeniu klem akumulatora. ZRM zabra\u0142 poszkodowanego do szpitala.<\/p>\n<p>W DZIA\u0141ANIACH RATOWNICZYCH UDZIA\u0141 BRA\u0141O: 3 zast\u0119py, 16 ratownik\u00f3w.<\/p>\n<p><strong>KP PSP W\u0119gr\u00f3w<\/strong><\/p>\n","protected":false},"excerpt":{"rendered":"<p>W okresie od 07 &#8211; 13.10.2024 na terenie powiatu w\u0119growskiego odnotowano: 15 zdarze\u0144, przy kt\u00f3rych interweniowa\u0142y jednostki ochrony przeciwpo\u017carowej, w tym: 5 po\u017car\u00f3w, 5 miejscowych zagro\u017ce\u0144, 5 alarm\u00f3w fa\u0142szywych.<\/p>\n","protected":false},"author":1,"featured_media":0,"comment_status":"closed","ping_status":"closed","sticky":false,"template":"","format":"standard","meta":{"footnotes":""},"categories":[5,4,267],"tags":[491,643],"class_list":["post-29494","post","type-post","status-publish","format-standard","hentry","category-newsy","category-policja-straz-pozarna-pogotowie-ratunkowe","category-straz-pozarna-policja-straz-pozarna-pogotowie-ratunkowe","tag-komenda-powiatowa-panstwowej-strazy-pozarnej-w-wegrowie","tag-kronika-strazacka"],"views":1412,"_links":{"self":[{"href":"https:\/\/info.sadowne.pl\/index.php?rest_route=\/wp\/v2\/posts\/29494","targetHints":{"allow":["GET"]}}],"collection":[{"href":"https:\/\/info.sadowne.pl\/index.php?rest_route=\/wp\/v2\/posts"}],"about":[{"href":"https:\/\/info.sadowne.pl\/index.php?rest_route=\/wp\/v2\/types\/post"}],"author":[{"embeddable":true,"href":"https:\/\/info.sadowne.pl\/index.php?rest_route=\/wp\/v2\/users\/1"}],"replies":[{"embeddable":true,"href":"https:\/\/info.sadowne.pl\/index.php?rest_route=%2Fwp%2Fv2%2Fcomments&post=29494"}],"version-history":[{"count":1,"href":"https:\/\/info.sadowne.pl\/index.php?rest_route=\/wp\/v2\/posts\/29494\/revisions"}],"predecessor-version":[{"id":29495,"href":"https:\/\/info.sadowne.pl\/index.php?rest_route=\/wp\/v2\/posts\/29494\/revisions\/29495"}],"wp:attachment":[{"href":"https:\/\/info.sadowne.pl\/index.php?rest_route=%2Fwp%2Fv2%2Fmedia&parent=29494"}],"wp:term":[{"taxonomy":"category","embeddable":true,"href":"https:\/\/info.sadowne.pl\/index.php?rest_route=%2Fwp%2Fv2%2Fcategories&post=29494"},{"taxonomy":"post_tag","embeddable":true,"href":"https:\/\/info.sadowne.pl\/index.php?rest_route=%2Fwp%2Fv2%2Ftags&post=29494"}],"curies":[{"name":"wp","href":"https:\/\/api.w.org\/{rel}","templated":true}]}}