{"id":29497,"date":"2024-10-16T18:37:52","date_gmt":"2024-10-16T16:37:52","guid":{"rendered":"http:\/\/info.sadowne.pl\/?p=29497"},"modified":"2024-10-16T18:37:52","modified_gmt":"2024-10-16T16:37:52","slug":"powiatowy-dzien-edukacji-narodowej","status":"publish","type":"post","link":"https:\/\/info.sadowne.pl\/?p=29497","title":{"rendered":"Powiatowy Dzie\u0144 Edukacji Narodowej"},"content":{"rendered":"<p><a href=\"http:\/\/info.sadowne.pl\/wp-content\/uploads\/2024\/10\/2024.10.16.1.jpg\" target=\"_blank\" rel=\"noopener\"><img loading=\"lazy\" decoding=\"async\" class=\"alignleft wp-image-29498 size-thumbnail\" src=\"http:\/\/info.sadowne.pl\/wp-content\/uploads\/2024\/10\/2024.10.16.1-180x130.jpg\" alt=\"\" width=\"180\" height=\"130\" \/><\/a><\/p>\n<p><strong>16 pa\u017adziernika 2024 roku w sali wirydarz Centrum Dialogu Kultur w W\u0119growie odby\u0142a si\u0119 uroczysta gala z okazji Dnia Edukacji Narodowej. Organizatorem wydarzenia powiatowego by\u0142o Starostwo Powiatowe w W\u0119growie.<\/strong><!--more--><\/p>\n<p>Po powitaniu przyby\u0142ych na uroczysto\u015b\u0107, g\u0142os zabra\u0142a p. Ewa Besztak \u2013 Starosta W\u0119growski, sk\u0142adaj\u0105c \u017cyczenia obchodz\u0105cym swoje \u015bwi\u0119to pedagogom i pracownikom o\u015bwiaty, a tak\u017ce podsumowuj\u0105c osi\u0105gni\u0119cia powiatowej o\u015bwiaty w minionym roku i informuj\u0105c o planach na kolejny.<\/p>\n<p>Powiatowy Dzie\u0144 Edukacji Narodowej to czas wielkich podzi\u0119kowa\u0144, a tak\u017ce okazja do nagrodzenia najwybitniejszych pedagog\u00f3w ze szk\u00f3\u0142 i plac\u00f3wek o\u015bwiatowych, kt\u00f3rych organem prowadz\u0105cym jest Powiat W\u0119growski. Decyzj\u0105 Zarz\u0105du Powiatu W\u0119growskiego kilkunastu nauczycieli otrzyma\u0142o nagrody Starosty w uznaniu za wzorow\u0105 realizacj\u0119 zada\u0144 dydaktyczno- wychowawczych oraz uzyskiwane wyniki nauczania. Uroczysto\u015b\u0107 by\u0142a te\u017c okazj\u0105 wr\u0119czenia kilkudziesi\u0119ciu osobom nagr\u00f3d dyrektor\u00f3w poszczeg\u00f3lnych plac\u00f3wek o\u015bwiatowych.<\/p>\n<p>W trakcie spotkania, jego uczestnicy mogli te\u017c obejrze\u0107 wyst\u0119py m\u0142odych artyst\u00f3w, uczni\u00f3w w\u0119growskich szk\u00f3\u0142 (dwoje z nich za swoje osi\u0105gni\u0119cia artystyczne otrzyma\u0142o nagrod\u0119 Starosty W\u0119growskiego) &#8211; przeplata\u0142y si\u0119 z one uroczystym wr\u0119czeniem nagr\u00f3d. W\u015br\u00f3d wyr\u00f3\u017cnionych nagrod\u0105 Starosty znale\u017ali si\u0119 nauczyciele sadowie\u0144skiego Zespo\u0142u Szk\u00f3\u0142 Ponadpodstawowych: p. S\u0142awomir Ryszawa i p. El\u017cbieta Derna\u0142owicz. Nagrody wr\u0119czyli: Starosta W\u0119growski p. Ewa Besztak, Wicestarosta W\u0119growski p. Marek Renik i Naczelnik Wydzia\u0142u O\u015bwiaty, Kultury, Sportu i Turystyki Starostwa Powiatowego w W\u0119growie p. Tadeusz Krupa. W imieniu nagrodzonych za wyr\u00f3\u017cnienie podzi\u0119kowa\u0142 p. S\u0142awomir Ryszawa.<\/p>\n<p>Nagrody Dyrektora Szko\u0142y wr\u0119czono wg kolejno\u015bci:<\/p>\n<p>&#8211; Zesp\u00f3\u0142 Szk\u00f3\u0142 Ponadpodstawowych w Ostr\u00f3wku<\/p>\n<p>&#8211; Poradnia Psychologiczno \u2013 Pedagogiczna w W\u0119growie<\/p>\n<p>&#8211; M\u0142odzie\u017cowy O\u015brodek Wychowawczy im. Czes\u0142awa Czap\u00f3wa w Jaworku<\/p>\n<p>&#8211; Zesp\u00f3\u0142 Szk\u00f3\u0142 Ponadpodstawowych w Sadownem<\/p>\n<p>&#8211; Zesp\u00f3\u0142 Szk\u00f3\u0142 Ponadpodstawowych w \u0141ochowie<\/p>\n<p>&#8211; I Liceum Og\u00f3lnokszta\u0142c\u0105ce im. Adama Mickiewicza w W\u0119growie<\/p>\n<p>&#8211; Specjalny O\u015brodek Szkolno \u2013 Wychowawczy im. Kornela Makuszy\u0144skiego w W\u0119growie<\/p>\n<p>&#8211; Zesp\u00f3\u0142 Szk\u00f3\u0142 Ponadpodstawowych im. Jana Kochanowskiego w W\u0119growie<\/p>\n<p>Nagrod\u0119 Dyrektora ZSP w Sadownem otrzymali pp.: Urszula Subda, Hanna \u0141ojek, Maria Bronisz, Beata Bodzon, Maria Dobies, Marta Osman i Kamil Kie\u0142ek. Nagrody wr\u0119czy\u0142 p. S\u0142awomir Ryszawa.<\/p>\n<p>Nagrodzonym gratulujemy, a wszystkim nauczycielom i pracownikom plac\u00f3wek o\u015bwiatowych powiatu w\u0119growskiego \u017cyczymy pomy\u015blno\u015bci i dalszych sukces\u00f3w w \u017cyciu prywatnym oraz zawodowym.<\/p>\n<p><span style=\"color: #0000ff;\"><a style=\"color: #0000ff;\" href=\"https:\/\/photos.app.goo.gl\/cabhvoaZetvL71KQA\" target=\"_blank\" rel=\"noopener\"><strong>Zdj\u0119cia w galerii Google&gt;&gt;&gt;<\/strong><\/a><\/span><\/p>\n<p><strong>Tekst\/foto:<\/strong> S\u0142awek Chyli\u0144ski<\/p>\n","protected":false},"excerpt":{"rendered":"<p>16 pa\u017adziernika 2024 roku w sali wirydarz Centrum Dialogu Kultur w W\u0119growie odby\u0142a si\u0119 uroczysta gala z okazji Dnia Edukacji Narodowej. Organizatorem wydarzenia powiatowego by\u0142o Starostwo Powiatowe w W\u0119growie.<\/p>\n","protected":false},"author":1,"featured_media":0,"comment_status":"closed","ping_status":"closed","sticky":false,"template":"","format":"standard","meta":{"footnotes":""},"categories":[5,1752,85],"tags":[4198,4197,198,3197],"class_list":["post-29497","post","type-post","status-publish","format-standard","hentry","category-newsy","category-edukacja","category-zsp","tag-dzien-nauczyciela-2024","tag-powiatowy-dzien-edukacji-narodowej-w-wegrowie","tag-starostwo-powiatowe-w-wegrowie","tag-zespol-szkol-ponadpodstawowych-w-sadownem"],"views":1666,"_links":{"self":[{"href":"https:\/\/info.sadowne.pl\/index.php?rest_route=\/wp\/v2\/posts\/29497","targetHints":{"allow":["GET"]}}],"collection":[{"href":"https:\/\/info.sadowne.pl\/index.php?rest_route=\/wp\/v2\/posts"}],"about":[{"href":"https:\/\/info.sadowne.pl\/index.php?rest_route=\/wp\/v2\/types\/post"}],"author":[{"embeddable":true,"href":"https:\/\/info.sadowne.pl\/index.php?rest_route=\/wp\/v2\/users\/1"}],"replies":[{"embeddable":true,"href":"https:\/\/info.sadowne.pl\/index.php?rest_route=%2Fwp%2Fv2%2Fcomments&post=29497"}],"version-history":[{"count":1,"href":"https:\/\/info.sadowne.pl\/index.php?rest_route=\/wp\/v2\/posts\/29497\/revisions"}],"predecessor-version":[{"id":29499,"href":"https:\/\/info.sadowne.pl\/index.php?rest_route=\/wp\/v2\/posts\/29497\/revisions\/29499"}],"wp:attachment":[{"href":"https:\/\/info.sadowne.pl\/index.php?rest_route=%2Fwp%2Fv2%2Fmedia&parent=29497"}],"wp:term":[{"taxonomy":"category","embeddable":true,"href":"https:\/\/info.sadowne.pl\/index.php?rest_route=%2Fwp%2Fv2%2Fcategories&post=29497"},{"taxonomy":"post_tag","embeddable":true,"href":"https:\/\/info.sadowne.pl\/index.php?rest_route=%2Fwp%2Fv2%2Ftags&post=29497"}],"curies":[{"name":"wp","href":"https:\/\/api.w.org\/{rel}","templated":true}]}}