{"id":29501,"date":"2024-10-17T15:05:33","date_gmt":"2024-10-17T13:05:33","guid":{"rendered":"http:\/\/info.sadowne.pl\/?p=29501"},"modified":"2024-10-17T15:05:33","modified_gmt":"2024-10-17T13:05:33","slug":"katarzyna-druga-imperatorowa-wszech-rosji","status":"publish","type":"post","link":"https:\/\/info.sadowne.pl\/?p=29501","title":{"rendered":"KATARZYNA DRUGA IMPERATOROWA WSZECH ROSJI,"},"content":{"rendered":"<p><strong><a href=\"http:\/\/info.sadowne.pl\/wp-content\/uploads\/2024\/10\/Brok197.jpg\" target=\"_blank\" rel=\"noopener\"><img loading=\"lazy\" decoding=\"async\" class=\"alignleft wp-image-29502 size-thumbnail\" src=\"http:\/\/info.sadowne.pl\/wp-content\/uploads\/2024\/10\/Brok197-180x130.jpg\" alt=\"\" width=\"180\" height=\"130\" \/><\/a>\u2026TOBIE ANDRZEJOWI \u017bEBROWSKIEMU POZWANEMU Z OSOBY, D\u00d3BR I MAJ\u0104TKU TWEGO WSZYSTKIEGO ROZKAZUJEMY\u2026 ORAZ NIECO O MAPACH.<\/strong><!--more--><\/p>\n<p>Tak w styczniu 1796 roku zaczyna\u0142 si\u0119 tekst ka\u017cdego z pozw\u00f3w (r\u00f3\u017cne by\u0142y tylko imiona i nazwiska), kt\u00f3re wo\u017ani S\u0105du Ziemskiego Ziemi Nurskiej zostawiali w szlacheckich dworach i cha\u0142upach, lub po prostu oznajmiali acanom oskar\u017conym o przer\u00f3\u017cne, nie do ko\u0144ca zgodne z prawem i og\u00f3lnym poczuciem sprawiedliwo\u015bci sprawki. Odnalezienie dokument\u00f3w rozpoczynaj\u0105cych si\u0119 tymi s\u0142owami, nieco zaskoczy\u0142o autora niniejszej opowie\u015bci, bo przecie\u017c ju\u017c 24 pa\u017adziernika roku poprzedniego Rosja, Prusy i Austria podpisa\u0142y akt trzeciego rozbioru Polski, w wyniku kt\u00f3rego obszary ziemi nurskiej po\u0142o\u017cone na p\u00f3\u0142noc od Buga przypad\u0142y Prusom, Austrii za\u015b te po\u0142o\u017cone na po\u0142udnie od tej rzeki. W dodatku ju\u017c 14 grudnia 1795 roku kr\u00f3l pruski Fryderyk Wilhelm II mianowa\u0142 Friedricha Leopolda barona von Schr\u00f6ttera, ucznia Immanuela Kanta organizatorem nowej prowincji.<\/p>\n<p>Prusacy, nie zaj\u0119li jednakowo\u017c ziem le\u017c\u0105cych mi\u0119dzy Bugiem i Narwi\u0105 natychmiast. Dla unikni\u0119cia ewentualnych zadra\u017cnie\u0144 ze swym rosyjskim sojusznikiem ich wojska przesuwa\u0142y si\u0119 na wsch\u00f3d i po\u0142udnie ostro\u017cnie, powoli zajmuj\u0105c tereny, z kt\u00f3rych ust\u0119powali Rosjanie. Dopiero w pocz\u0105tkach stycznia 1796 r. ostatecznie uregulowano spraw\u0119 rozgraniczenia obszar\u00f3w Rzeczypospolitej, kt\u00f3re przypad\u0142y poszczeg\u00f3lnym zaborcom. Moskale pocz\u0119li opuszcza\u0107 Warszaw\u0119, a 9 stycznia do miasta wkroczyli Prusacy. Na wsch\u00f3d od Wyszkowa Moskale zajmowali swe le\u017ca zimowe praktycznie przez ca\u0142y stycze\u0144 1796 r.<\/p>\n<p><strong>Wi\u0119cej na stronie <span style=\"color: #0000ff;\"><a style=\"color: #0000ff;\" href=\"https:\/\/madzelan.cba.pl\/katarzyna-druga-imperatorowa-wszech-rosji-tobie-andrzejowi-zebrowskiemu-pozwanemu-z-osoby-dobr-i-majatku-twego-wszystkiego-rozkazujemy-oraz-nieco-o-mapach\/\" target=\"_blank\" rel=\"noopener\">https:\/\/madzelan.cba.pl\/katarzyna-druga-imperatorowa-wszech-rosji-tobie-andrzejowi-zebrowskiemu-pozwanemu-z-osoby-dobr-i-majatku-twego-wszystkiego-rozkazujemy-oraz-nieco-o-mapach\/<\/a><\/span><\/strong><\/p>\n","protected":false},"excerpt":{"rendered":"<p>\u2026TOBIE ANDRZEJOWI \u017bEBROWSKIEMU POZWANEMU Z OSOBY, D\u00d3BR I MAJ\u0104TKU TWEGO WSZYSTKIEGO ROZKAZUJEMY\u2026 ORAZ NIECO O MAPACH.<\/p>\n","protected":false},"author":1,"featured_media":0,"comment_status":"closed","ping_status":"closed","sticky":false,"template":"","format":"standard","meta":{"footnotes":""},"categories":[5,3436,31],"tags":[101,3004,2956],"class_list":["post-29501","post","type-post","status-publish","format-standard","hentry","category-newsy","category-opowiesci-historie-legendy-brokowskie-i-nie-tylko","category-historia-gminy","tag-historia-gminy-sadowne","tag-jerzy-madzelan","tag-opowiesci-historie-legendy-brokowskie-i-nie-tylko"],"views":1349,"_links":{"self":[{"href":"https:\/\/info.sadowne.pl\/index.php?rest_route=\/wp\/v2\/posts\/29501","targetHints":{"allow":["GET"]}}],"collection":[{"href":"https:\/\/info.sadowne.pl\/index.php?rest_route=\/wp\/v2\/posts"}],"about":[{"href":"https:\/\/info.sadowne.pl\/index.php?rest_route=\/wp\/v2\/types\/post"}],"author":[{"embeddable":true,"href":"https:\/\/info.sadowne.pl\/index.php?rest_route=\/wp\/v2\/users\/1"}],"replies":[{"embeddable":true,"href":"https:\/\/info.sadowne.pl\/index.php?rest_route=%2Fwp%2Fv2%2Fcomments&post=29501"}],"version-history":[{"count":1,"href":"https:\/\/info.sadowne.pl\/index.php?rest_route=\/wp\/v2\/posts\/29501\/revisions"}],"predecessor-version":[{"id":29503,"href":"https:\/\/info.sadowne.pl\/index.php?rest_route=\/wp\/v2\/posts\/29501\/revisions\/29503"}],"wp:attachment":[{"href":"https:\/\/info.sadowne.pl\/index.php?rest_route=%2Fwp%2Fv2%2Fmedia&parent=29501"}],"wp:term":[{"taxonomy":"category","embeddable":true,"href":"https:\/\/info.sadowne.pl\/index.php?rest_route=%2Fwp%2Fv2%2Fcategories&post=29501"},{"taxonomy":"post_tag","embeddable":true,"href":"https:\/\/info.sadowne.pl\/index.php?rest_route=%2Fwp%2Fv2%2Ftags&post=29501"}],"curies":[{"name":"wp","href":"https:\/\/api.w.org\/{rel}","templated":true}]}}