{"id":29511,"date":"2024-10-24T04:08:16","date_gmt":"2024-10-24T02:08:16","guid":{"rendered":"http:\/\/info.sadowne.pl\/?p=29511"},"modified":"2024-10-24T04:08:16","modified_gmt":"2024-10-24T02:08:16","slug":"przedszkole-w-sadownem-otwarte","status":"publish","type":"post","link":"https:\/\/info.sadowne.pl\/?p=29511","title":{"rendered":"Przedszkole w Sadownem otwarte!"},"content":{"rendered":"<p><a href=\"http:\/\/info.sadowne.pl\/wp-content\/uploads\/2024\/10\/2024.10.24.1.jpg\" target=\"_blank\" rel=\"noopener\"><img loading=\"lazy\" decoding=\"async\" class=\"alignleft wp-image-29512 size-thumbnail\" src=\"http:\/\/info.sadowne.pl\/wp-content\/uploads\/2024\/10\/2024.10.24.1-180x130.jpg\" alt=\"\" width=\"180\" height=\"130\" \/><\/a><\/p>\n<p><strong>23 pa\u017adziernika w Sadownem odby\u0142o si\u0119 uroczyste otwarcie nowego budynku gminnego przedszkola.<\/strong><!--more--><\/p>\n<p><strong>Mo\u017cna oficjalnie m\u00f3wi\u0107 o nowym, funkcjonuj\u0105cym ju\u017c obiekcie w miejscowo\u015bci Sadowne.<\/strong> Lokalizacja? Sadowne, ul. B\u0142. ks. Edwarda Grzyma\u0142y 60. Nazwa? Przedszkole w Sadownem. 23 pa\u017adziernika 2024 roku do nowego budynku, na jego uroczyste otwarcie, przybyli zaproszeni go\u015bci.<\/p>\n<p><strong>Spotkanie w Sadownem sta\u0142o si\u0119 okazj\u0105 do przekazania przez Urz\u0105d Marsza\u0142kowski dotacji do kilku inwestycji na terenie powiatu w\u0119growskiego.<\/strong> Przed otwarciem przedszkola podpisano stosowne umowy. Tym razem nasz powiat zyska\u0142 7\u00a0800 000 z\u0142, a mianowicie:<\/p>\n<p>&#8211; miasto W\u0119gr\u00f3w \u2013 1\u00a0160\u00a0000 z\u0142 na budow\u0119 fontanny na Rynku Mariackim w W\u0119growie i 840\u00a0000 z\u0142 na wykonanie zadaszenia nad scen\u0105 plenerow\u0105 amfiteatru w Parku miejskim im. AK,<\/p>\n<p>&#8211; Starostwo Powiatowe w W\u0119growie \u2013 1\u00a0500\u00a0000 z\u0142 na rozbudow\u0119 ul. Wiejskiej w Sadownem, etap II,<\/p>\n<p>&#8211; Gmina Sadowne \u2013 500\u00a0000 z\u0142 na remont i przebudow\u0119 drogi gminnej w Ra\u017cnach, 300\u00a0000 z\u0142 na wymian\u0119 pokrycia dachowego w Niepublicznej Szkole Podstawowej w Ko\u0142odzi\u0105\u017cu, 1\u00a0500\u00a0000 z\u0142 na przebudow\u0119 i rozbudow\u0119 stacji uzdatniania wody w m. Oci\u0119te i 2\u00a0000\u00a0000 z\u0142 na budow\u0119 kanalizacji sanitarnej w Sadownem, ul. S\u0142oneczna, Drak, Cicha.<\/p>\n<p><strong>Wielkie dzi\u0119ki dla Samorz\u0105du Mazowsza za przyznane dotacje!<\/strong><\/p>\n<p><strong>Chwil\u0119 po podpisaniu um\u00f3w rozpocz\u0119\u0142a si\u0119 g\u0142\u00f3wna cz\u0119\u015b\u0107 spotkania.<\/strong> Uczestnicy uroczysto\u015bci przenie\u015bli si\u0119 na zewn\u0105trz budynku, gdzie przed g\u0142\u00f3wnym wej\u015bciem przeci\u0119to wst\u0119g\u0119, nast\u0119pnie ks. Antoni Kunicki po\u015bwi\u0119ci\u0142 budynek, a w jego progu go\u015bci powita\u0142y tortem przedszkolaki i Panie Wychowawczynie.<\/p>\n<p><strong>W sali, gdzie poprzednio podpisywano umowy, przyby\u0142ych powita\u0142 w imieniu organizator\u00f3w uroczysto\u015bci<\/strong>: W\u00f3jta Gminy Sadowne p. Waldemara Cyrana, Dyrektora Przedszkola w Sadownem p. Agaty S\u0119dek i Przewodnicz\u0105cego Rady Gminy Sadowne p. Tomasza Szymanika, <strong>Zast\u0119pca W\u00f3jta Gminy Sadowne p. Marcin Gr\u0119da. Uroczysto\u015b\u0107 swoj\u0105 obecno\u015bci\u0105 zaszczycili pp.:<\/strong><\/p>\n<p>&#8211; Maciej G\u00f3rski \u2013 senator RP<\/p>\n<p>&#8211; Janina Ewa Orze\u0142owska \u2013 Marsza\u0142ek (Cz\u0142onek Zarz\u0105du) Wojew\u00f3dztwa Mazowieckiego<\/p>\n<p>&#8211; El\u017cbieta Lanc \u2013 wieloletni Cz\u0142onek Zarz\u0105du Wojew\u00f3dztwa Mazowieckiego, obecnie radna Sejmiku Wojew\u00f3dztwa Mazowieckiego<\/p>\n<p>&#8211; Alicja Cicho\u0144 \u2013 Kierownik Delegatury Mazowieckiego Urz\u0119du Wojew\u00f3dzkiego w Siedlcach<\/p>\n<p>&#8211; ks. Antoni Kunicki \u2013 Proboszcz Parafii pw. \u015bw. Jana Chrzciciela w Sadownem<\/p>\n<p>&#8211; Ewa Besztak \u2013 Starosta W\u0119growski wraz z Wicestarost\u0105 Markiem Renikiem, Skarbnikiem Ann\u0105 Pawe\u0142as oraz Radn\u0105 powiatow\u0105 Ma\u0142gorzat\u0105 Zy\u015bk<\/p>\n<p>&#8211; Pawe\u0142 Marchela \u2013 Burmistrz W\u0119growa wraz ze Skarbnikiem Agnieszk\u0105 K\u0105dziela- Biernat<\/p>\n<p>&#8211; Jan S\u0142omiak \u2013 Burmistrz Kosowa Lackiego<\/p>\n<p>&#8211; Sebastian Oczkowski \u2013 Burmistrz Broku<\/p>\n<p>&#8211; Ma\u0142gorzata \u0141otarska \u2013 Zast\u0119pca Burmistrza, wykonuj\u0105ca kompetencje i zadania Burmistrza \u0141ochowa<\/p>\n<p>&#8211; Katarzyna \u017belazowska \u2013 W\u00f3jt Gminy Liw<\/p>\n<p>&#8211; Dariusz Rafalik \u2013 W\u00f3jt Gminy Ma\u0142kinia<\/p>\n<p>&#8211; Bogdan Doli\u0144ski \u2013 W\u00f3jt Gminy Gr\u0119bk\u00f3w<\/p>\n<p>&#8211; Piotr Orzechowski \u2013 W\u00f3jt Gminy Strach\u00f3wka<\/p>\n<p>&#8211; Dariusz Kokoszka \u2013 Zast\u0119pca W\u00f3jta Gminy Wieliszew<\/p>\n<p>&#8211; insp. Zbigniew Zi\u0119cina \u2013 Komendant Powiatowy Policji w W\u0119growie<\/p>\n<p>&#8211; m\u0142. bryg. Mateusz Bieniak \u2013 Komendant Powiatowy Pa\u0144stwowej Stra\u017cy Po\u017carnej w W\u0119growie<\/p>\n<p>&#8211; Maria \u0141opuska \u2013 Zast\u0119pca Dyrektora Mazowieckiego Zespo\u0142u Park\u00f3w Krajobrazowych<\/p>\n<p>&#8211; Stanis\u0142aw Sawicki \u2013 Dyrektor Zarz\u0105du Zlewni Wody Polskie w Soko\u0142owie Podlaskim<\/p>\n<p>&#8211; Anna Rukat \u2013 Skarbnik Gminy Sadowne<\/p>\n<p>&#8211; pracownicy Wydzia\u0142u Inwestycji Urz\u0119du Gminy w Sadownem<\/p>\n<p>&#8211; Katarzyna Wo\u017anicka \u2013 projektant, opracowuj\u0105ca koncepcj\u0119 przedszkola<\/p>\n<p>&#8211; Katarzyna D\u0105browska \u2013 projektant przedszkola<\/p>\n<p>&#8211; pracownicy urz\u0119d\u00f3w innych gmin ni\u017c Sadowne<\/p>\n<p>&#8211; dyrektorzy szk\u00f3\u0142 z terenu gminy Sadowne, kierownicy jednostek organizacyjnych<\/p>\n<p>&#8211; cz\u0142onkowie Rady Rodzic\u00f3w Przedszkola w Sadownem<\/p>\n<p>&#8211; media: Info Sadowne, TVP3, Tygodnik Siedlecki<\/p>\n<p>&#8211; obecni i byli radni Rady Gminy Sadowne<\/p>\n<p>&#8211; So\u0142tys Sadownego<\/p>\n<p>&#8211; obecni i byli pracownicy Przedszkola w Sadownem, rodzice przedszkolak\u00f3w, go\u015bcie oraz oczywi\u015bcie \u2013 przedszkolaki.<\/p>\n<p><strong>Po powitaniu g\u0142os zabra\u0142 W\u00f3jt Gminy Sadowne<\/strong>, kt\u00f3ry podzi\u0119kowa\u0142 wszystkim zaanga\u017cowanym w budow\u0119 przedszkola, w tym przedstawicielom instytucji, kt\u00f3re dofinansowa\u0142y t\u0119 inwestycj\u0119. P. W\u00f3jt po kr\u00f3tce nakre\u015bli\u0142 przebieg budowy przedszkola:<\/p>\n<p>&#8211; warto\u015b\u0107 inwestycji: 10\u00a0983\u00a0900 z\u0142<\/p>\n<p>&#8211; zadanie zosta\u0142o zrealizowane przy wsp\u00f3\u0142finansowaniu z bud\u017cetu Wojew\u00f3dztwa Mazowieckiego w ramach \u201eInstrumentu wsparcia zada\u0144 wa\u017cnych dla r\u00f3wnomiernego rozwoju wojew\u00f3dztwa mazowieckiego; Warto\u015b\u0107 dofinansowania: 4\u00a0000\u00a0000 z\u0142<\/p>\n<p>&#8211; inwestycja zosta\u0142a zrealizowana na podstawie szczeg\u00f3\u0142owych warunk\u00f3w i zasad Regulaminu Naboru Wniosk\u00f3w o dofinansowanie z Programu Rz\u0105dowy Fundusz Polski \u0141ad: Program Inwestycji Strategicznych; Warto\u015b\u0107 dofinansowania: 5\u00a0000\u00a0000 z\u0142<\/p>\n<p>&#8211; dodatkowo: dofinansowanie oddzia\u0142u \u017c\u0142obkowego z programu Aktywny Maluch 2022-2029. Celem projektu jest utworzenie 15. miejsc opieki w oddziale \u017c\u0142obkowym; Warto\u015b\u0107 dofinansowania: 1\u00a0061\u00a0391,60 z\u0142, w tym dofinansowanie z UE: 862\u00a0920 z\u0142, z tego 787\u00a0120 z\u0142 na budow\u0119 obiektu, pozosta\u0142a kwota na zakup wyposa\u017cenia i pomocy dydaktycznych<\/p>\n<p>&#8211; wykonawc\u0105 zadania by\u0142o konsorcjum: Cora New Sp. z o.o. z Warszawy i Przedsi\u0119biorstwo Budownictwa Elektroenergetycznego \u201eELBUD\u201d Gda\u0144sk Sp\u00f3\u0142ka Akcyjna z Katowic<\/p>\n<p>&#8211; umowa na wykonanie zlecenia budowy obiektu zosta\u0142a podpisana 22 sierpnia 2022 roku, natomiast czynno\u015bci odbiorowe zako\u0144czy\u0142y si\u0119 19 sierpnia 2024 roku<\/p>\n<p>&#8211; budynek posiada \u0142\u0105czn\u0105 powierzchni\u0119 1\u00a0072,17 m2.<\/p>\n<p><strong>Tyle informacji, g\u0142\u00f3wnie na temat finansowania inwestycji.<\/strong> Powsta\u0142 budynek nowoczesny z pe\u0142nym wyposa\u017ceniem. Aktualnie odbywaj\u0105 si\u0119 w nim zaj\u0119cia w czterech grupach wiekowych, kt\u00f3re nazwano: \u201ePszcz\u00f3\u0142ki\u201d, \u201eBiedronki\u201d, \u201eMotylki\u201d i \u201eS\u0142oneczka\u201d. Jak obieca\u0142 p. W\u00f3jt, z nowym rokiem rozpocznie te\u017c dzia\u0142alno\u015b\u0107 w tym budynku oddzia\u0142 \u017c\u0142obkowy. I jeszcze jedna bardzo wa\u017cna informacja: Dyrektorem Przedszkola w Sadownem od kilku lat jest p. Agata S\u0119dek. P. Dyrektor doda\u0142a do wypowiedzi p. Cyrana kilka s\u0142\u00f3w od siebie, a tak\u017ce zapowiedzia\u0142a wyst\u0119p przedszkolak\u00f3w z najstarszej grupy oraz kr\u00f3tkie przedstawienie humorystyczne o historii sadowie\u0144skiego przedszkola.<\/p>\n<p><strong>Po cz\u0119\u015bci artystycznej nadesz\u0142a chwila na g\u0142osy widowni<\/strong>, \u017cyczenia, podzi\u0119kowania dla przedstawicieli sponsor\u00f3w i oczywi\u015bcie prezenty w szczeg\u00f3lno\u015bci dla najm\u0142odszych mieszka\u0144c\u00f3w naszej gminy \u2013 przedszkolak\u00f3w.<\/p>\n<p><strong>Na koniec <\/strong>\u2013 zwiedzanie nowego budynku (<span style=\"color: #0000ff;\"><a style=\"color: #0000ff;\" href=\"https:\/\/photos.google.com\/share\/AF1QipMs3GF7YhEOYTD7_j86BLpWu-01eAgdc-i_tmS_SHpDZv9rfqQ-yJP5--XknAiQ2Q?key=NTJ3QVIzaFp1RlprMzhYNEcwaUNLQjZURnRpM3NB\" target=\"_blank\" rel=\"noopener\"><strong>zdj\u0119cia obiektu z Dnia Otwartego&gt;&gt;&gt;<\/strong><\/a><\/span>) i bardzo smaczny wsp\u00f3lny obiad.<\/p>\n<p><strong>W imieniu organizator\u00f3w dzi\u0119kujemy wszystkim go\u015bciom za przybycie i przedstawion\u0105 wysok\u0105 ocen\u0119 wykonania zadania:<\/strong> budowy nowego budynku przedszkola w Sadownem.<\/p>\n<p><strong>Natomiast Pracownikom Przedszkola sk\u0142adam najserdeczniejsze \u017cyczenia pomy\u015blno\u015bci i rado\u015bci z pracy z naszymi pociechami w nowym obiekcie. Wszystkiego dobrego! Dodam tylko jedno: Drogie Panie, w ko\u0144cu wsp\u00f3lnie doczekali\u015bmy si\u0119 realizacji marze\u0144. Brawo i dzi\u0119kuj\u0119 Wam i Nam za wzajemne wsparcie!<\/strong><\/p>\n<p><span style=\"color: #0000ff;\"><a style=\"color: #0000ff;\" href=\"https:\/\/photos.app.goo.gl\/Y3u98hWzYkAosiES7\" target=\"_blank\" rel=\"noopener\"><strong>Zdj\u0119cia w galerii Google&gt;&gt;&gt;<\/strong><\/a><\/span><\/p>\n<p><span style=\"color: #0000ff;\"><a style=\"color: #0000ff;\" href=\"https:\/\/youtu.be\/4kfvDOyIWV0\" target=\"_blank\" rel=\"noopener\"><strong>Film &#8211; Wyst\u0119p Przedszkolak\u00f3w&gt;&gt;&gt;<\/strong><\/a><\/span><\/p>\n<p><span style=\"color: #0000ff;\"><a style=\"color: #0000ff;\" href=\"https:\/\/youtu.be\/o3qX87scNYg\" target=\"_blank\" rel=\"noopener\"><strong>Film &#8211; Wyst\u0119p Rodzic\u00f3w&gt;&gt;&gt;<\/strong><\/a><\/span><\/p>\n<p><strong>Tekst\/foto:<\/strong> S\u0142awek Chyli\u0144ski<\/p>\n","protected":false},"excerpt":{"rendered":"<p>23 pa\u017adziernika w Sadownem odby\u0142o si\u0119 uroczyste otwarcie nowego budynku gminnego przedszkola.<\/p>\n","protected":false},"author":1,"featured_media":0,"comment_status":"closed","ping_status":"closed","sticky":false,"template":"","format":"standard","meta":{"footnotes":""},"categories":[5,1752,561],"tags":[4201,2286,25],"class_list":["post-29511","post","type-post","status-publish","format-standard","hentry","category-newsy","category-edukacja","category-przedszkole-w-sadownem","tag-otwarcie-nowego-budynku-przedszkola","tag-przedszkole-w-sadownem","tag-sadowne"],"views":2358,"_links":{"self":[{"href":"https:\/\/info.sadowne.pl\/index.php?rest_route=\/wp\/v2\/posts\/29511","targetHints":{"allow":["GET"]}}],"collection":[{"href":"https:\/\/info.sadowne.pl\/index.php?rest_route=\/wp\/v2\/posts"}],"about":[{"href":"https:\/\/info.sadowne.pl\/index.php?rest_route=\/wp\/v2\/types\/post"}],"author":[{"embeddable":true,"href":"https:\/\/info.sadowne.pl\/index.php?rest_route=\/wp\/v2\/users\/1"}],"replies":[{"embeddable":true,"href":"https:\/\/info.sadowne.pl\/index.php?rest_route=%2Fwp%2Fv2%2Fcomments&post=29511"}],"version-history":[{"count":1,"href":"https:\/\/info.sadowne.pl\/index.php?rest_route=\/wp\/v2\/posts\/29511\/revisions"}],"predecessor-version":[{"id":29513,"href":"https:\/\/info.sadowne.pl\/index.php?rest_route=\/wp\/v2\/posts\/29511\/revisions\/29513"}],"wp:attachment":[{"href":"https:\/\/info.sadowne.pl\/index.php?rest_route=%2Fwp%2Fv2%2Fmedia&parent=29511"}],"wp:term":[{"taxonomy":"category","embeddable":true,"href":"https:\/\/info.sadowne.pl\/index.php?rest_route=%2Fwp%2Fv2%2Fcategories&post=29511"},{"taxonomy":"post_tag","embeddable":true,"href":"https:\/\/info.sadowne.pl\/index.php?rest_route=%2Fwp%2Fv2%2Ftags&post=29511"}],"curies":[{"name":"wp","href":"https:\/\/api.w.org\/{rel}","templated":true}]}}