{"id":29552,"date":"2024-11-07T11:07:21","date_gmt":"2024-11-07T10:07:21","guid":{"rendered":"http:\/\/info.sadowne.pl\/?p=29552"},"modified":"2024-11-07T11:07:21","modified_gmt":"2024-11-07T10:07:21","slug":"dziedzic-z-trynosow-opalil-sie-przy-robocie","status":"publish","type":"post","link":"https:\/\/info.sadowne.pl\/?p=29552","title":{"rendered":"Dziedzic z Trynos\u00f3w opali\u0142 si\u0119 przy robocie,"},"content":{"rendered":"<p><strong><a href=\"http:\/\/info.sadowne.pl\/wp-content\/uploads\/2024\/11\/Brok200.jpg\" target=\"_blank\" rel=\"noopener\"><img loading=\"lazy\" decoding=\"async\" class=\"alignleft wp-image-29553 size-thumbnail\" src=\"http:\/\/info.sadowne.pl\/wp-content\/uploads\/2024\/11\/Brok200-180x130.jpg\" alt=\"\" width=\"180\" height=\"130\" \/><\/a>\u2026a nie na wywczasach w Italii, starszy dziad pokieruje \u017cebranin\u0105 w Ostrowi, szko\u0142y bez wychodk\u00f3w, rowerem przez p\u00f3\u0142nocne kresy regionu.<\/strong><!--more--><\/p>\n<p>Na pocz\u0105tek artyku\u0142 nietypowy, bo wielce pozytywny. Autor nie mo\u017ce si\u0119 nadziwi\u0107, \u017ce dobra Trynosy i Zgorza\u0142owo maj\u0105 tak pracowitych i roztropnych w\u0142a\u015bcicieli. Gdyby dzi\u015b co\u015b takiego zdarzy\u0142o si\u0119 przeczyta\u0107, to niechybnie by\u0142by to artyku\u0142 sponsorowany.<\/p>\n<p>Przed dwoma tygodniami doktor Jan Harusewicz omawia\u0142 ostrowskie inicjatywy s\u0142u\u017c\u0105ce przede wszystkim zaspakajaniu potrzeb sfery ducha mieszka\u0144c\u00f3w. Dzisiaj wi\u0119cej o sprawach bli\u017cszych cia\u0142u. Przede wszystkim o Towarzystwie Oszcz\u0119dno\u015bciowo-Po\u017cyczkowym oraz o Towarzystwie Dobroczynnym. Ostr\u00f3w mog\u0142a si\u0119 pono\u0107 pochwali\u0107, \u017ce na ca\u0142ym obszarze guberni \u0142om\u017cy\u0144skiej i s\u0105siedniej p\u0142ockiej, by\u0142a jednym miastem (nie licz\u0105c stolic tych\u017ce guberni), w kt\u00f3rym dobroczynno\u015b\u0107 uj\u0119to w zorganizowane ramy.<\/p>\n<p>W zwi\u0105zku z urz\u0105dzon\u0105 w roku 1896 w Warszawie wystaw\u0105 higieniczn\u0105 rozes\u0142ano do lekarzy powiatowych Kr\u00f3lestwa Polskiego kwestionariusze tycz\u0105ce warunk\u00f3w, w jakich odbywa si\u0119 nauczanie na poziomie elementarnym. Przewa\u017caj\u0105ca liczba medyk\u00f3w nie raczy\u0142a udzieli\u0107 odpowiedzi. Z guberni \u0142om\u017cy\u0144skiej nades\u0142ano wype\u0142nione ankiety jedynie z powiatu ostrowskiego, z guberni za\u015b siedleckiej, a\u017c z pi\u0119ciu powiat\u00f3w, a w tym z soko\u0142owskiego i w\u0119growskiego. Praktykuj\u0105cy w\u0142a\u015bnie w stolicy tego ostatniego powiatu dr Podolski podda\u0142 wszystkie pozyskane dane analizie. Czasami wyniki wr\u0119cz pora\u017caj\u0105, bo lepiej sobie nie wyobra\u017ca\u0107, jak i gdzie za\u0142atwia\u0142y potrzeby fizjologiczne dzieci, ucz\u0105ce si\u0119 w szko\u0142ach pozbawionych wychodk\u00f3w.<\/p>\n<p><strong>Wi\u0119cej na stronie <span style=\"color: #0000ff;\"><a style=\"color: #0000ff;\" href=\"https:\/\/madzelan.cba.pl\/dziedzic-z-trynosow-opalil-sie-przy-robocie-a-nie-na-wywczasach-w-italii-starszy-dziad-pokieruje-zebranina-w-ostrowi-szkoly-bez-wychodkow-rowerem-przez-polnocne-kresy-regionu\/\" target=\"_blank\" rel=\"noopener\">https:\/\/madzelan.cba.pl\/dziedzic-z-trynosow-opalil-sie-przy-robocie-a-nie-na-wywczasach-w-italii-starszy-dziad-pokieruje-zebranina-w-ostrowi-szkoly-bez-wychodkow-rowerem-przez-polnocne-kresy-regionu\/<\/a><\/span><\/strong><\/p>\n","protected":false},"excerpt":{"rendered":"<p>\u2026a nie na wywczasach w Italii, starszy dziad pokieruje \u017cebranin\u0105 w Ostrowi, szko\u0142y bez wychodk\u00f3w, rowerem przez p\u00f3\u0142nocne kresy regionu.<\/p>\n","protected":false},"author":1,"featured_media":0,"comment_status":"closed","ping_status":"closed","sticky":false,"template":"","format":"standard","meta":{"footnotes":""},"categories":[5,3436,31],"tags":[3004,2956],"class_list":["post-29552","post","type-post","status-publish","format-standard","hentry","category-newsy","category-opowiesci-historie-legendy-brokowskie-i-nie-tylko","category-historia-gminy","tag-jerzy-madzelan","tag-opowiesci-historie-legendy-brokowskie-i-nie-tylko"],"views":1551,"_links":{"self":[{"href":"https:\/\/info.sadowne.pl\/index.php?rest_route=\/wp\/v2\/posts\/29552","targetHints":{"allow":["GET"]}}],"collection":[{"href":"https:\/\/info.sadowne.pl\/index.php?rest_route=\/wp\/v2\/posts"}],"about":[{"href":"https:\/\/info.sadowne.pl\/index.php?rest_route=\/wp\/v2\/types\/post"}],"author":[{"embeddable":true,"href":"https:\/\/info.sadowne.pl\/index.php?rest_route=\/wp\/v2\/users\/1"}],"replies":[{"embeddable":true,"href":"https:\/\/info.sadowne.pl\/index.php?rest_route=%2Fwp%2Fv2%2Fcomments&post=29552"}],"version-history":[{"count":1,"href":"https:\/\/info.sadowne.pl\/index.php?rest_route=\/wp\/v2\/posts\/29552\/revisions"}],"predecessor-version":[{"id":29554,"href":"https:\/\/info.sadowne.pl\/index.php?rest_route=\/wp\/v2\/posts\/29552\/revisions\/29554"}],"wp:attachment":[{"href":"https:\/\/info.sadowne.pl\/index.php?rest_route=%2Fwp%2Fv2%2Fmedia&parent=29552"}],"wp:term":[{"taxonomy":"category","embeddable":true,"href":"https:\/\/info.sadowne.pl\/index.php?rest_route=%2Fwp%2Fv2%2Fcategories&post=29552"},{"taxonomy":"post_tag","embeddable":true,"href":"https:\/\/info.sadowne.pl\/index.php?rest_route=%2Fwp%2Fv2%2Ftags&post=29552"}],"curies":[{"name":"wp","href":"https:\/\/api.w.org\/{rel}","templated":true}]}}