{"id":29555,"date":"2024-11-09T15:06:19","date_gmt":"2024-11-09T14:06:19","guid":{"rendered":"http:\/\/info.sadowne.pl\/?p=29555"},"modified":"2024-11-09T15:06:19","modified_gmt":"2024-11-09T14:06:19","slug":"dla-nas-dwa-razy-trzecie","status":"publish","type":"post","link":"https:\/\/info.sadowne.pl\/?p=29555","title":{"rendered":"Dla nas dwa razy trzecie"},"content":{"rendered":"<p><a href=\"http:\/\/info.sadowne.pl\/wp-content\/uploads\/2024\/11\/2024.11.09.1.jpg\" target=\"_blank\" rel=\"noopener\"><img loading=\"lazy\" decoding=\"async\" class=\"alignleft wp-image-29556 size-thumbnail\" src=\"http:\/\/info.sadowne.pl\/wp-content\/uploads\/2024\/11\/2024.11.09.1-180x130.jpg\" alt=\"\" width=\"180\" height=\"130\" \/><\/a><\/p>\n<p><strong>Podczas Gali Fina\u0142owej \u201eW\u0119growskich Barw Jesieni\u201d przedstawiciele Ziemi Sadowie\u0144skiej dwukrotnie byli proszeni na scen\u0119. Zesp\u00f3\u0142 \u015apiewaczy \u201eSadowianki\u201d i p. Danuta Kobyli\u0144ska \u2013 Konik zaj\u0119li III miejsca w swoich kategoriach. <\/strong><!--more--><\/p>\n<p><strong>9 listopada 2024 roku w W\u0119growskim O\u015brodku Kultury odby\u0142a si\u0119 XVIII Gala Mazowieckiego Przegl\u0105du Tw\u00f3rczo\u015bci Artystycznej Senior\u00f3w \u201eW\u0119growskie Barwy Jesieni\u201d.<\/strong> Gal\u0119 poprowadzi\u0142a p. Katarzyna Zaliwska z W\u0119growskiego O\u015brodka Kultury, kt\u00f3ra powita\u0142a wszystkich przyby\u0142ych na to spotkanie. Na wst\u0119pie g\u0142os zabra\u0142a r\u00f3wnie\u017c p. Halina Uli\u0144ska \u2013 Zast\u0119pca Burmistrza W\u0119growa oraz przedstawiciele Komisji Konkursowej \u2013 p. Krystyna Paczuska i p. Marcin Chojecki.<\/p>\n<p><strong>Troch\u0119 statystyki<\/strong> \u2013 \u201eW\u0119growskie Barwy Jesieni\u201d ju\u017c po raz 18-ty zosta\u0142y zorganizowane przez W\u0119growski O\u015brodek Kultury. Przegl\u0105d tw\u00f3rczo\u015bci artystycznej senior\u00f3w odby\u0142 si\u0119 w dniach 26 \u2013 27 pa\u017adziernika br. w WOK. W tym roku wzi\u0119\u0142y w nim udzia\u0142 34 podmioty artystyczne, zakwalifikowane do pi\u0119ciu kategorii: Zespo\u0142y Folklorystyczne, Zespo\u0142y wokalno \u2013 muzyczne, Recytacja, Soli\u015bci i duety, Teatry oraz odr\u0119bnie ocenianej kategorii &#8211; Literaci. Ocena podmiot\u00f3w w pi\u0119ciu pierwszych kategoriach nale\u017ca\u0142a do Komisji Konkursowej w sk\u0142adzie pp.: Krystyna Paczuska, Marcin Chojecki i Tomasz Markiewicz, natomiast kategori\u0119 Literaci oceniali pp.: Ludmi\u0142a Tempczyk, Wies\u0142awa \u0141uczak i Piotr Witul. Statuetki, dyplomy i nagrody we wszystkich kategoriach wr\u0119czali: p. Halina Uli\u0144ska, p. Jadwiga Snopkiewicz, p. Krystyna Paczuska i p. Marcin Chojecki.<\/p>\n<p><strong>Oto oficjalne wyniki \u201eW\u0119growskich Barw Jesieni\u201d roku 2024 w kategoriach<\/strong>:<\/p>\n<p><strong>Zespo\u0142y folklorystyczne<\/strong><\/p>\n<p>I miejsce \u2013 Zesp\u00f3\u0142 \u015apiewaczy Chod\u00f3w<\/p>\n<p>II miejsce \u2013 Zesp\u00f3\u0142 \u201eCendrowianki\u201d<\/p>\n<p>III miejsce \u2013 Zesp\u00f3\u0142 \u015apiewaczy \u201eSadowianki\u201d<\/p>\n<p><strong>Zespo\u0142y wokalno \u2013 muzyczne<\/strong><\/p>\n<p>I miejsce \u2013 Zesp\u00f3\u0142 \u201eMrokowiacy\u201d<\/p>\n<p>II miejsce \u2013 \u201eKapela Siedlecka\u201d<\/p>\n<p>III miejsce \u2013 Zesp\u00f3\u0142 Wokalny \u201eArt. Senior\u201d<\/p>\n<p><strong>Recytacja<\/strong><\/p>\n<p>I miejsce \u2013 Mieczys\u0142aw Staniszewski<\/p>\n<p>II miejsce \u2013 Marta Dobrowolska<\/p>\n<p>Wyr\u00f3\u017cnienie \u2013 S\u0142awomir \u0141ugowski i Wanda Gajewska<\/p>\n<p><strong>Soli\u015bci i duety<\/strong><\/p>\n<p>I miejsce \u2013 Katarzyna S\u0142owikowska \u2013 Zakrzewska<\/p>\n<p>II miejsce \u2013 Marek Liber<\/p>\n<p>III miejsce \u2013 Tadeusz Zawistowski i Barbara Krawczyk \u2013 Kaczkowska<\/p>\n<p>Wyr\u00f3\u017cnienie \u2013 Marek Jaroszewski, Bo\u017cena Pizo\u0144 i Gra\u017cyna Sk\u00f3rka<\/p>\n<p><strong>Teatry<\/strong><\/p>\n<p>I miejsce \u2013 \u201eZgrana Paka\u201d<\/p>\n<p>II miejsce \u2013 Mi\u0119dzypokoleniowy Zesp\u00f3\u0142 \u201eRazem\u201d<\/p>\n<p><strong>Literaci<\/strong><\/p>\n<p>I miejsce \u2013 Hanna Piotruk<\/p>\n<p>II miejsce \u2013 Alicja Sadowska<\/p>\n<p>III miejsce \u2013 Danuta Kobyli\u0144ska \u2013 Konik<\/p>\n<p>Podczas rozdawania nagr\u00f3d, sw\u00f3j nagrodzony program prezentowali laureaci konkursu, kt\u00f3rzy zaj\u0119li pierwsze miejsce w poszczeg\u00f3lnych kategoriach.<\/p>\n<p><strong>A na koniec?<\/strong> Gratulacje, podzi\u0119kowania, oczywi\u015bcie zaproszenie na kolejny XIX Mazowiecki Przegl\u0105d Tw\u00f3rczo\u015bci Artystycznej Senior\u00f3w \u201eW\u0119growskie Barwy Jesieni\u201d, kt\u00f3ry \u2013 jak zapewni\u0142a prowadz\u0105ca Gal\u0119 p. Katarzyna Zaliwska \u2013 na pewno odb\u0119dzie si\u0119 w przysz\u0142ym roku.<\/p>\n<p><strong>My r\u00f3wnie\u017c gratulujemy, nie tylko laureatom konkursu, ale te\u017c wszystkim uczestnikom. Szczeg\u00f3lne gratulacje dla reprezentant\u00f3w Sadownego \u2013 p. Danuty Kobyli\u0144skiej \u2013 Konik i Zespo\u0142u \u015apiewaczego \u201eSadowianki\u201d.<\/strong> Dzi\u0119kujemy i liczymy na uczestnictwo w tym jak\u017ce wa\u017cnym konkursie dla senior\u00f3w w roku przysz\u0142ym.<\/p>\n<p><span style=\"color: #0000ff;\"><a style=\"color: #0000ff;\" href=\"https:\/\/photos.app.goo.gl\/LMbyUpASQQn9RxJD7\" target=\"_blank\" rel=\"noopener\"><strong>Zdj\u0119cia w galerii Google&gt;&gt;&gt;<\/strong><\/a><\/span><\/p>\n<p><strong>Tekst\/foto:<\/strong> S\u0142awek Chyli\u0144ski<\/p>\n","protected":false},"excerpt":{"rendered":"<p>Podczas Gali Fina\u0142owej \u201eW\u0119growskich Barw Jesieni\u201d przedstawiciele Ziemi Sadowie\u0144skiej dwukrotnie byli proszeni na scen\u0119. Zesp\u00f3\u0142 \u015apiewaczy \u201eSadowianki\u201d i p. Danuta Kobyli\u0144ska \u2013 Konik zaj\u0119li III miejsca w swoich kategoriach.<\/p>\n","protected":false},"author":1,"featured_media":0,"comment_status":"closed","ping_status":"closed","sticky":false,"template":"","format":"standard","meta":{"footnotes":""},"categories":[5,91,48,6],"tags":[970,4208,4207,960],"class_list":["post-29555","post","type-post","status-publish","format-standard","hentry","category-newsy","category-gminny-osrodek-kultury","category-kacik-literacki","category-kultura-rozrywka-edukacja","tag-danuta-kobylinska-konik","tag-wegrowskie-barwy-jesieni-2024","tag-xviii-przeglad-tworczosci-artystycznej-seniorow-w-wegrowie","tag-zespol-spiewaczy-sadowianki"],"views":1611,"_links":{"self":[{"href":"https:\/\/info.sadowne.pl\/index.php?rest_route=\/wp\/v2\/posts\/29555","targetHints":{"allow":["GET"]}}],"collection":[{"href":"https:\/\/info.sadowne.pl\/index.php?rest_route=\/wp\/v2\/posts"}],"about":[{"href":"https:\/\/info.sadowne.pl\/index.php?rest_route=\/wp\/v2\/types\/post"}],"author":[{"embeddable":true,"href":"https:\/\/info.sadowne.pl\/index.php?rest_route=\/wp\/v2\/users\/1"}],"replies":[{"embeddable":true,"href":"https:\/\/info.sadowne.pl\/index.php?rest_route=%2Fwp%2Fv2%2Fcomments&post=29555"}],"version-history":[{"count":1,"href":"https:\/\/info.sadowne.pl\/index.php?rest_route=\/wp\/v2\/posts\/29555\/revisions"}],"predecessor-version":[{"id":29557,"href":"https:\/\/info.sadowne.pl\/index.php?rest_route=\/wp\/v2\/posts\/29555\/revisions\/29557"}],"wp:attachment":[{"href":"https:\/\/info.sadowne.pl\/index.php?rest_route=%2Fwp%2Fv2%2Fmedia&parent=29555"}],"wp:term":[{"taxonomy":"category","embeddable":true,"href":"https:\/\/info.sadowne.pl\/index.php?rest_route=%2Fwp%2Fv2%2Fcategories&post=29555"},{"taxonomy":"post_tag","embeddable":true,"href":"https:\/\/info.sadowne.pl\/index.php?rest_route=%2Fwp%2Fv2%2Ftags&post=29555"}],"curies":[{"name":"wp","href":"https:\/\/api.w.org\/{rel}","templated":true}]}}