{"id":29564,"date":"2024-11-14T14:27:56","date_gmt":"2024-11-14T13:27:56","guid":{"rendered":"http:\/\/info.sadowne.pl\/?p=29564"},"modified":"2024-11-14T14:27:56","modified_gmt":"2024-11-14T13:27:56","slug":"echa-brytyjskich-niepokojow","status":"publish","type":"post","link":"https:\/\/info.sadowne.pl\/?p=29564","title":{"rendered":"Echa brytyjskich niepokoj\u00f3w"},"content":{"rendered":"<p><strong><a href=\"http:\/\/info.sadowne.pl\/wp-content\/uploads\/2024\/11\/Brok201.jpg\" target=\"_blank\" rel=\"noopener\"><img loading=\"lazy\" decoding=\"async\" class=\"alignleft wp-image-29565 size-thumbnail\" src=\"http:\/\/info.sadowne.pl\/wp-content\/uploads\/2024\/11\/Brok201-180x130.jpg\" alt=\"\" width=\"180\" height=\"130\" \/><\/a>\u2026nad Bugiem, Liwcem, Narwi\u0105 i Grzyb\u00f3wk\u0105.<\/strong><!--more--><\/p>\n<p>Szkocki globtroter, a po trochu i awanturnik William Lithgow, wracaj\u0105c ze swej kolejnej, tym razem afryka\u0144skiej wyprawy zahaczy\u0142 w roku 1616 o Wiede\u0144, a nas\u0142uchawszy si\u0119 barwnych opowie\u015bci o ludach zamieszkuj\u0105cych obszary pomi\u0119dzy Morzami Kaspijskim i Czarnym zapragn\u0105\u0142 i tam si\u0119 zapu\u015bci\u0107. Przedsionkiem do tych krain by\u0142y Ba\u0142kany, jak szybko si\u0119 przekona\u0142 obszar nie zawsze go\u015bcinny, a nawet niebezpieczny. Jego wra\u017cenia z ba\u0142ka\u0144skiej eskapady raczej zniech\u0119ca\u0142y do odwiedzin tego zak\u0105tka Europy, a wisienk\u0105 na torcie niefortunnej wyprawy by\u0142y wydarzenia w Mo\u0142dawii. Zosta\u0142 tam obrabowany przez band\u0119 opryszk\u00f3w, kt\u00f3rzy uwolnili Szkota m.in. od sze\u015b\u0107dziesi\u0119ciu w\u0119gierskich dukat\u00f3w, po czym prawie nagiego przywi\u0105zali do d\u0119bu, lito\u015bciwie pozostawiaj\u0105c nieszcz\u0119\u015bnikowi koszul\u0119 dla okrycia przyrodzonych cz\u0142owiekowi wstydliwych cz\u0142onk\u00f3w. Po bezsennej, wype\u0142nionej ws\u0142uchiwaniem si\u0119 w wycie wilk\u00f3w i ryki nied\u017awiedzi nocy, rankiem znale\u017ali go pasterze, nakarmili i dali jaki\u015b przyodziewek. Pechowym podr\u00f3\u017cnikiem zaopiekowa\u0142 si\u0119 miejscowy ziemianin, protestant, kt\u00f3ry wraz z mo\u017cnymi s\u0105siadami stara\u0142 si\u0119 wynagrodzi\u0107 woja\u017cerowi doznane przykro\u015bci.<\/p>\n<p>Ta przygoda zadecydowa\u0142a o zmianie plan\u00f3w podr\u00f3\u017cy i podj\u0119ciu decyzji o powrocie do kraju. Naj\u0142atwiej by\u0142o wr\u00f3ci\u0107 przez Konstantynopol, ale Mr William mia\u0142 po dziurki w nosie kontakt\u00f3w z tureckimi urz\u0119dnikami dowolnego szczebla, kt\u00f3rzy widz\u0105c w ka\u017cdym przybyszu z Zachodu szpiega, czekali z niecierpliwo\u015bci\u0105, by wtr\u0105ci\u0107 nieboraka pod byle pretekstem do lochu. Nowo poznani mo\u0142dawscy przyjaciele zaznajomili Szkota z polskim szlachcicem, kt\u00f3ry w\u0142a\u015bnie wraca\u0142 do swej ojczyzny. Stamt\u0105d Lithgow m\u00f3g\u0142 wr\u00f3ci\u0107 na Wyspy przez Gda\u0144sk, czyli jeden z najwi\u0119kszych \u00f3wczesnych port\u00f3w \u015bwiata, a po drodze pozna\u0107 kolejne, jak przysi\u0119gali szlachetni Mo\u0142dawianie, znacznie bardziej ni\u017c ich w\u0142asna cywilizowane krainy.<\/p>\n<p><strong>Wi\u0119cej na stronie <span style=\"color: #0000ff;\"><a style=\"color: #0000ff;\" href=\"https:\/\/madzelan.cba.pl\/echa-brytyjskich-niepokojow-nad-bugiem-liwcem-narwia-i-grzybowka\/\" target=\"_blank\" rel=\"noopener\">https:\/\/madzelan.cba.pl\/echa-brytyjskich-niepokojow-nad-bugiem-liwcem-narwia-i-grzybowka\/<\/a><\/span><\/strong><\/p>\n","protected":false},"excerpt":{"rendered":"<p>\u2026nad Bugiem, Liwcem, Narwi\u0105 i Grzyb\u00f3wk\u0105.<\/p>\n","protected":false},"author":1,"featured_media":0,"comment_status":"closed","ping_status":"closed","sticky":false,"template":"","format":"standard","meta":{"footnotes":""},"categories":[5,3436,31],"tags":[3004,2956],"class_list":["post-29564","post","type-post","status-publish","format-standard","hentry","category-newsy","category-opowiesci-historie-legendy-brokowskie-i-nie-tylko","category-historia-gminy","tag-jerzy-madzelan","tag-opowiesci-historie-legendy-brokowskie-i-nie-tylko"],"views":1278,"_links":{"self":[{"href":"https:\/\/info.sadowne.pl\/index.php?rest_route=\/wp\/v2\/posts\/29564","targetHints":{"allow":["GET"]}}],"collection":[{"href":"https:\/\/info.sadowne.pl\/index.php?rest_route=\/wp\/v2\/posts"}],"about":[{"href":"https:\/\/info.sadowne.pl\/index.php?rest_route=\/wp\/v2\/types\/post"}],"author":[{"embeddable":true,"href":"https:\/\/info.sadowne.pl\/index.php?rest_route=\/wp\/v2\/users\/1"}],"replies":[{"embeddable":true,"href":"https:\/\/info.sadowne.pl\/index.php?rest_route=%2Fwp%2Fv2%2Fcomments&post=29564"}],"version-history":[{"count":1,"href":"https:\/\/info.sadowne.pl\/index.php?rest_route=\/wp\/v2\/posts\/29564\/revisions"}],"predecessor-version":[{"id":29566,"href":"https:\/\/info.sadowne.pl\/index.php?rest_route=\/wp\/v2\/posts\/29564\/revisions\/29566"}],"wp:attachment":[{"href":"https:\/\/info.sadowne.pl\/index.php?rest_route=%2Fwp%2Fv2%2Fmedia&parent=29564"}],"wp:term":[{"taxonomy":"category","embeddable":true,"href":"https:\/\/info.sadowne.pl\/index.php?rest_route=%2Fwp%2Fv2%2Fcategories&post=29564"},{"taxonomy":"post_tag","embeddable":true,"href":"https:\/\/info.sadowne.pl\/index.php?rest_route=%2Fwp%2Fv2%2Ftags&post=29564"}],"curies":[{"name":"wp","href":"https:\/\/api.w.org\/{rel}","templated":true}]}}