{"id":29589,"date":"2024-11-21T15:47:31","date_gmt":"2024-11-21T14:47:31","guid":{"rendered":"http:\/\/info.sadowne.pl\/?p=29589"},"modified":"2024-11-21T15:47:31","modified_gmt":"2024-11-21T14:47:31","slug":"wojciech-jastrzebowski-uczy-prognozowania-pogody","status":"publish","type":"post","link":"https:\/\/info.sadowne.pl\/?p=29589","title":{"rendered":"Wojciech Jastrz\u0119bowski uczy prognozowania pogody,"},"content":{"rendered":"<p><strong><a href=\"http:\/\/info.sadowne.pl\/wp-content\/uploads\/2024\/11\/Brok202.jpg\" target=\"_blank\" rel=\"noopener\"><img loading=\"lazy\" decoding=\"async\" class=\"alignleft wp-image-29590 size-thumbnail\" src=\"http:\/\/info.sadowne.pl\/wp-content\/uploads\/2024\/11\/Brok202-180x130.jpg\" alt=\"\" width=\"180\" height=\"130\" \/><\/a>\u2026odnalaz\u0142 si\u0119 pugilares, ale zniknie tytu\u0144 ze Sterdyni, w Srebrnej \u015bpi\u0105 na \u0142\u00f3\u017ckach spr\u0119\u017cynowych i jadaj\u0105 do syta, wywrotowcy z Ostrowi za kratkami, strze\u017ccie si\u0119 na ekspres\u00f3wce pod Dybkami.<\/strong><!--more--><\/p>\n<p>Wojciech Jastrz\u0119bowski, przyrodnik, \u017co\u0142nierz Powstania Styczniowego, tw\u00f3rca projektu traktatu okre\u015blanego mianem Konstytucji Europejskiej, krajoznawca, profesor zoologii, botaniki, mineraologii i fizyki, a w naszym regionie znany przede wszystkim jako tw\u00f3rca Zak\u0142adu Praktyki Le\u015bnej w podbrokowskim Feliksowie, tym razem uczy nas jak dzi\u0119ki obserwacji otoczenia prognozowa\u0107 pogod\u0119.<\/p>\n<p>Zamieszczone na naszych \u0142amach artyku\u0142y autorstwa lekarzy ze sterdy\u0144skiego szpitala sprawi\u0142y, \u017ce postanowili\u015bmy bli\u017cej si\u0119 przyjrze\u0107 tamtejszej okolicy zw\u0142aszcza, \u017ce ze Sterdyni to tylko o rzut kamieniem do Nura. Dzisiaj o karbunkule, pugilaresie i palcie letnim oraz o rado\u015bci mieszkanki Sterdyni (lub okolicy) z powodzenia sklepu chrze\u015bcija\u0144skiego w Nurze.<\/p>\n<p>Kontynuujemy relacj\u0119 z podr\u00f3\u017cy rowerowej po pograniczu powiat\u00f3w ostrowskiego i \u0142om\u017cy\u0144skiego w ich przedwojennych granicach. Pretekstem do ekspedycji odbywanej najprawdopodobniej przez dw\u00f3ch dzia\u0142aczy m\u0142odzie\u017c\u00f3wki zwi\u0105zanej z Bezpartyjnym Blokiem Wsp\u00f3\u0142pracy z Rz\u0105dem, mia\u0142o by\u0107 ujrzenie jego ekscelencji ministra, kt\u00f3ry z wysoko\u015bci sprawowanego przez siebie urz\u0119du mia\u0142 zst\u0105pi\u0107 na ziemi\u0119 w P\u0119chratce. Z ministrem wci\u0105\u017c nie mamy zaszczytu zawrze\u0107 znajomo\u015bci, ale to i lepiej, bo wi\u0119cej jest miejsca na spostrze\u017cenia tycz\u0105ce \u017cycia mieszka\u0144c\u00f3w.<\/p>\n<p>Kilku wywrotowc\u00f3w z Ostrowi skazanych za antypa\u0144stwow\u0105 dzia\u0142alno\u015b\u0107, wywieszanie podburzaj\u0105cych transparent\u00f3w i takie tam r\u00f3\u017cne inne sprawki, trafi za kratki.<\/p>\n<p><strong>Wi\u0119cej na stronie <span style=\"color: #0000ff;\"><a style=\"color: #0000ff;\" href=\"https:\/\/madzelan.cba.pl\/wojciech-jastrzebowski-uczy-prognozowania-pogody-odnalazl-sie-pugilares-ale-zniknie-tytun-ze-sterdyni-w-srebrnej-spia-na-lozkach-sprezynowych-i-jadaja-do-syta-wywrotowcy-z-ostrowi-za-kratkami-str\/\" target=\"_blank\" rel=\"noopener\">https:\/\/madzelan.cba.pl\/wojciech-jastrzebowski-uczy-prognozowania-pogody-odnalazl-sie-pugilares-ale-zniknie-tytun-ze-sterdyni-w-srebrnej-spia-na-lozkach-sprezynowych-i-jadaja-do-syta-wywrotowcy-z-ostrowi-za-kratkami-str\/<\/a><\/span><\/strong><\/p>\n","protected":false},"excerpt":{"rendered":"<p>\u2026odnalaz\u0142 si\u0119 pugilares, ale zniknie tytu\u0144 ze Sterdyni, w Srebrnej \u015bpi\u0105 na \u0142\u00f3\u017ckach spr\u0119\u017cynowych i jadaj\u0105 do syta, wywrotowcy z Ostrowi za kratkami, strze\u017ccie si\u0119 na ekspres\u00f3wce pod Dybkami.<\/p>\n","protected":false},"author":1,"featured_media":0,"comment_status":"closed","ping_status":"closed","sticky":false,"template":"","format":"standard","meta":{"footnotes":""},"categories":[5,3436,31],"tags":[3004,2956],"class_list":["post-29589","post","type-post","status-publish","format-standard","hentry","category-newsy","category-opowiesci-historie-legendy-brokowskie-i-nie-tylko","category-historia-gminy","tag-jerzy-madzelan","tag-opowiesci-historie-legendy-brokowskie-i-nie-tylko"],"views":1400,"_links":{"self":[{"href":"https:\/\/info.sadowne.pl\/index.php?rest_route=\/wp\/v2\/posts\/29589","targetHints":{"allow":["GET"]}}],"collection":[{"href":"https:\/\/info.sadowne.pl\/index.php?rest_route=\/wp\/v2\/posts"}],"about":[{"href":"https:\/\/info.sadowne.pl\/index.php?rest_route=\/wp\/v2\/types\/post"}],"author":[{"embeddable":true,"href":"https:\/\/info.sadowne.pl\/index.php?rest_route=\/wp\/v2\/users\/1"}],"replies":[{"embeddable":true,"href":"https:\/\/info.sadowne.pl\/index.php?rest_route=%2Fwp%2Fv2%2Fcomments&post=29589"}],"version-history":[{"count":1,"href":"https:\/\/info.sadowne.pl\/index.php?rest_route=\/wp\/v2\/posts\/29589\/revisions"}],"predecessor-version":[{"id":29591,"href":"https:\/\/info.sadowne.pl\/index.php?rest_route=\/wp\/v2\/posts\/29589\/revisions\/29591"}],"wp:attachment":[{"href":"https:\/\/info.sadowne.pl\/index.php?rest_route=%2Fwp%2Fv2%2Fmedia&parent=29589"}],"wp:term":[{"taxonomy":"category","embeddable":true,"href":"https:\/\/info.sadowne.pl\/index.php?rest_route=%2Fwp%2Fv2%2Fcategories&post=29589"},{"taxonomy":"post_tag","embeddable":true,"href":"https:\/\/info.sadowne.pl\/index.php?rest_route=%2Fwp%2Fv2%2Ftags&post=29589"}],"curies":[{"name":"wp","href":"https:\/\/api.w.org\/{rel}","templated":true}]}}