{"id":29612,"date":"2024-11-28T17:30:09","date_gmt":"2024-11-28T16:30:09","guid":{"rendered":"http:\/\/info.sadowne.pl\/?p=29612"},"modified":"2024-11-28T17:30:09","modified_gmt":"2024-11-28T16:30:09","slug":"nowe-spojrzenie-na-palac-biskupow-plockich-w-broku","status":"publish","type":"post","link":"https:\/\/info.sadowne.pl\/?p=29612","title":{"rendered":"Nowe spojrzenie na pa\u0142ac biskup\u00f3w p\u0142ockich w Broku"},"content":{"rendered":"<p><strong><a href=\"http:\/\/info.sadowne.pl\/wp-content\/uploads\/2024\/11\/Brok203.jpg\" target=\"_blank\" rel=\"noopener\"><img loading=\"lazy\" decoding=\"async\" class=\"alignleft wp-image-29613 size-thumbnail\" src=\"http:\/\/info.sadowne.pl\/wp-content\/uploads\/2024\/11\/Brok203-180x130.jpg\" alt=\"\" width=\"180\" height=\"130\" \/><\/a>Piotr Lasek, Tomasz Zwi\u0105zek, Wojciech W\u00f3\u0142kowski, Nowe spojrzenie na pa\u0142ac biskup\u00f3w p\u0142ockich w Broku, \u201eBiuletyn Historii Sztuki\u201d 2023, T. 85, nr 3, s.147-178.<\/strong><!--more--><\/p>\n<p>Problematyk\u0119 biskupiego pa\u0142acu czy te\u017c willi w Broku podejmowano w licznych opracowaniach. Niemal ca\u0142kowite zniszczenie zabytku utrudnia\u0142o jednak prowadzenie pog\u0142\u0119bionych bada\u0144 nad jego pierwotn\u0105 architektur\u0105 i zdefiniowanie kr\u0119gu potencjalnych budowniczych. Funkcja budowli oraz jej nazewnictwo r\u00f3wnie\u017c pozostawa\u0142o niejasne, poniewa\u017c w niekt\u00f3rych materia\u0142ach okre\u015blano j\u0105 jako zamek. Na podstawie dokumentacji wizualnej i dotychczas nieznanych oraz niewykorzystanych \u017ar\u00f3de\u0142 pisanych przedstawiono w artykule nowe ustalenia na temat architektury pa\u0142acu, umo\u017cliwiaj\u0105ce jego pe\u0142n\u0105 rekonstrukcj\u0119. Ustalenia te nie tylko uzupe\u0142niaj\u0105 w istotny spos\u00f3b histori\u0119 budowy, ale te\u017c otwieraj\u0105 interesuj\u0105ce perspektywy badawcze dotycz\u0105ce kwestii genezy stylistycznej, wykonawstwa, funkcji, znaczenia, wreszcie miejsca, jakie pa\u0142ac zajmowa\u0142 w architekturze rezydencjonalnej Polski 1. \u0107wierci XVII stulecia.<\/p>\n<p><strong>Wi\u0119cej na stronie <span style=\"color: #0000ff;\"><a style=\"color: #0000ff;\" href=\"https:\/\/madzelan.cba.pl\/nowe-spojrzenie-na-palac-biskupow-plockich-w-broku\/\" target=\"_blank\" rel=\"noopener\">https:\/\/madzelan.cba.pl\/nowe-spojrzenie-na-palac-biskupow-plockich-w-broku\/<\/a><\/span><\/strong><\/p>\n","protected":false},"excerpt":{"rendered":"<p>Piotr Lasek, Tomasz Zwi\u0105zek, Wojciech W\u00f3\u0142kowski, Nowe spojrzenie na pa\u0142ac biskup\u00f3w p\u0142ockich w Broku, \u201eBiuletyn Historii Sztuki\u201d 2023, T. 85, nr 3, s.147-178.<\/p>\n","protected":false},"author":1,"featured_media":0,"comment_status":"closed","ping_status":"closed","sticky":false,"template":"","format":"standard","meta":{"footnotes":""},"categories":[5,3436,31],"tags":[745,3004,2956],"class_list":["post-29612","post","type-post","status-publish","format-standard","hentry","category-newsy","category-opowiesci-historie-legendy-brokowskie-i-nie-tylko","category-historia-gminy","tag-brok","tag-jerzy-madzelan","tag-opowiesci-historie-legendy-brokowskie-i-nie-tylko"],"views":1303,"_links":{"self":[{"href":"https:\/\/info.sadowne.pl\/index.php?rest_route=\/wp\/v2\/posts\/29612","targetHints":{"allow":["GET"]}}],"collection":[{"href":"https:\/\/info.sadowne.pl\/index.php?rest_route=\/wp\/v2\/posts"}],"about":[{"href":"https:\/\/info.sadowne.pl\/index.php?rest_route=\/wp\/v2\/types\/post"}],"author":[{"embeddable":true,"href":"https:\/\/info.sadowne.pl\/index.php?rest_route=\/wp\/v2\/users\/1"}],"replies":[{"embeddable":true,"href":"https:\/\/info.sadowne.pl\/index.php?rest_route=%2Fwp%2Fv2%2Fcomments&post=29612"}],"version-history":[{"count":1,"href":"https:\/\/info.sadowne.pl\/index.php?rest_route=\/wp\/v2\/posts\/29612\/revisions"}],"predecessor-version":[{"id":29614,"href":"https:\/\/info.sadowne.pl\/index.php?rest_route=\/wp\/v2\/posts\/29612\/revisions\/29614"}],"wp:attachment":[{"href":"https:\/\/info.sadowne.pl\/index.php?rest_route=%2Fwp%2Fv2%2Fmedia&parent=29612"}],"wp:term":[{"taxonomy":"category","embeddable":true,"href":"https:\/\/info.sadowne.pl\/index.php?rest_route=%2Fwp%2Fv2%2Fcategories&post=29612"},{"taxonomy":"post_tag","embeddable":true,"href":"https:\/\/info.sadowne.pl\/index.php?rest_route=%2Fwp%2Fv2%2Ftags&post=29612"}],"curies":[{"name":"wp","href":"https:\/\/api.w.org\/{rel}","templated":true}]}}