{"id":29617,"date":"2024-12-02T16:08:30","date_gmt":"2024-12-02T15:08:30","guid":{"rendered":"http:\/\/info.sadowne.pl\/?p=29617"},"modified":"2024-12-02T16:08:30","modified_gmt":"2024-12-02T15:08:30","slug":"kronika-strazacka-25-11-01-12-2024","status":"publish","type":"post","link":"https:\/\/info.sadowne.pl\/?p=29617","title":{"rendered":"Kronika stra\u017cacka 25.11 \u2013 01.12.2024"},"content":{"rendered":"<p><strong><a href=\"http:\/\/info.sadowne.pl\/wp-content\/uploads\/2023\/06\/straz3-scaled.jpg\"><img loading=\"lazy\" decoding=\"async\" class=\"alignleft size-thumbnail wp-image-27687\" src=\"http:\/\/info.sadowne.pl\/wp-content\/uploads\/2023\/06\/straz3-180x130.jpg\" alt=\"\" width=\"180\" height=\"130\" \/><\/a>W<\/strong><strong> okresie<\/strong><strong> 25.11 &#8211; 01.12.2024 na<\/strong><strong> terenie<\/strong><strong> powiatu<\/strong><strong> w\u0119growskiego<\/strong><strong> zanotowano: <\/strong><strong>8 zdarze\u0144,<\/strong><strong> przy<\/strong><strong> kt\u00f3rych<\/strong><strong> interweniowa\u0142y<\/strong><strong> jednostki<\/strong><strong> ochrony<\/strong><strong> przeciwpo\u017carowej, w tym:<\/strong><strong> 1 po\u017car, 7 miejscowych zagro\u017ce\u0144.<\/strong><strong>\u00a0<\/strong><!--more--><\/p>\n<p><strong>01.12.2024 \u2013 \u0141och\u00f3w, ul. Baczkowska \u2013 samoch\u00f3d osobowy uderzy\u0142 w hydrant.<\/strong><strong>\u00a0<\/strong><\/p>\n<p>Jad\u0105cy drog\u0105 miejsk\u0105 samoch\u00f3d osobowy Audi wypad\u0142 z drogi, uderzy\u0142 w hydrant (\u015bcinaj\u0105c go i powoduj\u0105c wyciek wody), nast\u0119pnie wjecha\u0142 do lasu uderzaj\u0105c w drzewo. Dzia\u0142ania zast\u0119pu polega\u0142y na zabezpieczeniu miejsca zdarzenia, zakr\u0119cono zaw\u00f3r wodoci\u0105gowy likwiduj\u0105c wyp\u0142yw wody ze zniszczonego hydrantu. Ustalono, \u017ce osoba lub osoby jad\u0105ce oddali\u0142y si\u0119 do lasu. Przeszukano najbli\u017cszy teren, w trakcie czego jedna osoba jad\u0105ca samochodem wr\u00f3ci\u0142a na miejsce, nie znaleziono innych podr\u00f3\u017cuj\u0105cych pojazdem. Nie by\u0142o poszkodowanych, nie prowadzono \u017cadnych dzia\u0142a\u0144 medycznych.<\/p>\n<p>W DZIA\u0141ANIACH RATOWNICZYCH UDZIA\u0141 BRA\u0141O: 2 zast\u0119py 6 ratownik\u00f3w.<\/p>\n<p><strong>01.12.2024 \u2013 Ugoszcz, gm. Miedzna \u2013 po\u017car samochodu osobowego.<\/strong><strong>\u00a0<\/strong><\/p>\n<p>Po dotarciu na miejsce zdarzenia zast\u0119p\u00f3w JRG PSP i OSP, stra\u017cacy stwierdzili, \u017ce pali si\u0119 samoch\u00f3d osobowy. Pojazd w ca\u0142o\u015bci obj\u0119ty po\u017carem &#8211; pasa\u017cerowie opu\u015bcili pojazd przed przybyciem JOP &#8211; brak os\u00f3b poszkodowanych. Dzia\u0142ania przyby\u0142ych zast\u0119p\u00f3w polega\u0142y na zabezpieczeniu miejsca zdarzenia, o\u015bwietleniu terenu akcji oraz podaniu dw\u00f3ch pr\u0105d\u00f3w wody w natarciu na pojazd, co doprowadzi\u0142o do lokalizacji a nast\u0119pnie ugaszenia po\u017caru.<\/p>\n<p>W DZIA\u0141ANIACH RATOWNICZYCH UDZIA\u0141 BRA\u0141O: 3 zast\u0119py, 10 ratownik\u00f3w.<\/p>\n<p>Uleg\u0142o zniszczeniu lub spaleniu: samoch\u00f3d osobowy marki Mercedes w ca\u0142o\u015bci.<\/p>\n<p><strong>KP PSP W\u0119gr\u00f3w<\/strong><\/p>\n","protected":false},"excerpt":{"rendered":"<p>W okresie 25.11 &#8211; 01.12.2024 na terenie powiatu w\u0119growskiego zanotowano: 8 zdarze\u0144, przy kt\u00f3rych interweniowa\u0142y jednostki ochrony przeciwpo\u017carowej, w tym: 1 po\u017car, 7 miejscowych zagro\u017ce\u0144.\u00a0<\/p>\n","protected":false},"author":1,"featured_media":0,"comment_status":"closed","ping_status":"closed","sticky":false,"template":"","format":"standard","meta":{"footnotes":""},"categories":[5,4,267],"tags":[491,643],"class_list":["post-29617","post","type-post","status-publish","format-standard","hentry","category-newsy","category-policja-straz-pozarna-pogotowie-ratunkowe","category-straz-pozarna-policja-straz-pozarna-pogotowie-ratunkowe","tag-komenda-powiatowa-panstwowej-strazy-pozarnej-w-wegrowie","tag-kronika-strazacka"],"views":1178,"_links":{"self":[{"href":"https:\/\/info.sadowne.pl\/index.php?rest_route=\/wp\/v2\/posts\/29617","targetHints":{"allow":["GET"]}}],"collection":[{"href":"https:\/\/info.sadowne.pl\/index.php?rest_route=\/wp\/v2\/posts"}],"about":[{"href":"https:\/\/info.sadowne.pl\/index.php?rest_route=\/wp\/v2\/types\/post"}],"author":[{"embeddable":true,"href":"https:\/\/info.sadowne.pl\/index.php?rest_route=\/wp\/v2\/users\/1"}],"replies":[{"embeddable":true,"href":"https:\/\/info.sadowne.pl\/index.php?rest_route=%2Fwp%2Fv2%2Fcomments&post=29617"}],"version-history":[{"count":1,"href":"https:\/\/info.sadowne.pl\/index.php?rest_route=\/wp\/v2\/posts\/29617\/revisions"}],"predecessor-version":[{"id":29618,"href":"https:\/\/info.sadowne.pl\/index.php?rest_route=\/wp\/v2\/posts\/29617\/revisions\/29618"}],"wp:attachment":[{"href":"https:\/\/info.sadowne.pl\/index.php?rest_route=%2Fwp%2Fv2%2Fmedia&parent=29617"}],"wp:term":[{"taxonomy":"category","embeddable":true,"href":"https:\/\/info.sadowne.pl\/index.php?rest_route=%2Fwp%2Fv2%2Fcategories&post=29617"},{"taxonomy":"post_tag","embeddable":true,"href":"https:\/\/info.sadowne.pl\/index.php?rest_route=%2Fwp%2Fv2%2Ftags&post=29617"}],"curies":[{"name":"wp","href":"https:\/\/api.w.org\/{rel}","templated":true}]}}