{"id":29643,"date":"2024-12-05T11:03:44","date_gmt":"2024-12-05T10:03:44","guid":{"rendered":"http:\/\/info.sadowne.pl\/?p=29643"},"modified":"2024-12-05T11:03:44","modified_gmt":"2024-12-05T10:03:44","slug":"wielki-pozar-w-ostrowi","status":"publish","type":"post","link":"https:\/\/info.sadowne.pl\/?p=29643","title":{"rendered":"Wielki po\u017car w Ostrowi,"},"content":{"rendered":"<p><strong><a href=\"http:\/\/info.sadowne.pl\/wp-content\/uploads\/2024\/12\/Brok204.jpg\" target=\"_blank\" rel=\"noopener\"><img loading=\"lazy\" decoding=\"async\" class=\"alignleft wp-image-29644 size-thumbnail\" src=\"http:\/\/info.sadowne.pl\/wp-content\/uploads\/2024\/12\/Brok204-180x130.jpg\" alt=\"\" width=\"180\" height=\"130\" \/><\/a>\u2026nie\u0142atwy \u017cywot nadbu\u017ca\u0144skiego lekarza, minister ucapiony w P\u0119chratce, cz\u0119\u015bciowo podziemna szko\u0142a w Lubotyniu, Bronis\u0142aw Py\u015bk z Nowej Osuchowej omal nie u\u015bmierci\u0142 niemieckiego dyplomaty.<\/strong><!--more--><\/p>\n<p>Ostrowskie stodo\u0142y wyprowadzono starodawnym zwyczajem poza obszar w\u0142a\u015bciwego miasta, co si\u0119 wielce chwali. Niestety, stodo\u0142y sta\u0142y w dw\u00f3ch rz\u0119dach, w ka\u017cdym za\u015b styka\u0142y si\u0119 s\u0142omianymi dachami, tworz\u0105c tym samym gigantyczny stos i zwiastuj\u0105c nieszcz\u0119\u015bcie.<\/p>\n<p>Ponownie witamy na naszych \u0142amach dr. Adama Jarosi\u0144skiego, ordynatora sterdy\u0144skiego szpitala. Tym razem publikujemy tre\u015b\u0107 odczytu, kt\u00f3ry wyg\u0142osi\u0142 w sierpniu 1908 r., a tyczy\u0142 warunk\u00f3w praktykowania i bytowania prowincjonalnego lekarza. Dowiadujemy si\u0119 wielu rzeczy interesuj\u0105cych, a nawet zaskakuj\u0105cych, jak cho\u0107by o rujnuj\u0105cej konkurencji ze strony przer\u00f3\u017cnych ma\u0142omiasteczkowych i wiejskich szarlatan\u00f3w, czy ma\u0142o imponuj\u0105cej przeci\u0119tnej d\u0142ugo\u015bci \u017cycia prowincjonalnego lekarza. Wszyscy bowiem koledzy po fachu doktora, kt\u00f3rzy na prze\u0142omie XIX i XX w. praktykowali w regionie i zeszli z tego \u015bwiata, padli ofiar\u0105 chor\u00f3b zaka\u017anych, przede wszystkim tyfusu.<\/p>\n<p>Znana ju\u017c nam para cyklist\u00f3w kontynuuje poszukiwania maj\u0105cego objawi\u0107 si\u0119 w okolicy ministra. Godziny peda\u0142owania nie posz\u0142y na marne, ekscelencj\u0119 ujrzano w P\u0119chratce.<\/p>\n<p>W ca\u0142ej gminie Luboty\u0144 jest tylko jeden budynek szkolny, cho\u0107 ta budowla na miano to raczej nie zas\u0142uguje, gdy\u017c jest to \u201estara buda, kt\u00f3rej po\u0142owa jest w ziemi\u201d.<\/p>\n<p>Bronis\u0142aw Py\u015bk z wioski Nowa Osuchowa straci\u0142 panowanie nad jednostk\u0105 nap\u0119dow\u0105 swego pojazdu, skutkiem czego wyl\u0105dowa\u0142 w rowie samoch\u00f3d, kt\u00f3rym podr\u00f3\u017cowa\u0142 niemiecki ambasador w Warszawie Hans Adolf von Moltke.<\/p>\n<p><strong>Wi\u0119cej na stronie <span style=\"color: #0000ff;\"><a style=\"color: #0000ff;\" href=\"https:\/\/madzelan.cba.pl\/wielki-pozar-w-ostrowi-nielatwy-zywot-nadbuzanskiego-lekarza-minister-ucapiony-w-pechratce-czesciowo-podziemna-szkola-w-lubotyniu-bronislaw-pysk-z-nowej-osuchowej-omal-nie-usmiercil-niemieckiego-d\/\" target=\"_blank\" rel=\"noopener\">https:\/\/madzelan.cba.pl\/wielki-pozar-w-ostrowi-nielatwy-zywot-nadbuzanskiego-lekarza-minister-ucapiony-w-pechratce-czesciowo-podziemna-szkola-w-lubotyniu-bronislaw-pysk-z-nowej-osuchowej-omal-nie-usmiercil-niemieckiego-d\/<\/a><\/span><\/strong><\/p>\n","protected":false},"excerpt":{"rendered":"<p>\u2026nie\u0142atwy \u017cywot nadbu\u017ca\u0144skiego lekarza, minister ucapiony w P\u0119chratce, cz\u0119\u015bciowo podziemna szko\u0142a w Lubotyniu, Bronis\u0142aw Py\u015bk z Nowej Osuchowej omal nie u\u015bmierci\u0142 niemieckiego dyplomaty.<\/p>\n","protected":false},"author":1,"featured_media":0,"comment_status":"closed","ping_status":"closed","sticky":false,"template":"","format":"standard","meta":{"footnotes":""},"categories":[5,3436,31],"tags":[3004,2956],"class_list":["post-29643","post","type-post","status-publish","format-standard","hentry","category-newsy","category-opowiesci-historie-legendy-brokowskie-i-nie-tylko","category-historia-gminy","tag-jerzy-madzelan","tag-opowiesci-historie-legendy-brokowskie-i-nie-tylko"],"views":1353,"_links":{"self":[{"href":"https:\/\/info.sadowne.pl\/index.php?rest_route=\/wp\/v2\/posts\/29643","targetHints":{"allow":["GET"]}}],"collection":[{"href":"https:\/\/info.sadowne.pl\/index.php?rest_route=\/wp\/v2\/posts"}],"about":[{"href":"https:\/\/info.sadowne.pl\/index.php?rest_route=\/wp\/v2\/types\/post"}],"author":[{"embeddable":true,"href":"https:\/\/info.sadowne.pl\/index.php?rest_route=\/wp\/v2\/users\/1"}],"replies":[{"embeddable":true,"href":"https:\/\/info.sadowne.pl\/index.php?rest_route=%2Fwp%2Fv2%2Fcomments&post=29643"}],"version-history":[{"count":1,"href":"https:\/\/info.sadowne.pl\/index.php?rest_route=\/wp\/v2\/posts\/29643\/revisions"}],"predecessor-version":[{"id":29645,"href":"https:\/\/info.sadowne.pl\/index.php?rest_route=\/wp\/v2\/posts\/29643\/revisions\/29645"}],"wp:attachment":[{"href":"https:\/\/info.sadowne.pl\/index.php?rest_route=%2Fwp%2Fv2%2Fmedia&parent=29643"}],"wp:term":[{"taxonomy":"category","embeddable":true,"href":"https:\/\/info.sadowne.pl\/index.php?rest_route=%2Fwp%2Fv2%2Fcategories&post=29643"},{"taxonomy":"post_tag","embeddable":true,"href":"https:\/\/info.sadowne.pl\/index.php?rest_route=%2Fwp%2Fv2%2Ftags&post=29643"}],"curies":[{"name":"wp","href":"https:\/\/api.w.org\/{rel}","templated":true}]}}