{"id":29656,"date":"2024-12-09T13:45:59","date_gmt":"2024-12-09T12:45:59","guid":{"rendered":"http:\/\/info.sadowne.pl\/?p=29656"},"modified":"2024-12-09T13:47:03","modified_gmt":"2024-12-09T12:47:03","slug":"spotkanie-wigilijne-w-sadownem","status":"publish","type":"post","link":"https:\/\/info.sadowne.pl\/?p=29656","title":{"rendered":"Spotkanie wigilijne w Sadownem"},"content":{"rendered":"<p><a href=\"http:\/\/info.sadowne.pl\/wp-content\/uploads\/2024\/12\/2024.12.09.1.jpg\" target=\"_blank\" rel=\"noopener\"><img loading=\"lazy\" decoding=\"async\" class=\"alignleft wp-image-29657 size-thumbnail\" src=\"http:\/\/info.sadowne.pl\/wp-content\/uploads\/2024\/12\/2024.12.09.1-180x130.jpg\" alt=\"\" width=\"180\" height=\"130\" \/><\/a><\/p>\n<p><strong>8 grudnia 2024 roku w Sadownem odby\u0142a si\u0119 gminna Wigilia. Uczestniczy\u0142o w niej kilkaset os\u00f3b.<\/strong><!--more--><\/p>\n<p><strong>W niedzielne popo\u0142udnie Hala Sportowa w Sadownem ledwie pomie\u015bci\u0142a uczestnik\u00f3w spotkania wigilijnego<\/strong>, kt\u00f3rego organizatorem by\u0142 W\u00f3jt Gminy Sadowne, Gminny O\u015brodek Kultury w Sadownem i Zesp\u00f3\u0142 \u015apiewaczy \u201eSadowianki\u201d, a partnerem wydarzenia Samorz\u0105d Wojew\u00f3dztwa Mazowieckiego. Spotkanie odby\u0142o si\u0119 w ramach realizacji wydarzenia pod has\u0142em: \u201eWszyscy razem przy wigilijnym stole\u201d.<\/p>\n<p><strong>Na gminn\u0105 wigili\u0119 przybyli<\/strong> przedstawiciele wszystkich instytucji, szk\u00f3\u0142, organizacji, k\u00f3\u0142\u2026 z terenu naszej gminy, oczywi\u015bcie te\u017c mieszka\u0144cy Sadownego i okolicy. W\u015br\u00f3d przyby\u0142ych nie da\u0142o si\u0119 nie zauwa\u017cy\u0107 licznie przyby\u0142ych druh\u00f3w z jednostek OSP oraz przedstawicieli wszystkich so\u0142ectw wraz ze swoimi Ko\u0142ami Gospody\u0144 Wiejskich.<\/p>\n<p><strong>Uroczyste spotkanie rozpocz\u0119\u0142a p. Ewa Pi\u00f3rkowska<\/strong> \u2013 Dyrektor Gminnego O\u015brodka Kultury w Sadownem, witaj\u0105c przyby\u0142ych. Zast\u0119pca W\u00f3jta Gminy p. Marcin Gr\u0119da przedstawi\u0142 uczestnik\u00f3w, cz\u0142onk\u00f3w Komisji Konkursowej i zasady \u201eGminnego konkursu potraw wigilijnych i aran\u017cacji sto\u0142u wigilijnego 2024\u201d, kt\u00f3ry zorganizowano z tej okazji. P. W\u00f3jt Gminy Waldemar Cyran, witaj\u0105c przyby\u0142ych, przedstawi\u0142 w kilku s\u0142owach osi\u0105gni\u0119cia Gminy ostatniego roku oraz opowiedzia\u0142 o tradycji wsp\u00f3lnych spotka\u0144 \u015bwi\u0105tecznych w naszej gminie.<\/p>\n<p><strong>Nast\u0119pnie scen\u0105 zaw\u0142adn\u0105\u0142 Zesp\u00f3\u0142 \u015apiewaczy \u201eSadowianki\u201d<\/strong>, kt\u00f3ry wyst\u0105pi\u0142 w specjalnie przygotowanym na t\u0119 okazj\u0119 \u015bwi\u0105tecznym repertuarze. Kol\u0119dy, kt\u00f3re rozbrzmia\u0142y ze sceny, zach\u0119ci\u0142y uczestnik\u00f3w spotkania do wsp\u00f3lnego ich \u015bpiewania. \u015awietny wyst\u0119p. Brawo!<\/p>\n<p><strong>Podczas wyst\u0119pu \u201eSadowianek\u201d musia\u0142a jednak przyst\u0105pi\u0107 do pracy Komisja Konkursowa<\/strong> w sk\u0142adzie pp.: Anna Rukat \u2013 Skarbnik Gminy, El\u017cbieta Rukat \u2013 nauczyciel zawodu Technikum Gastronomicznego w Sadownem, Maria Dobies \u2013 nauczyciel zawodu Technikum Gastronomicznego w Sadownem i Marcin Gr\u0119da \u2013 Zast\u0119pca W\u00f3jta Gminy Sadowne. Komisja mia\u0142a nie lada zadanie do zrealizowanie, bo obok biesiaduj\u0105cych do oceny przygotowano 10 propozycji aran\u017cacji sto\u0142\u00f3w wigilijnych wraz z potrawami zg\u0142oszonymi do konkursu.<\/p>\n<p><strong>Jakie zasady konkursu?<\/strong> W tym roku do \u201eGminnego konkursu potraw wigilijnych i aran\u017cacji sto\u0142u wigilijnego 2024\u201d zg\u0142osi\u0142o si\u0119 10 K\u00f3\u0142 Gospody\u0144 Wiejskich z 11-tu dzia\u0142aj\u0105cych na terenie gminy. Uczestnicy konkursu przygotowali do oceny po dwie potrawy wigilijne (potrawa i wypiek) i propozycj\u0119 aran\u017cacji sto\u0142u. Tegoroczni uczestnicy konkursu to KGW: Krupi\u0144skie, Ra\u017cny, Morzyczyn W\u0142\u00f3ki, Morzyczyn W\u0142o\u015bcia\u0144ski, Zarzetka, Sadowne, P\u0142atkownica, Sojk\u00f3wek, Zalesie i Oci\u0119te (w tej kolejno\u015bci oceniano uczestnik\u00f3w). Komisja Konkursowa musia\u0142a wzi\u0105\u0107 pod uwag\u0119 przy ocenie tradycyjnej potrawy wigilijnej jej smak, prezentacj\u0119 potrawy, pracoch\u0142onno\u015b\u0107 dania, wykorzystanie produkt\u00f3w regionalnych i zwi\u0105zek z tradycj\u0105. Podobnie by\u0142o przy wypieku, a przy aran\u017cacji sto\u0142u trzeba by\u0142o ju\u017c umie\u0107 potrawy, ich otoczenie, opis przygotowania i siebie\u2026 dobrze zaprezentowa\u0107. Oczywi\u015bcie bardzo, bardzo wa\u017cny by\u0142 smak potraw, kt\u00f3ry cz\u0142onkowie Komisji musieli oceni\u0107 pr\u00f3buj\u0105c cho\u0107 kawa\u0142eczek ka\u017cdej z potraw.<\/p>\n<p><strong>Praca Komisji trwa\u0142a, a tymczasem na scenie postanowiono oficjalnie, czy jeszcze nieoficjalnie przekaza\u0107 nowo zakupiony w\u00f3z bojowy<\/strong> &#8211; \u015bredni samoch\u00f3d ratowniczo-ga\u015bniczy Scania P360 dla OSP Sadowne, kt\u00f3ry kilka dni temu witali\u015bmy w Sadownem &#8211; podczas spotkania zaparkowano przed wej\u015bciem do Hali Sportowej. Zakupu pojazdu dokonano w ramach projektu, kt\u00f3ry zosta\u0142 wsp\u00f3\u0142finansowany ze \u015brodk\u00f3w Unii Europejskiej oraz ze \u015brodk\u00f3w Samorz\u0105du Wojew\u00f3dztwa Mazowieckiego w ramach zadania \u201eOSP-edycja 2024\u201d. Obecna na naszej wigilii p. Ewa Orze\u0142owska \u2013 cz\u0142onek Zarz\u0105du Wojew\u00f3dztwa Mazowieckiego symbolicznie przekaza\u0142a pojazd naszym stra\u017cakom, wr\u0119czaj\u0105c im kluczyki do niego. Wszyscy nie mogli od\u017ca\u0142owa\u0107, \u017ce nie by\u0142a w tym momencie obecna i nie uczestniczy\u0142a w tym wydarzeniu p. El\u017cbieta Lanc, kt\u00f3rej zas\u0142ugi dla gminy Sadowne i naszych OSP s\u0105 nieocenione, ale \u2013 jak przekaza\u0142 p. W\u00f3jt \u2013 drobna niedyspozycja zdrowotna wykluczy\u0142a t\u0119 mo\u017cliwo\u015b\u0107. W tym miejscu \u017cyczymy P. Eli szybkiego powrotu do zdrowia i przekazujemy najserdeczniejsze \u017cyczenia \u015bwi\u0105teczne oraz noworoczne.<\/p>\n<p><strong>Z \u017cyczeniami do wszystkich zwr\u00f3ci\u0142a si\u0119 p. Ewa Orze\u0142owska, p. Marek Renik \u2013 Wicestarosta W\u0119growski a ks. proboszcz Antoni Kunicki odm\u00f3wi\u0142 kr\u00f3tk\u0105 modlitw\u0119, po\u015bwi\u0119ci\u0142 op\u0142atki, kt\u00f3rymi nast\u0119pnie podzielili si\u0119 wszyscy obecni na spotkaniu. Rozpocz\u0119\u0142a si\u0119 wieczerza wigilijna\u2026<\/strong> Na sto\u0142ach zawita\u0142y potrawy wigilijne, r\u00f3wnie\u017c te, kt\u00f3re zg\u0142oszono do konkursu KGW.<\/p>\n<p><strong>A konkurs? Po ci\u0119\u017ckiej pracy, Komisja Konkursowa poda\u0142a ostateczne wyniki \u2013 wsp\u00f3ln\u0105 ocen\u0119 potraw i sto\u0142\u00f3w wigilijnych. Oto one:<\/strong><\/p>\n<p>I miejsce \u2013 Ko\u0142o Gospody\u0144 Wiejskich w Sadownem<\/p>\n<p>II miejsce \u2013 Ko\u0142o Gospody\u0144 Wiejskich w P\u0142atkownicy<\/p>\n<p>III miejsce \u2013 Ko\u0142o Gospody\u0144 Wiejskich w Morzyczynie W\u0142o\u015bcia\u0144skim<\/p>\n<p>Wyr\u00f3\u017cnienie \u2013 Ko\u0142o Gospody\u0144 Wiejskich w Ra\u017cnach<\/p>\n<p>Og\u0142oszono oficjalne wyniki, kt\u00f3re cz\u0142onkowie Komisji uzasadnili. Wszystkim uczestnikom konkursu wr\u0119czono dyplomy i drobne upominki. Najlepsi otrzymali dyplomy i nagrody z r\u0105k cz\u0142onk\u00f3w Komisji Konkursowej, kt\u00f3rzy nast\u0119pnie tak\u017ce otrzymali podzi\u0119kowania za swoj\u0105 prac\u0119. Wi\u0119cej o potrawach konkursowych i przepisach na nie ju\u017c wkr\u00f3tce.<\/p>\n<p><strong>Na podsumowanie<\/strong> \u2013 podzi\u0119kowania dla Organizator\u00f3w tak wspania\u0142ej uroczysto\u015bci, a szczeg\u00f3lne dla Pracownik\u00f3w Gminnego O\u015brodka Kultury w Sadownem (podkre\u015bli\u0142a to tak\u017ce p. Ewa Pi\u00f3rkowska w swoim ko\u0144cowym wyst\u0105pieniu), kt\u00f3rzy od kilku dni przygotowywali potrawy wigilijne (m.in. smaczne pierogi i zupa grzybowa), st\u00f3\u0142 kawowy z ciastami, aran\u017cacja Hali Sportowej), a podczas spotkania zaj\u0119li si\u0119 jego profesjonaln\u0105 obs\u0142ug\u0105. Jeszcze raz wielkie dzi\u0119ki!<\/p>\n<p><strong>No c\u00f3\u017c! Ju\u017c na koniec, w imieniu Organizator\u00f3w Wigilii i w\u0142asnym sk\u0142adam jeszcze raz najserdeczniejsze \u017cyczenia zdrowych i spokojnych \u015awi\u0105t Bo\u017cego Narodzenia oraz szcz\u0119\u015bliwego Nowego 2025 roku wszystkim mieszka\u0144com Gminy Sadowne oraz naszym go\u015bciom!<\/strong><\/p>\n<p><span style=\"color: #0000ff;\"><a style=\"color: #0000ff;\" href=\"https:\/\/photos.app.goo.gl\/AqmYojWZWWgzaQhL6\" target=\"_blank\" rel=\"noopener\"><strong>Zdj\u0119cia w galerii Google&gt;&gt;&gt;<\/strong><\/a><\/span><\/p>\n<p><span style=\"color: #0000ff;\"><a style=\"color: #0000ff;\" href=\"https:\/\/www.youtube.com\/watch?fbclid=IwY2xjawHDv9hleHRuA2FlbQIxMQABHS0WQnsPD0iYNqCUMgH_8LlU3blnLMB1FwswYP18AtFTyeBPVEWYp2SVsQ_aem_htd_qvrAqBPkje0qmvL6Yg&amp;v=qw53rzAfl0k&amp;feature=youtu.be\" target=\"_blank\" rel=\"noopener\"><strong>Zobacz te\u017c film&gt;&gt;&gt;<\/strong><\/a><\/span><\/p>\n<p><strong>Tekst\/ foto:<\/strong> S\u0142awek Chyli\u0144ski<\/p>\n","protected":false},"excerpt":{"rendered":"<p>8 grudnia 2024 roku w Sadownem odby\u0142a si\u0119 gminna Wigilia. Uczestniczy\u0142o w niej kilkaset os\u00f3b.<\/p>\n","protected":false},"author":1,"featured_media":0,"comment_status":"closed","ping_status":"closed","sticky":false,"template":"","format":"standard","meta":{"footnotes":""},"categories":[5,91,6],"tags":[169,4218,3043,4064,614],"class_list":["post-29656","post","type-post","status-publish","format-standard","hentry","category-newsy","category-gminny-osrodek-kultury","category-kultura-rozrywka-edukacja","tag-gminny-osrodek-kultury-w-sadownem","tag-konkurs-na-najlepsza-potrawe-wigilijna-i-dekoracje-stolu","tag-samorzad-wojewodztwa-mazowieckiego","tag-wigilia-gminna-w-sadownem","tag-wojt-gminy-sadowne"],"views":2309,"_links":{"self":[{"href":"https:\/\/info.sadowne.pl\/index.php?rest_route=\/wp\/v2\/posts\/29656","targetHints":{"allow":["GET"]}}],"collection":[{"href":"https:\/\/info.sadowne.pl\/index.php?rest_route=\/wp\/v2\/posts"}],"about":[{"href":"https:\/\/info.sadowne.pl\/index.php?rest_route=\/wp\/v2\/types\/post"}],"author":[{"embeddable":true,"href":"https:\/\/info.sadowne.pl\/index.php?rest_route=\/wp\/v2\/users\/1"}],"replies":[{"embeddable":true,"href":"https:\/\/info.sadowne.pl\/index.php?rest_route=%2Fwp%2Fv2%2Fcomments&post=29656"}],"version-history":[{"count":1,"href":"https:\/\/info.sadowne.pl\/index.php?rest_route=\/wp\/v2\/posts\/29656\/revisions"}],"predecessor-version":[{"id":29658,"href":"https:\/\/info.sadowne.pl\/index.php?rest_route=\/wp\/v2\/posts\/29656\/revisions\/29658"}],"wp:attachment":[{"href":"https:\/\/info.sadowne.pl\/index.php?rest_route=%2Fwp%2Fv2%2Fmedia&parent=29656"}],"wp:term":[{"taxonomy":"category","embeddable":true,"href":"https:\/\/info.sadowne.pl\/index.php?rest_route=%2Fwp%2Fv2%2Fcategories&post=29656"},{"taxonomy":"post_tag","embeddable":true,"href":"https:\/\/info.sadowne.pl\/index.php?rest_route=%2Fwp%2Fv2%2Ftags&post=29656"}],"curies":[{"name":"wp","href":"https:\/\/api.w.org\/{rel}","templated":true}]}}