{"id":29659,"date":"2024-12-09T14:21:23","date_gmt":"2024-12-09T13:21:23","guid":{"rendered":"http:\/\/info.sadowne.pl\/?p=29659"},"modified":"2024-12-09T14:21:23","modified_gmt":"2024-12-09T13:21:23","slug":"funkcjonuje-strona-naszego-cmentarza","status":"publish","type":"post","link":"https:\/\/info.sadowne.pl\/?p=29659","title":{"rendered":"Funkcjonuje strona naszego cmentarza"},"content":{"rendered":"<p><strong><a href=\"http:\/\/info.sadowne.pl\/wp-content\/uploads\/2024\/12\/2024.12.09.2.jpg\" target=\"_blank\" rel=\"noopener\"><img loading=\"lazy\" decoding=\"async\" class=\"alignleft wp-image-29660 size-thumbnail\" src=\"http:\/\/info.sadowne.pl\/wp-content\/uploads\/2024\/12\/2024.12.09.2-180x130.jpg\" alt=\"\" width=\"180\" height=\"130\" \/><\/a>Jak informuje Parafia pw. \u015bw. Jana Chrzciciela w Sadownem, uruchomiona zosta\u0142a strona internetowa cmentarza parafialnego w Sadownem.<\/strong><!--more--><\/p>\n<p><strong>Na stronie dost\u0119pne s\u0105 zak\u0142adki: Wyszukiwarka os\u00f3b pochowanych, Ostatnio pochowani, Rocznice \u015bmierci i urodzin, Cennik cmentarza, Szczeg\u00f3\u0142owa mapa cmentarza i Regulamin cmentarza.<\/strong><\/p>\n<p><strong>Na stronie mo\u017cna te\u017c zarejestrowa\u0107 si\u0119 jako dysponent lub opiekun grobu, a tak\u017ce zap\u0142aci\u0107 za przed\u0142u\u017cenie dzier\u017cawy grobu.<\/strong><\/p>\n<p><strong>W imieniu administratora zapraszamy na stron\u0119 <span style=\"color: #0000ff;\"><a style=\"color: #0000ff;\" href=\"https:\/\/sadowne.grobonet.com\/\" target=\"_blank\" rel=\"noopener\">https:\/\/sadowne.grobonet.com\/<\/a><\/span>.<\/strong><\/p>\n","protected":false},"excerpt":{"rendered":"<p>Jak informuje Parafia pw. \u015bw. Jana Chrzciciela w Sadownem, uruchomiona zosta\u0142a strona internetowa cmentarza parafialnego w Sadownem.<\/p>\n","protected":false},"author":1,"featured_media":0,"comment_status":"closed","ping_status":"closed","sticky":false,"template":"","format":"standard","meta":{"footnotes":""},"categories":[5,1],"tags":[471,2199,4219],"class_list":["post-29659","post","type-post","status-publish","format-standard","hentry","category-newsy","category-inne","tag-cmentarz-w-sadownem","tag-parafia-pw-sw-jana-chrzciciela-w-sadownem","tag-strona-internetowa-cmentarza-w-sadownem"],"views":3739,"_links":{"self":[{"href":"https:\/\/info.sadowne.pl\/index.php?rest_route=\/wp\/v2\/posts\/29659","targetHints":{"allow":["GET"]}}],"collection":[{"href":"https:\/\/info.sadowne.pl\/index.php?rest_route=\/wp\/v2\/posts"}],"about":[{"href":"https:\/\/info.sadowne.pl\/index.php?rest_route=\/wp\/v2\/types\/post"}],"author":[{"embeddable":true,"href":"https:\/\/info.sadowne.pl\/index.php?rest_route=\/wp\/v2\/users\/1"}],"replies":[{"embeddable":true,"href":"https:\/\/info.sadowne.pl\/index.php?rest_route=%2Fwp%2Fv2%2Fcomments&post=29659"}],"version-history":[{"count":1,"href":"https:\/\/info.sadowne.pl\/index.php?rest_route=\/wp\/v2\/posts\/29659\/revisions"}],"predecessor-version":[{"id":29661,"href":"https:\/\/info.sadowne.pl\/index.php?rest_route=\/wp\/v2\/posts\/29659\/revisions\/29661"}],"wp:attachment":[{"href":"https:\/\/info.sadowne.pl\/index.php?rest_route=%2Fwp%2Fv2%2Fmedia&parent=29659"}],"wp:term":[{"taxonomy":"category","embeddable":true,"href":"https:\/\/info.sadowne.pl\/index.php?rest_route=%2Fwp%2Fv2%2Fcategories&post=29659"},{"taxonomy":"post_tag","embeddable":true,"href":"https:\/\/info.sadowne.pl\/index.php?rest_route=%2Fwp%2Fv2%2Ftags&post=29659"}],"curies":[{"name":"wp","href":"https:\/\/api.w.org\/{rel}","templated":true}]}}