{"id":29665,"date":"2024-12-10T18:59:53","date_gmt":"2024-12-10T17:59:53","guid":{"rendered":"http:\/\/info.sadowne.pl\/?p=29665"},"modified":"2024-12-10T18:59:53","modified_gmt":"2024-12-10T17:59:53","slug":"bajki-i-satyry-ignacy-krasicki","status":"publish","type":"post","link":"https:\/\/info.sadowne.pl\/?p=29665","title":{"rendered":"Bajki i satyry \u2013 Ignacy Krasicki"},"content":{"rendered":"<p><a href=\"http:\/\/info.sadowne.pl\/wp-content\/uploads\/2024\/12\/2024.12.10.1.jpg\" target=\"_blank\" rel=\"noopener\"><img loading=\"lazy\" decoding=\"async\" class=\"alignleft wp-image-29666 size-thumbnail\" src=\"http:\/\/info.sadowne.pl\/wp-content\/uploads\/2024\/12\/2024.12.10.1-180x130.jpg\" alt=\"\" width=\"180\" height=\"130\" \/><\/a><\/p>\n<p><strong>10 grudnia 2024 roku w Zespole Szk\u00f3\u0142 Ponadpodstawowych w Sadownem ju\u017c po raz si\u00f3dmy odby\u0142 si\u0119 Turniej Lektur Szkolnych. W tym roku na scenie prezentowano tw\u00f3rczo\u015b\u0107 Ignacego Krasickiego.<\/strong><!--more--><\/p>\n<p><strong>W tym roku to ju\u017c si\u00f3dma edycja Turnieju Lektur Szkolnych, kt\u00f3ry odbywa si\u0119 w sadowie\u0144skim Zespole Szk\u00f3\u0142 Ponadpodstawowych. Jego pomys\u0142odawczyni\u0105 i organizatork\u0105 od pierwszej edycji jest p. Miros\u0142awa Renik<\/strong>, kt\u00f3ra na co dzie\u0144 dba o ksi\u0119gozbi\u00f3r szkolny, jego poczytno\u015b\u0107 przez uczni\u00f3w oraz zaopatrzenie biblioteki we wszelkie nowo\u015bci wydawnicze. I bardzo wa\u017cna informacja: Turniej odby\u0142 si\u0119 w ramach realizacji zadnia z \u201eNarodowego Programu Rozwoju Czytelnictwa 2.0 na lata 2021 \u2013 2025\u201d Ministerstwa Edukacji Narodowej.<\/p>\n<p>W Turnieju zawsze bior\u0105 udzia\u0142 wszystkie klasy Liceum Og\u00f3lnokszta\u0142c\u0105cego oraz Technikum \u017bywienia i Us\u0142ug Gastronomicznych, a polega on na zaprezentowaniu w formie przedstawienia fragmentu aktualnej lektury szkolnej, w tym roku s\u0105 to bajki i satyry Ignacego Krasickiego.<\/p>\n<p><strong><em>Ignacy B\u0142a\u017cej Franciszek Krasicki (1735-1801) <\/em><\/strong><em>&#8211; pisarz i duchowny katolicki, by\u0142 biskupem warmi\u0144skim i arcybiskupem gnie\u017anie\u0144skim. Znany jest przede wszystkim jako doskona\u0142y poeta, najs\u0142ynniejszy przedstawiciel polskiego O\u015bwiecenia oraz prekursor polskiej powie\u015bci nowo\u017cytnej.<\/em><\/p>\n<p><em>Pocz\u0105tek kariery literackiej Ksi\u0119cia Biskupa to rok 1775. Wtedy na obiadach czwartkowych u Stanis\u0142awa Augusta Krasicki zaprezentowa\u0142 fragmenty poematu heroikomicznego &#8222;Myszeida&#8221;. Wielk\u0105 popularno\u015b\u0107 zdoby\u0142a te\u017c jego strofa &#8222;Hymn do mi\u0142o\u015bci ojczyzny&#8221;, pe\u0142ni\u0105ca wr\u0119cz funkcj\u0119 nieoficjalnego hymnu Polski. Jako reprezentant klasycyzmu, zwykle decydowa\u0142 si\u0119 na gatunki literackie o antycznym rodowodzie: bajk\u0119, satyr\u0119, poemat heroikomiczny oraz dialog zmar\u0142ych, mog\u0105cy si\u0119 dzi\u015b wydawa\u0107 form\u0105 szczeg\u00f3lnie egzotyczn\u0105 a wr\u0119cz ezoteryczn\u0105 literacko. Pos\u0142ugiwa\u0142 si\u0119 do\u015b\u0107 \u0142atwym do rozszyfrowania pseudonimem literackim X.B.W. \u2013 Xi\u0105\u017ce Biskup Warmi\u0144ski.<\/em><\/p>\n<p><em>Nowy w Polsce gatunek literacki jakim by\u0142a powie\u015b\u0107 wykorzysta\u0142 w Miko\u0142aja Do\u015bwiadczy\u0144skiego Przypadkach (1776 ) oraz Panu Podstolim (1778-1784). W obu powie\u015bciach wida\u0107 zachowanie r\u00f3wnowagi mi\u0119dzy funkcj\u0105 dostarczania przyjemno\u015bci z obcowania z pi\u0119knem, oddzia\u0142ywaniem na uczucia oraz edukacj\u0105, podobnie jak w retoryce antycznej. Oba utwory propagowa\u0142y te\u017c w\u00f3r przyk\u0142adnego obywatela i zapobiegliwego gospodarza w my\u015bl idei fizjokratyzmu.<\/em><\/p>\n<p><em>Szczeg\u00f3lnie p\u0142odne artystycznie okaza\u0142y si\u0119 lata 1775-1780. Ukaza\u0142a si\u0119 wtedy Myszeida, Monachomachia (1778 r., anonimowo, powsta\u0142a pono\u0107 na tle rozmowy z Fryderykiem II), Satyry oraz Bajki i przypowie\u015bci (1776-1778), kt\u00f3re stanowi\u0105 najtrwalszy pomnik literacki O\u015bwiecenia stanis\u0142awowskiego. Jeszcze w roku 1778 ukaza\u0142 si\u0119 francuski, a dziesi\u0119\u0107 lat p\u00f3\u017aniej niemiecki przek\u0142ad Myszeidy. Wyda\u0142 r\u00f3wnie\u017c komedi\u0119 Solenizant, Statysta i \u0141garz, jednak pos\u0142u\u017cy\u0142 si\u0119 pseudonimem Micha\u0142 Mowi\u0144ski. <\/em><\/p>\n<p><strong>Turniej\u2026<\/strong><\/p>\n<p>10 grudnia w sali gimnastycznej Liceum go\u015bci oraz uczni\u00f3w powitali organizatorzy Turnieju: Dyrektor ZSP w Sadownem p. S\u0142awomir Ryszawa i p. Miros\u0142awa Renik. Zebranym przedstawiono histori\u0119 i zasady Turnieju oraz zaprezentowano Komisj\u0119 Konkursow\u0105 \u2013 w tym roku w sk\u0142adzie: p. Miros\u0142awa Renik, p. Maria Dobies, p. Karolina Podg\u00f3rska i p. Janusz Sternicki.<\/p>\n<p>Ju\u017c du\u017co wcze\u015bniej dokonano losowania, podczas kt\u00f3rego ustalono, jakie utwory I. Krasickiego przygotuj\u0105 pod okiem wychowawc\u00f3w i zaprezentuj\u0105 poszczeg\u00f3lne klasy. W dniu dzisiejszym odby\u0142o si\u0119 natomiast losowanie \u201enumer\u00f3w startowych\u201d. Oto kolejno\u015b\u0107 wyst\u0119p\u00f3w:<\/p>\n<ol>\n<li>Klasa III Technikum Gastronomicznego, wychowawca \u2013 p. El\u017cbieta Rukat, utw\u00f3r \u2013 \u201eRolnik\u201d<\/li>\n<li>Klasa V Technikum Gastronomicznego, wychowawca \u2013 p. Magdalena Figo\u0144, utw\u00f3r \u2013 \u201eDo kr\u00f3la\u201d<\/li>\n<li>Klasa IV Liceum Og\u00f3lnokszta\u0142c\u0105cego, wychowawca \u2013 p. Marta Osman, utw\u00f3r \u2013 \u201eMa\u0142\u017ce\u0144stwo\u201d<\/li>\n<li>Klasa III Liceum Og\u00f3lnokszta\u0142c\u0105cego, wychowawca \u2013 p. Kamil Kie\u0142ek, utw\u00f3r \u2013 \u201ePrzyjaciele\u201d<\/li>\n<li>Klasa II Technikum Gastronomicznego, wychowawca \u2013 p. Urszula Subda, utw\u00f3r \u2013 \u201eKot i kogut\u201d<\/li>\n<li>Klasa I Liceum Og\u00f3lnokszta\u0142c\u0105cego, wychowawca \u2013 p. Beata Bodzon, utw\u00f3r \u2013 \u201eOjciec i dzieci\u0119\u201d<\/li>\n<li>Klasa II Liceum Og\u00f3lnokszta\u0142c\u0105cego, wychowawca \u2013 p. Mariusz W\u00f3jcik, utw\u00f3r \u2013 \u201e\u017bona modna\u201d<\/li>\n<li>Klasa IV Technikum Gastronomicznego, wychowawca \u2013 p. El\u017cbieta Derna\u0142owicz, utw\u00f3r \u2013 \u201eCzapla, ryby i rak\u201d<\/li>\n<\/ol>\n<p><strong>Po wyst\u0119pach Komisja Konkursowa uda\u0142a si\u0119 na narad\u0119. <\/strong>Czas ten wykorzysta\u0142 p. Dyrektor Ryszawa, losuj\u0105c wsp\u00f3lnie z ks. Krzysztofem Rzepczy\u0144skim tytu\u0142y kol\u0119d, kt\u00f3re za\u015bpiewaj\u0105 poszczeg\u00f3lne klasy podczas Turnieju Kol\u0119d 20 grudnia br. w ZSP Sadowne.<\/p>\n<p><strong>Po burzliwych obradach Komisji, wreszcie przyszed\u0142 czas na og\u0142oszenie wynik\u00f3w Turnieju Lektur Szkolnych. Oto one:<\/strong><\/p>\n<p><strong>I miejsce <\/strong><\/p>\n<p>\u2013 Klasa II Liceum Og\u00f3lnokszta\u0142c\u0105cego za utw\u00f3r \u201e\u017bona modna\u201d<\/p>\n<p>&#8211; Klasa IV Technikum Gastronomicznego za utw\u00f3r \u201eCzapla, ryby i rak\u201d<\/p>\n<p><strong>II miejsce<\/strong><\/p>\n<p>&#8211; Klasa III Liceum Og\u00f3lnokszta\u0142c\u0105cego za utw\u00f3r \u201ePrzyjaciele\u201d<\/p>\n<p>Miejsca trzeciego nie przyznano. Laureaci miejsca I-ego otrzymali nagrody finansowe w kwocie 350 z\u0142, a II-ego \u2013 200 z\u0142, sponsorowane przez Rad\u0119 Rodzic\u00f3w. Pozosta\u0142e klasy uczestnicz\u0105ce w Turnieju otrzyma\u0142y tak\u017ce nagrody w postaci voucher\u00f3w-np. szcz\u0119\u015bliwy numerek, dodatkowe punkty na sprawdzianie czy mo\u017cliwo\u015bci niewykonania zadania domowego, itp.<\/p>\n<p><strong>By\u0142y te\u017c dodatkowe wyr\u00f3\u017cnienia: najlepsza aktorka<\/strong> \u2013 Magda Narowska, kl. II LO (rola \u017cony w \u201e\u017bonie modnej\u201d), <strong>najlepszy aktor<\/strong> \u2013 Miko\u0142aj Solarski, kl. II LO (rola m\u0119\u017ca w \u201e\u017bonie modnej\u201d), <strong>najlepszy kostium<\/strong> \u2013 Filip Mioduszewski, kl. IV TG (str\u00f3j raka w \u201eCzapli, rybach i raku\u201d).<\/p>\n<p><strong>Dodatkow\u0105 nagrod\u0119 &#8211; Starosty W\u0119growskiego<\/strong> \u2013 za scenografi\u0119 (staw w utworze \u201eCzapla, ryby i rak\u201d) otrzyma\u0142a klasa IV Technikum Gastronomicznego i wychowawca p. El\u017cbieta Derna\u0142owicz.<\/p>\n<p><strong>Nagrody wr\u0119czyli cz\u0142onkowie Komisji Konkursowej.<\/strong><\/p>\n<p><strong>Bardzo \u0142adne przedstawienia, bardzo dobra gra aktorska, kostiumy i scenografia. Gratulacje dla wszystkich klas i ich wychowawc\u00f3w.<\/strong> I jeszcze jedno \u2013 Miko\u0142ajki min\u0119\u0142y i Miko\u0142aj ju\u017c sobie pojecha\u0142, dlatego prosz\u0119 si\u0119 nie dziwi\u0107, \u017ce za niego \u201erobot\u0119 wykona\u0142\u201d mi\u015b, cz\u0119stuj\u0105c wszystkich obecnych cukierkami.<\/p>\n<p><span style=\"color: #0000ff;\"><a style=\"color: #0000ff;\" href=\"https:\/\/photos.app.goo.gl\/Bwgwg6cqk7MGoNaJ7\" target=\"_blank\" rel=\"noopener\"><strong>Zdj\u0119cia w galerii Google&gt;&gt;&gt;<\/strong><\/a><\/span><\/p>\n<p><strong>Tekst\/foto: S\u0142awek Chyli\u0144ski<\/strong><\/p>\n<p><strong>\u0179r\u00f3d\u0142o:<\/strong> <a href=\"https:\/\/poezja.org\/wz\/Ignacy_Krasicki\/\">https:\/\/poezja.org\/wz\/Ignacy_Krasicki\/<\/a><\/p>\n","protected":false},"excerpt":{"rendered":"<p>10 grudnia 2024 roku w Zespole Szk\u00f3\u0142 Ponadpodstawowych w Sadownem ju\u017c po raz si\u00f3dmy odby\u0142 si\u0119 Turniej Lektur Szkolnych. W tym roku na scenie prezentowano tw\u00f3rczo\u015b\u0107 Ignacego Krasickiego.<\/p>\n","protected":false},"author":1,"featured_media":0,"comment_status":"closed","ping_status":"closed","sticky":false,"template":"","format":"standard","meta":{"footnotes":""},"categories":[5,1752,85],"tags":[428,3670,3197],"class_list":["post-29665","post","type-post","status-publish","format-standard","hentry","category-newsy","category-edukacja","category-zsp","tag-miroslawa-renik","tag-turniej-lektur-szkolnych-w-sadownem","tag-zespol-szkol-ponadpodstawowych-w-sadownem"],"views":1622,"_links":{"self":[{"href":"https:\/\/info.sadowne.pl\/index.php?rest_route=\/wp\/v2\/posts\/29665","targetHints":{"allow":["GET"]}}],"collection":[{"href":"https:\/\/info.sadowne.pl\/index.php?rest_route=\/wp\/v2\/posts"}],"about":[{"href":"https:\/\/info.sadowne.pl\/index.php?rest_route=\/wp\/v2\/types\/post"}],"author":[{"embeddable":true,"href":"https:\/\/info.sadowne.pl\/index.php?rest_route=\/wp\/v2\/users\/1"}],"replies":[{"embeddable":true,"href":"https:\/\/info.sadowne.pl\/index.php?rest_route=%2Fwp%2Fv2%2Fcomments&post=29665"}],"version-history":[{"count":1,"href":"https:\/\/info.sadowne.pl\/index.php?rest_route=\/wp\/v2\/posts\/29665\/revisions"}],"predecessor-version":[{"id":29667,"href":"https:\/\/info.sadowne.pl\/index.php?rest_route=\/wp\/v2\/posts\/29665\/revisions\/29667"}],"wp:attachment":[{"href":"https:\/\/info.sadowne.pl\/index.php?rest_route=%2Fwp%2Fv2%2Fmedia&parent=29665"}],"wp:term":[{"taxonomy":"category","embeddable":true,"href":"https:\/\/info.sadowne.pl\/index.php?rest_route=%2Fwp%2Fv2%2Fcategories&post=29665"},{"taxonomy":"post_tag","embeddable":true,"href":"https:\/\/info.sadowne.pl\/index.php?rest_route=%2Fwp%2Fv2%2Ftags&post=29665"}],"curies":[{"name":"wp","href":"https:\/\/api.w.org\/{rel}","templated":true}]}}