{"id":29684,"date":"2024-12-15T14:03:57","date_gmt":"2024-12-15T13:03:57","guid":{"rendered":"http:\/\/info.sadowne.pl\/?p=29684"},"modified":"2024-12-15T14:03:57","modified_gmt":"2024-12-15T13:03:57","slug":"mikolajki-w-sadowienskim-przedszkolu","status":"publish","type":"post","link":"https:\/\/info.sadowne.pl\/?p=29684","title":{"rendered":"Miko\u0142ajki w sadowie\u0144skim Przedszkolu"},"content":{"rendered":"<p><strong><a href=\"http:\/\/info.sadowne.pl\/wp-content\/uploads\/2024\/12\/2024.12.15.1.jpg\" target=\"_blank\" rel=\"noopener\"><img loading=\"lazy\" decoding=\"async\" class=\"alignleft wp-image-29685 size-thumbnail\" src=\"http:\/\/info.sadowne.pl\/wp-content\/uploads\/2024\/12\/2024.12.15.1-180x130.jpg\" alt=\"\" width=\"180\" height=\"130\" \/><\/a>Po raz kolejny rodzice maluch\u00f3w z Przedszkola w Sadownem przygotowali przedstawienie teatralne.<\/strong><!--more--><\/p>\n<p>Tym razem zaprezentowali Miko\u0142ajki &#8211; rado\u015b\u0107 z ogl\u0105dania rodzic\u00f3w w roli Miko\u0142aja, \u015anie\u017cynek i znanych postaci filmowych da si\u0119 s\u0142ysze\u0107 w tle filmu.<\/p>\n<p>W imieniu p. Dyrektor Przedszkola Agaty S\u0119dek i internaut\u00f3w, przekazujemy wielkie podzi\u0119kowania dla rodzic\u00f3w bior\u0105cych udzia\u0142 w przedstawieniu. Dzi\u0119kujemy za kolejn\u0105 inicjatyw\u0119, kontynuowanie dobrej wsp\u00f3\u0142pracy w \u015brodowisku przedszkolnym i dzielenie si\u0119 swoim wolnym czasem z innymi. Oczywi\u015bcie ch\u0119ci to nie wszystko \u2013 w tym przypadku zgra\u0142o si\u0119 ze sob\u0105: nowe przedszkole, nowe wyzwania, nowe plany i\u2026 ludzie.<\/p>\n<p>Wszystko si\u0119 uda! Z takimi talentami, kt\u00f3re zaprezentowa\u0142y si\u0119 na przedszkolnej scenie, nie ma w\u0105tpliwo\u015bci, \u017ce z \u0142atwo\u015bci\u0105 mo\u017cna patrze\u0107 w przysz\u0142o\u015b\u0107. \u017byczymy powodzenia i czekamy na kolejne inicjatywy.<\/p>\n<p><strong>Weso\u0142ych \u015awi\u0105t!<\/strong><\/p>\n<p><strong>Obejrzyjmy film z przedstawienia, kt\u00f3ry przygotowali dla nas rodzice \u2013<\/strong><\/p>\n<p><iframe loading=\"lazy\" title=\"YouTube video player\" src=\"https:\/\/www.youtube.com\/embed\/EsjKy8qVzIs?si=uv49eZ4FrqDzZP5M\" width=\"560\" height=\"315\" frameborder=\"0\" allowfullscreen=\"allowfullscreen\"><\/iframe><\/p>\n","protected":false},"excerpt":{"rendered":"<p>Po raz kolejny rodzice maluch\u00f3w z Przedszkola w Sadownem przygotowali przedstawienie teatralne.<\/p>\n","protected":false},"author":1,"featured_media":0,"comment_status":"closed","ping_status":"closed","sticky":false,"template":"","format":"standard","meta":{"footnotes":""},"categories":[5,1752,561],"tags":[4222,2286],"class_list":["post-29684","post","type-post","status-publish","format-standard","hentry","category-newsy","category-edukacja","category-przedszkole-w-sadownem","tag-mikolajki-w-przedszkolu-w-sadownem","tag-przedszkole-w-sadownem"],"views":1524,"_links":{"self":[{"href":"https:\/\/info.sadowne.pl\/index.php?rest_route=\/wp\/v2\/posts\/29684","targetHints":{"allow":["GET"]}}],"collection":[{"href":"https:\/\/info.sadowne.pl\/index.php?rest_route=\/wp\/v2\/posts"}],"about":[{"href":"https:\/\/info.sadowne.pl\/index.php?rest_route=\/wp\/v2\/types\/post"}],"author":[{"embeddable":true,"href":"https:\/\/info.sadowne.pl\/index.php?rest_route=\/wp\/v2\/users\/1"}],"replies":[{"embeddable":true,"href":"https:\/\/info.sadowne.pl\/index.php?rest_route=%2Fwp%2Fv2%2Fcomments&post=29684"}],"version-history":[{"count":1,"href":"https:\/\/info.sadowne.pl\/index.php?rest_route=\/wp\/v2\/posts\/29684\/revisions"}],"predecessor-version":[{"id":29686,"href":"https:\/\/info.sadowne.pl\/index.php?rest_route=\/wp\/v2\/posts\/29684\/revisions\/29686"}],"wp:attachment":[{"href":"https:\/\/info.sadowne.pl\/index.php?rest_route=%2Fwp%2Fv2%2Fmedia&parent=29684"}],"wp:term":[{"taxonomy":"category","embeddable":true,"href":"https:\/\/info.sadowne.pl\/index.php?rest_route=%2Fwp%2Fv2%2Fcategories&post=29684"},{"taxonomy":"post_tag","embeddable":true,"href":"https:\/\/info.sadowne.pl\/index.php?rest_route=%2Fwp%2Fv2%2Ftags&post=29684"}],"curies":[{"name":"wp","href":"https:\/\/api.w.org\/{rel}","templated":true}]}}