{"id":29703,"date":"2024-12-26T16:47:58","date_gmt":"2024-12-26T15:47:58","guid":{"rendered":"http:\/\/info.sadowne.pl\/?p=29703"},"modified":"2024-12-26T16:47:58","modified_gmt":"2024-12-26T15:47:58","slug":"wyprawa-na-gwardie-maj-1831","status":"publish","type":"post","link":"https:\/\/info.sadowne.pl\/?p=29703","title":{"rendered":"WYPRAWA NA GWARDIE \u2013 MAJ 1831"},"content":{"rendered":"<p><strong><a href=\"http:\/\/info.sadowne.pl\/wp-content\/uploads\/2024\/12\/Brok207.jpg\" target=\"_blank\" rel=\"noopener\"><img loading=\"lazy\" decoding=\"async\" class=\"alignleft wp-image-29704 size-thumbnail\" src=\"http:\/\/info.sadowne.pl\/wp-content\/uploads\/2024\/12\/Brok207-180x130.jpg\" alt=\"\" width=\"180\" height=\"130\" \/><\/a>Dzisiaj, nietypowe opracowanie materia\u0142\u00f3w z prasy archiwalnej, bo obejmuj\u0105ce tylko jeden artyku\u0142. To relacja wodza naczelnego Powstania Listopadowego z tak zwanej \u201eWyprawy na gwardie\u201d w maju 1831 r.<\/strong><!--more--><\/p>\n<p>Na prze\u0142omie kwietnia i maja 1831 r. na frontach Powstania Listopadowego nasta\u0142 okres bezumownego zawieszenia broni. Czas dzia\u0142a\u0142 na korzy\u015b\u0107 dysponuj\u0105cych ogromnymi rezerwami Rosjan, wi\u0119c na wodza naczelnego zacz\u0119to wywiera\u0107 naciski, by podj\u0105\u0142 zdecydowane dzia\u0142ania. Pierwsza koncepcja m\u00f3wi\u0142a o wydaniu walnej bitwy operuj\u0105cemu w rejonie Siedlec feldmarsza\u0142kowi Iwanowi Dybiczowi. Drugi, opracowany przez gen. Ignacego Pr\u0105dzy\u0144skiego plan, zak\u0142ada\u0142 uderzenie na zgromadzone pomi\u0119dzy Bugiem i Narwi\u0105 doborowe formacje rosyjskie zwane gwardiami, a sk\u0142adaj\u0105ce si\u0119 na Korpus dowodzony przez wielkiego ksi\u0119cia Micha\u0142a Paw\u0142owicza Romanowa. Gwardie stanowi\u0142y zarazem reprezentacyjne formacje Imperium Rosyjskiego. By\u0142y najlepiej wyposa\u017cone, ze staranniej dobranym rekrutem, kadra oficerska sk\u0142ada\u0142a si\u0119 w wielkiej cz\u0119\u015bci z ambitnych arystokrat\u00f3w.<\/p>\n<p><strong>Wi\u0119cej na stronie <span style=\"color: #0000ff;\"><a style=\"color: #0000ff;\" href=\"https:\/\/madzelan.cba.pl\/wyprawa-na-gwardie-maj-1831\/\" target=\"_blank\" rel=\"noopener\">https:\/\/madzelan.cba.pl\/wyprawa-na-gwardie-maj-1831\/<\/a><\/span><\/strong><\/p>\n<p>&nbsp;<\/p>\n","protected":false},"excerpt":{"rendered":"<p>Dzisiaj, nietypowe opracowanie materia\u0142\u00f3w z prasy archiwalnej, bo obejmuj\u0105ce tylko jeden artyku\u0142. To relacja wodza naczelnego Powstania Listopadowego z tak zwanej \u201eWyprawy na gwardie\u201d w maju 1831 r.<\/p>\n","protected":false},"author":1,"featured_media":0,"comment_status":"closed","ping_status":"closed","sticky":false,"template":"","format":"standard","meta":{"footnotes":""},"categories":[5,3436,31],"tags":[3004,2956],"class_list":["post-29703","post","type-post","status-publish","format-standard","hentry","category-newsy","category-opowiesci-historie-legendy-brokowskie-i-nie-tylko","category-historia-gminy","tag-jerzy-madzelan","tag-opowiesci-historie-legendy-brokowskie-i-nie-tylko"],"views":1173,"_links":{"self":[{"href":"https:\/\/info.sadowne.pl\/index.php?rest_route=\/wp\/v2\/posts\/29703","targetHints":{"allow":["GET"]}}],"collection":[{"href":"https:\/\/info.sadowne.pl\/index.php?rest_route=\/wp\/v2\/posts"}],"about":[{"href":"https:\/\/info.sadowne.pl\/index.php?rest_route=\/wp\/v2\/types\/post"}],"author":[{"embeddable":true,"href":"https:\/\/info.sadowne.pl\/index.php?rest_route=\/wp\/v2\/users\/1"}],"replies":[{"embeddable":true,"href":"https:\/\/info.sadowne.pl\/index.php?rest_route=%2Fwp%2Fv2%2Fcomments&post=29703"}],"version-history":[{"count":1,"href":"https:\/\/info.sadowne.pl\/index.php?rest_route=\/wp\/v2\/posts\/29703\/revisions"}],"predecessor-version":[{"id":29705,"href":"https:\/\/info.sadowne.pl\/index.php?rest_route=\/wp\/v2\/posts\/29703\/revisions\/29705"}],"wp:attachment":[{"href":"https:\/\/info.sadowne.pl\/index.php?rest_route=%2Fwp%2Fv2%2Fmedia&parent=29703"}],"wp:term":[{"taxonomy":"category","embeddable":true,"href":"https:\/\/info.sadowne.pl\/index.php?rest_route=%2Fwp%2Fv2%2Fcategories&post=29703"},{"taxonomy":"post_tag","embeddable":true,"href":"https:\/\/info.sadowne.pl\/index.php?rest_route=%2Fwp%2Fv2%2Ftags&post=29703"}],"curies":[{"name":"wp","href":"https:\/\/api.w.org\/{rel}","templated":true}]}}