{"id":29717,"date":"2024-12-30T16:24:06","date_gmt":"2024-12-30T15:24:06","guid":{"rendered":"http:\/\/info.sadowne.pl\/?p=29717"},"modified":"2024-12-30T16:24:06","modified_gmt":"2024-12-30T15:24:06","slug":"kronika-strazacka-23-29-12-2024","status":"publish","type":"post","link":"https:\/\/info.sadowne.pl\/?p=29717","title":{"rendered":"Kronika stra\u017cacka 23 \u2013 29.12.2024"},"content":{"rendered":"<p><strong><a href=\"http:\/\/info.sadowne.pl\/wp-content\/uploads\/2023\/06\/straz3-scaled.jpg\"><img loading=\"lazy\" decoding=\"async\" class=\"alignleft size-thumbnail wp-image-27687\" src=\"http:\/\/info.sadowne.pl\/wp-content\/uploads\/2023\/06\/straz3-180x130.jpg\" alt=\"\" width=\"180\" height=\"130\" \/><\/a>W<\/strong><strong> okresie<\/strong><strong> 23 &#8211; 29.12.2024 na<\/strong><strong> terenie<\/strong><strong> powiatu<\/strong><strong> w\u0119growskiego<\/strong><strong> zanotowano:<\/strong><strong> 11 zdarze\u0144,<\/strong><strong> przy<\/strong><strong> kt\u00f3rych<\/strong><strong> interweniowa\u0142y<\/strong><strong> jednostki<\/strong><strong> ochrony<\/strong><strong> przeciwpo\u017carowej, w tym:<\/strong><strong> 4 po\u017cary, 6 miejscowych zagro\u017ce\u0144 i 1 alarm fa\u0142szywy.<\/strong><strong>\u00a0<\/strong><!--more--><\/p>\n<p><strong>23.12.2024 \u2013 W\u0119gr\u00f3w, ul. Mistrza Twardowskiego \u2013 Budynek mieszkalny \u2013 sadze w kominie.<\/strong><\/p>\n<p>Do po\u017caru zadysponowano zast\u0119p JRG W\u0119gr\u00f3w oraz OSP W\u0119gr\u00f3w. Stra\u017cacy zabezpieczyli miejsce zdarzenia, podano 1 pr\u0105d proszku ga\u015bniczego od do\u0142u przewodu kominowego. Sprawdzono kamer\u0105 termowizyjna temperatur\u0119 \u015bciany kominowej i komin na poddaszu. Przewietrzono pomieszczenia i\u00a0 sprawdzono je detektorem wielogazowym, kt\u00f3ry nie wskazywa\u0142 zagro\u017cenia. Dok\u0142adnie wyczyszczono przew\u00f3d kominowy za pomoc\u0105 wycioru kominowego sukcesywnie wybieraj\u0105c nadpalon\u0105 elementy sadzy w przewodzie. Miejsce zdarzenia przekazano protoko\u0142em. Na tym dzia\u0142ania zako\u0144czono.<\/p>\n<p>W DZIA\u0141ANIACH RATOWNICZYCH UDZIA\u0141 BRA\u0141O: 2 zast\u0119py, 10 ratownik\u00f3w.<strong>\u00a0<\/strong><\/p>\n<p><strong>25.12.2024 \u2013 Stara Trzcianka, gm. Gr\u0119bk\u00f3w \u2013 <\/strong><strong>Autostrada A2 \u2013 zdarzenie drogowe<\/strong><strong>.<\/strong><\/p>\n<p>&#8222;SAMOCH\u00d3D LE\u017bACY W ROWIE\u00a0 NA OCINKU NOWEJ TRASY POMIEDZY WARSZAWA A SIEDLCAMI\u201d. \u00a0Na miejsce zdarzenia zadysponowane zosta\u0142y OSP Gr\u0119bk\u00f3w, OSP Ga\u0142ki oraz \u00a0JRG PSP W\u0119gr\u00f3w. Na miejscu zdarzenia stra\u017cacy stwierdzili, \u017ce na 539 km autostrady A2 w kierunku Siedlec na prawym pasie na boku le\u017cy pojazd osobowy. Pojazdem podr\u00f3\u017cowa\u0142y dwie osoby obywatelstwa s\u0142owe\u0144skiego, brak os\u00f3b poszkodowanych. Dzia\u0142ania zast\u0119p\u00f3w polega\u0142y na zabezpieczeniu miejsca zdarzenia. Na miejsce zdarzenia przyby\u0142a Policja. Po czynno\u015bciach wykonanych przez Policj\u0119, na pro\u015bb\u0119 Policjant\u00f3w usuni\u0119to pojazd na drog\u0119 techniczn\u0105. Miejsce zdarzenia przekazano pisemnie protoko\u0142em Policji. Na tym dzia\u0142ania zako\u0144czono, a zast\u0119py powr\u00f3ci\u0142y do koszar.<\/p>\n<p>W DZIA\u0141ANIACH RATOWNICZYCH UDZIA\u0141 BRA\u0141O: 4 zast\u0119py 21 ratownik\u00f3w.<strong>\u00a0<\/strong><\/p>\n<p><strong>25.12.2024 \u2013 Stoczek, ul. Wiejska \u2013 <\/strong><strong>Budyne<\/strong><strong>k mieszkalny jednorodzinny \u2013 po\u017car piwnicy.<\/strong><\/p>\n<p>Do zdarzenia zadysponowa\u0142o zast\u0119py OSP Stoczek, OSP Grygr\u00f3w, OSP Top\u00f3r oraz JRG PSP W\u0119gr\u00f3w. Na miejscu zdarzenia stra\u017cacy stwierdzili, \u017ce dosz\u0142o do po\u017caru w murowanym, jednorodzinnym budynku mieszkalnym w piwnicy (po\u017carem obj\u0119te pomieszczenie kot\u0142owni, w kt\u00f3rym znajduj\u0105 si\u0119 trzy magazyny energii). Mieszka\u0144cy opu\u015bcili budynek przed przybyciem stra\u017cy po\u017carnej, brak os\u00f3b poszkodowanych. Dzia\u0142ania pierwszych zast\u0119p\u00f3w OSP Stoczek polega\u0142y na zabezpieczeniu miejsca zdarzenia oraz podaniu dw\u00f3ch pr\u0105d\u00f3w wody w natarciu na po\u017car (ratownicy zabezpieczeni w sprz\u0119t ODO, jeden pr\u0105d wody przez okno, drugi do wewn\u0105trz budynku). Kolejne przyby\u0142e zast\u0119py OSP wspar\u0142y prowadzone dzia\u0142ania. Prowadzone dzia\u0142ania polega\u0142y na usuwaniu pojedynczych akumulator\u00f3w na zewn\u0105trz budynku z jednoczesnym prowadzeniem dzia\u0142a\u0144 ga\u015bniczych. Prowadzone dzia\u0142ania doprowadzi\u0142y do lokalizacji po\u017caru. Po wypompowaniu wody z piwnicy oraz oddymieniu i przewietrzeniu budynek sprawdzono kamer\u0105 termowizyjn\u0105 oraz sprawdzono na obecno\u015b\u0107 tlenku w\u0119gla. Po przekazaniu miejsca zdarzenia w\u0142a\u015bcicielowi z zaleceniami.<\/p>\n<p>W DZIA\u0141ANIACH RATOWNICZYCH UDZIA\u0141 BRA\u0141O: 5 zast\u0119p\u00f3w, 28 ratownik\u00f3w.<strong>\u00a0<\/strong><\/p>\n<p><strong>27.12.2024 \u2013 Szaruty, gm. Liw \u2013 Zderzenie samochod\u00f3w. Droga na Siedlce, skrzy\u017cowanie na Ruchn\u0119.<\/strong><\/p>\n<p>Do wypadku zosta\u0142y zadysponowane zast\u0119py 2 z \u00a0JRG PSP W\u0119gr\u00f3w oraz pobliskie OSP Ruchna. Na miejscu stra\u017cacy stwierdzili, \u017ce dosz\u0142o do zderzenia samochodu osobowego z naczep\u0105 ci\u0105gnika siod\u0142owego. Ci\u0105gnik wraz z naczep\u0105 znajduje si\u0119 na poboczu drogi DW969, samoch\u00f3d osobowy znajduje si\u0119 w rowie. Dwie osoby poszkodowane\u00a0 w samochodzie osobowym. Dzia\u0142ania zast\u0119p\u00f3w polega\u0142y na zabezpieczeniu i o\u015bwietleniu miejsca zdarzenia, zablokowano drog\u0119 w obydwu kierunkach ruchu. Osobom poszkodowanym udzielono kwalifikowanej pomocy przedmedycznej. Po doje\u017adzie ZRM przej\u0105\u0142 dzia\u0142ania medyczne. ZRM zabra\u0142 jedn\u0105 osob\u0119 poszkodowana do szpitala w W\u0119growie. Na tym dzia\u0142ania zako\u0144czono, zast\u0119py JRG powr\u00f3ci\u0142y do bazy. OSP Ruchna pozosta\u0142a na miejscu na pro\u015bb\u0119 policji w celu pomocy do czasu zako\u0144czenia dzia\u0142a\u0144 dochodzeniowo \u015bledczych.<\/p>\n<p>W DZIA\u0141ANIACH RATOWNICZYCH UDZIA\u0141 BRA\u0141O: 3 zast\u0119py, 13 ratownik\u00f3w.<\/p>\n<p><strong>KP PSP W\u0119gr\u00f3w<\/strong><\/p>\n","protected":false},"excerpt":{"rendered":"<p>W okresie 23 &#8211; 29.12.2024 na terenie powiatu w\u0119growskiego zanotowano: 11 zdarze\u0144, przy kt\u00f3rych interweniowa\u0142y jednostki ochrony przeciwpo\u017carowej, w tym: 4 po\u017cary, 6 miejscowych zagro\u017ce\u0144 i 1 alarm fa\u0142szywy.\u00a0<\/p>\n","protected":false},"author":1,"featured_media":0,"comment_status":"closed","ping_status":"closed","sticky":false,"template":"","format":"standard","meta":{"footnotes":""},"categories":[5,4,267],"tags":[491,643],"class_list":["post-29717","post","type-post","status-publish","format-standard","hentry","category-newsy","category-policja-straz-pozarna-pogotowie-ratunkowe","category-straz-pozarna-policja-straz-pozarna-pogotowie-ratunkowe","tag-komenda-powiatowa-panstwowej-strazy-pozarnej-w-wegrowie","tag-kronika-strazacka"],"views":1209,"_links":{"self":[{"href":"https:\/\/info.sadowne.pl\/index.php?rest_route=\/wp\/v2\/posts\/29717","targetHints":{"allow":["GET"]}}],"collection":[{"href":"https:\/\/info.sadowne.pl\/index.php?rest_route=\/wp\/v2\/posts"}],"about":[{"href":"https:\/\/info.sadowne.pl\/index.php?rest_route=\/wp\/v2\/types\/post"}],"author":[{"embeddable":true,"href":"https:\/\/info.sadowne.pl\/index.php?rest_route=\/wp\/v2\/users\/1"}],"replies":[{"embeddable":true,"href":"https:\/\/info.sadowne.pl\/index.php?rest_route=%2Fwp%2Fv2%2Fcomments&post=29717"}],"version-history":[{"count":1,"href":"https:\/\/info.sadowne.pl\/index.php?rest_route=\/wp\/v2\/posts\/29717\/revisions"}],"predecessor-version":[{"id":29718,"href":"https:\/\/info.sadowne.pl\/index.php?rest_route=\/wp\/v2\/posts\/29717\/revisions\/29718"}],"wp:attachment":[{"href":"https:\/\/info.sadowne.pl\/index.php?rest_route=%2Fwp%2Fv2%2Fmedia&parent=29717"}],"wp:term":[{"taxonomy":"category","embeddable":true,"href":"https:\/\/info.sadowne.pl\/index.php?rest_route=%2Fwp%2Fv2%2Fcategories&post=29717"},{"taxonomy":"post_tag","embeddable":true,"href":"https:\/\/info.sadowne.pl\/index.php?rest_route=%2Fwp%2Fv2%2Ftags&post=29717"}],"curies":[{"name":"wp","href":"https:\/\/api.w.org\/{rel}","templated":true}]}}