{"id":29755,"date":"2025-02-02T16:50:42","date_gmt":"2025-02-02T15:50:42","guid":{"rendered":"http:\/\/info.sadowne.pl\/?p=29755"},"modified":"2025-02-02T16:55:19","modified_gmt":"2025-02-02T15:55:19","slug":"zimowa-przerwa-pelna-przygod","status":"publish","type":"post","link":"https:\/\/info.sadowne.pl\/?p=29755","title":{"rendered":"GOK zaprasza na feryjne zaj\u0119cia!"},"content":{"rendered":"<p><strong><a href=\"http:\/\/info.sadowne.pl\/wp-content\/uploads\/2012\/11\/gok1.jpg\" target=\"_blank\" rel=\"noopener\"><img loading=\"lazy\" decoding=\"async\" class=\"alignleft wp-image-506 size-thumbnail\" src=\"http:\/\/info.sadowne.pl\/wp-content\/uploads\/2012\/11\/gok1-150x150.jpg\" alt=\"\" width=\"130\" height=\"130\" \/><\/a>Gminny O\u015brodek Kultury w Sadownem zaprasza wszystkie dzieci w wieku 5\u201314 lat na Ferie 2025.<\/strong><!--more--><\/p>\n<p>Od 3 do 14 lutego czeka mn\u00f3stwo atrakcji: gry i zabawy, kreatywne warsztaty, \u015bcianka wspinaczkowa, bal karnawa\u0142owy oraz wycieczka do Centrum Nauki Kopernik.<\/p>\n<p>Udzia\u0142 w zaj\u0119ciach jest bezp\u0142atny, a zapisy ju\u017c trwaj\u0105 \u2013 do\u0142\u0105cz do zimowej zabawy!<\/p>\n<p>Wi\u0119cej informacji znajdziesz na stronie GOK Sadowne i pod numerem tel.\u00a0507\u2011736\u2011021.<br class=\"html-br\" \/><br class=\"html-br\" \/>Regulamin i o\u015bwiadczenia na stronie:<br class=\"html-br\" \/><span style=\"color: #0000ff;\"><strong><span class=\"html-span xdj266r x11i5rnm xat24cr x1mh8g0r xexx8yu x4uap5 x18d9i69 xkhd6sd x1hl2dhg x16tdsg8 x1vvkbs\"><a class=\"x1i10hfl xjbqb8w x1ejq31n xd10rxx x1sy0etr x17r0tee x972fbf xcfux6l x1qhh985 xm0m39n x9f619 x1ypdohk xt0psk2 xe8uvvx xdj266r x11i5rnm xat24cr x1mh8g0r xexx8yu x4uap5 x18d9i69 xkhd6sd x16tdsg8 x1hl2dhg xggy1nq x1a2a7pz x1sur9pj xkrqix3 x1fey0fg x1s688f\" style=\"color: #0000ff;\" tabindex=\"0\" role=\"link\" href=\"https:\/\/l.facebook.com\/l.php?u=https%3A%2F%2Fgok.sadowne.pl%2Fwydarzenie-99-ferie_2025-szczegoly-5336.html%3Ffbclid%3DIwZXh0bgNhZW0CMTAAAR2a4Sxgj8UG_kgbYHnmoMpEUaGPWebmt7pweBVv2hZvWFWSQbmMxxklqHY_aem_mumpLY6DT_r6h55IAtq6CQ&amp;h=AT0QyltMCJn4YUVSWQ05UkbfOWs1p9KCTLVi-uvteZ5UjkPn8wXzfnc09P01y6Lo7PRStBhDykGltN0vcDhwXVhoCw2sWKIIGVcH9cvt90_4rSbxk2YfqTj5G6Hi7Ces6Utc&amp;__tn__=-UK*F&amp;c[0]=AT0_VaDCep1pNrC3J6BRsLJosCWoSNhu2LGPbUSzpVEbBhV9w7yF86eB9-zFyFX1t_-2nfu13dUou3-c5BWCuItLyCikmoiJg-aEOW4B_ZxRkNEYYCbE8HVWt1EstxK9GQN1oi7jc49IBaCg5izCdARDVYXJdlskwTEH5pmISDYi1mYq4lLMHh60k8bgG9CKGMzxGrmFTJ6U1xfPDOQAXEF-rHOb_vvq7pqmkvE40sfTUVT9EgkKMR6-\" target=\"_blank\" rel=\"nofollow noopener noreferrer\">https:\/\/gok.sadowne.pl\/wydarzenie-99-ferie_2025-szczegoly&#8230;<\/a><\/span><\/strong><\/span><\/p>\n<p><a href=\"http:\/\/info.sadowne.pl\/wp-content\/uploads\/2025\/01\/2025.01.18.1.jpg\"><img loading=\"lazy\" decoding=\"async\" class=\"aligncenter size-full wp-image-29756\" src=\"http:\/\/info.sadowne.pl\/wp-content\/uploads\/2025\/01\/2025.01.18.1.jpg\" alt=\"\" width=\"608\" height=\"860\" srcset=\"https:\/\/info.sadowne.pl\/wp-content\/uploads\/2025\/01\/2025.01.18.1.jpg 608w, https:\/\/info.sadowne.pl\/wp-content\/uploads\/2025\/01\/2025.01.18.1-212x300.jpg 212w\" sizes=\"auto, (max-width: 608px) 100vw, 608px\" \/><\/a><\/p>\n","protected":false},"excerpt":{"rendered":"<p>Gminny O\u015brodek Kultury w Sadownem zaprasza wszystkie dzieci w wieku 5\u201314 lat na Ferie 2025.<\/p>\n","protected":false},"author":1,"featured_media":0,"comment_status":"closed","ping_status":"closed","sticky":false,"template":"","format":"standard","meta":{"footnotes":""},"categories":[5,91,6],"tags":[4228,169,370],"class_list":["post-29755","post","type-post","status-publish","format-standard","hentry","category-newsy","category-gminny-osrodek-kultury","category-kultura-rozrywka-edukacja","tag-ferie-2025","tag-gminny-osrodek-kultury-w-sadownem","tag-zajecia-w-gok-sadowne"],"views":1467,"_links":{"self":[{"href":"https:\/\/info.sadowne.pl\/index.php?rest_route=\/wp\/v2\/posts\/29755","targetHints":{"allow":["GET"]}}],"collection":[{"href":"https:\/\/info.sadowne.pl\/index.php?rest_route=\/wp\/v2\/posts"}],"about":[{"href":"https:\/\/info.sadowne.pl\/index.php?rest_route=\/wp\/v2\/types\/post"}],"author":[{"embeddable":true,"href":"https:\/\/info.sadowne.pl\/index.php?rest_route=\/wp\/v2\/users\/1"}],"replies":[{"embeddable":true,"href":"https:\/\/info.sadowne.pl\/index.php?rest_route=%2Fwp%2Fv2%2Fcomments&post=29755"}],"version-history":[{"count":3,"href":"https:\/\/info.sadowne.pl\/index.php?rest_route=\/wp\/v2\/posts\/29755\/revisions"}],"predecessor-version":[{"id":29795,"href":"https:\/\/info.sadowne.pl\/index.php?rest_route=\/wp\/v2\/posts\/29755\/revisions\/29795"}],"wp:attachment":[{"href":"https:\/\/info.sadowne.pl\/index.php?rest_route=%2Fwp%2Fv2%2Fmedia&parent=29755"}],"wp:term":[{"taxonomy":"category","embeddable":true,"href":"https:\/\/info.sadowne.pl\/index.php?rest_route=%2Fwp%2Fv2%2Fcategories&post=29755"},{"taxonomy":"post_tag","embeddable":true,"href":"https:\/\/info.sadowne.pl\/index.php?rest_route=%2Fwp%2Fv2%2Ftags&post=29755"}],"curies":[{"name":"wp","href":"https:\/\/api.w.org\/{rel}","templated":true}]}}