{"id":29768,"date":"2025-01-24T16:32:36","date_gmt":"2025-01-24T15:32:36","guid":{"rendered":"http:\/\/info.sadowne.pl\/?p=29768"},"modified":"2025-01-24T16:32:36","modified_gmt":"2025-01-24T15:32:36","slug":"kosciol-parafialny-w-broku","status":"publish","type":"post","link":"https:\/\/info.sadowne.pl\/?p=29768","title":{"rendered":"KO\u015aCI\u00d3\u0141 PARAFIALNY W BROKU"},"content":{"rendered":"<p><strong><a href=\"http:\/\/info.sadowne.pl\/wp-content\/uploads\/2025\/01\/Brok211.jpg\" target=\"_blank\" rel=\"noopener\"><img loading=\"lazy\" decoding=\"async\" class=\"alignleft wp-image-29769 size-thumbnail\" src=\"http:\/\/info.sadowne.pl\/wp-content\/uploads\/2025\/01\/Brok211-180x130.jpg\" alt=\"\" width=\"180\" height=\"130\" \/><\/a>\u2026I JEGO PROBLEMATYKA KONSERWATORSKA NA PRZESTRZENI OSTATNIEGO STULECIA.<\/strong><!--more--><\/p>\n<p>Tomasz Grabowski, Ko\u015bci\u00f3\u0142 parafialny w Broku i jego problematyka konserwatorska na przestrzeni ostatniego stulecia, \u201eStudia \u0141om\u017cy\u0144skie\u201d 2013, T. 24, s. 221-236.<\/p>\n<p>Cyfryzacja artyku\u0142u w ramach platformy \u201ePodlaskie Czasopisma Regionalne\u201d.<\/p>\n<p>Brok jest to ma\u0142e miasto w wojew\u00f3dztwie mazowieckim, w powiecie ostrowskim. Po\u0142o\u017cenie w s\u0105siedztwie rzek Bug i Brok zaowocowa\u0142a w czasie powstawania miasta jego szybkim rozwojem. Ziemie, na kt\u00f3rych le\u017cy Brok w XV wieku by\u0142y we w\u0142adaniu biskupstwa p\u0142ockiego. Z inicjatywy biskup\u00f3w p\u0142ockich w XVI wieku, w Broku zosta\u0142 wybudowany pa\u0142ac biskupi i ko\u015bci\u00f3\u0142 pod wezwaniem \u015bw. Andrzeja Aposto\u0142a. Pa\u0142ac pe\u0142ni\u0142 rol\u0119 letniej rezydencji, w kt\u00f3rej bardzo ch\u0119tnie go\u015bcili p\u0142occy biskupi. Natomiast budowa ko\u015bcio\u0142a wp\u0142yn\u0119\u0142a zasadniczo na rozw\u00f3j miasta i jego urbanistyczne rozplanowanie. Wspomniany powy\u017cej pa\u0142ac nie przetrwa\u0142 pr\u00f3by czasu i dzisiaj o jego dawnej \u015bwietno\u015bci przypominaj\u0105 pozosta\u0142e ruiny. Ko\u015bci\u00f3\u0142 jako dobro wsp\u00f3lne mieszka\u0144c\u00f3w Broku, przetrwa\u0142 do wsp\u00f3\u0142czesnych czas\u00f3w w nienaruszonej formie architektonicznej.<\/p>\n<p><strong>Wi\u0119cej na stronie <span style=\"color: #0000ff;\"><a style=\"color: #0000ff;\" href=\"https:\/\/madzelan.cba.pl\/kosciol-parafialny-w-broku-i-jego-problematyka-konserwatorska-na-przestrzeni-ostatniego-stulecia\/\" target=\"_blank\" rel=\"noopener\">https:\/\/madzelan.cba.pl\/kosciol-parafialny-w-broku-i-jego-problematyka-konserwatorska-na-przestrzeni-ostatniego-stulecia\/<\/a><\/span><\/strong><\/p>\n","protected":false},"excerpt":{"rendered":"<p>\u2026I JEGO PROBLEMATYKA KONSERWATORSKA NA PRZESTRZENI OSTATNIEGO STULECIA.<\/p>\n","protected":false},"author":1,"featured_media":0,"comment_status":"closed","ping_status":"closed","sticky":false,"template":"","format":"standard","meta":{"footnotes":""},"categories":[5,3436,31],"tags":[745,3004,2956],"class_list":["post-29768","post","type-post","status-publish","format-standard","hentry","category-newsy","category-opowiesci-historie-legendy-brokowskie-i-nie-tylko","category-historia-gminy","tag-brok","tag-jerzy-madzelan","tag-opowiesci-historie-legendy-brokowskie-i-nie-tylko"],"views":1382,"_links":{"self":[{"href":"https:\/\/info.sadowne.pl\/index.php?rest_route=\/wp\/v2\/posts\/29768","targetHints":{"allow":["GET"]}}],"collection":[{"href":"https:\/\/info.sadowne.pl\/index.php?rest_route=\/wp\/v2\/posts"}],"about":[{"href":"https:\/\/info.sadowne.pl\/index.php?rest_route=\/wp\/v2\/types\/post"}],"author":[{"embeddable":true,"href":"https:\/\/info.sadowne.pl\/index.php?rest_route=\/wp\/v2\/users\/1"}],"replies":[{"embeddable":true,"href":"https:\/\/info.sadowne.pl\/index.php?rest_route=%2Fwp%2Fv2%2Fcomments&post=29768"}],"version-history":[{"count":1,"href":"https:\/\/info.sadowne.pl\/index.php?rest_route=\/wp\/v2\/posts\/29768\/revisions"}],"predecessor-version":[{"id":29770,"href":"https:\/\/info.sadowne.pl\/index.php?rest_route=\/wp\/v2\/posts\/29768\/revisions\/29770"}],"wp:attachment":[{"href":"https:\/\/info.sadowne.pl\/index.php?rest_route=%2Fwp%2Fv2%2Fmedia&parent=29768"}],"wp:term":[{"taxonomy":"category","embeddable":true,"href":"https:\/\/info.sadowne.pl\/index.php?rest_route=%2Fwp%2Fv2%2Fcategories&post=29768"},{"taxonomy":"post_tag","embeddable":true,"href":"https:\/\/info.sadowne.pl\/index.php?rest_route=%2Fwp%2Fv2%2Ftags&post=29768"}],"curies":[{"name":"wp","href":"https:\/\/api.w.org\/{rel}","templated":true}]}}