{"id":29771,"date":"2025-01-26T18:36:14","date_gmt":"2025-01-26T17:36:14","guid":{"rendered":"http:\/\/info.sadowne.pl\/?p=29771"},"modified":"2025-01-26T18:36:14","modified_gmt":"2025-01-26T17:36:14","slug":"w-sadownem-odslonieto-pomnik","status":"publish","type":"post","link":"https:\/\/info.sadowne.pl\/?p=29771","title":{"rendered":"W Sadownem ods\u0142oni\u0119to pomnik"},"content":{"rendered":"<p><a href=\"http:\/\/info.sadowne.pl\/wp-content\/uploads\/2025\/01\/2025.01.26.1.jpg\" target=\"_blank\" rel=\"noopener\"><img loading=\"lazy\" decoding=\"async\" class=\"alignleft wp-image-29772 size-thumbnail\" src=\"http:\/\/info.sadowne.pl\/wp-content\/uploads\/2025\/01\/2025.01.26.1-180x130.jpg\" alt=\"\" width=\"180\" height=\"130\" \/><\/a><\/p>\n<p><strong>26 stycznia 2025 roku na sadowie\u0144skim cmentarzu parafialnym ods\u0142oni\u0119to pomnik ku czci powsta\u0144c\u00f3w styczniowych pochodz\u0105cych z terenu gminy Sadowne.<\/strong><!--more--><\/p>\n<p><strong>Uroczysto\u015b\u0107 zaszczycili swoj\u0105 obecno\u015bci\u0105:<\/strong><\/p>\n<p>&#8211; Maria Koc \u2013 Pose\u0142 na Sejm RP<\/p>\n<p>&#8211; Maciej G\u00f3rski \u2013 Senator RP<\/p>\n<p>&#8211; Mariusz Rukat \u2013 Pe\u0142nomocnik Marsza\u0142ka Wojew\u00f3dztwa Mazowieckiego ds. inwestycyjno \u2013 gospodarczych, reprezentuj\u0105cy Marsza\u0142ka Wojew\u00f3dztwa Mazowieckiego Adama Struzika<\/p>\n<p>&#8211; Marek Renik \u2013 Wicestarosta W\u0119growski<\/p>\n<p>&#8211; insp. Mariusz Okulus \u2013 Komendant Powiatowy Policji w W\u0119growie<\/p>\n<p>&#8211; podkom. Monika K\u0119dziora \u2013 Komendant Komisariatu Policji w \u0141ochowie<\/p>\n<p>&#8211; Jednostki Ochotniczej Stra\u017cy Po\u017carnej z terenu gminy: OSP Sadowne, Sok\u00f3\u0142ka, Zalesie, Szynkarzyzna, Wilczog\u0119by, Morzyczyn W\u0142\u00f3ki i Morzyczyn W\u0142o\u015bcia\u0144ski<\/p>\n<p>&#8211; Tomasz Szymanik \u2013 Przewodnicz\u0105cy Rady Gminy Sadowne wraz z radnymi<\/p>\n<p>&#8211; Dyrektorzy i pracownicy szk\u00f3\u0142 z terenu gminy<\/p>\n<p>&#8211; Kierownicy i dyrektorzy gminnych jednostek organizacyjnych<\/p>\n<p>&#8211; Tadeusz Adamski \u2013 projektant pomnika oraz Bartosz Spaulenok, Firma SPAULENOK STONE \u2013 wykonawca pomnika<\/p>\n<p>&#8211; Ko\u0142o \u0141owieckie \u015bw. Huberta, Bractwo Kurkowe, 123 Dru\u017cyna Harcerska \u201eW\u0142\u00f3czykije\u201d, media<\/p>\n<p>&#8211; Kompania Honorowa Wojska Polskiego, kt\u00f3r\u0105 wystawi\u0142a 23. Baza Lotnictwa Taktycznego z Mi\u0144ska Mazowieckiego (Dow\u00f3dca Kompani Honorowej \u2013 podporucznik Jakub Bekasi\u0144ski, Dow\u00f3dca Pocztu Sztandarowego \u2013 podporucznik Kamil Pisarek, Dow\u00f3dca Posterunku Honorowego \u2013 kapral Dawid Rudnicki, odczytanie Apelu poleg\u0142ych \u2013 podporucznik Rados\u0142aw Sobolewski)<\/p>\n<p>&#8211; go\u015bcie oraz mieszka\u0144cy gminy Sadowne.<\/p>\n<p><strong>Uroczysto\u015b\u0107 rozpocz\u0119\u0142a msza \u015bw. w ko\u015bciele parafialnym w Sadownem<\/strong>, kt\u00f3r\u0105 koncelebrowali: ks. proboszcz Antoni Kunicki i ks. kanonik Stanis\u0142aw Wojciechowski. Tego dnia podczas mszy \u015bw. odby\u0142 si\u0119 te\u017c chrzest \u201emalutkiego parafianina\u201d \u2013 pami\u0119tna uroczysto\u015b\u0107 rodzinna, bo w obecno\u015bci tylu znamienitych go\u015bci i poczt\u00f3w sztandarowych.<\/p>\n<p><strong>Na pocz\u0105tku mszy \u015bw. g\u0142os zabra\u0142 Krzysztof K\u0105dziela<\/strong> \u2013 lokalny historyk, jeden z cz\u0142onk\u00f3w Komitetu Organizacyjnego obchod\u00f3w 160. rocznicy Powstania Styczniowego \u2013 pozostali cz\u0142onkowie Komitetu to: S\u0142awomir Akonom, Emil Filipiak, Waldemar Cyran, Dorota Ga\u0142\u0105zka, Ryszard Warda i Ewa Pi\u00f3rkowska (Komitet powsta\u0142 2 lata temu i jednym z jego pomys\u0142\u00f3w by\u0142a budowa pomnika ku czci powsta\u0144c\u00f3w styczniowych). Krzysztof K\u0105dziela w kilku s\u0142owach opowiedzia\u0142 o przebiegu Powstania Styczniowego oraz jego uczestnikach pochodz\u0105cych z terenu gminy Sadowne:<\/p>\n<p><em>\u201ePowstanie Styczniowe by\u0142o najwi\u0119kszym i najd\u0142u\u017cej trwaj\u0105cym polskim powstaniem narodowym, z kt\u00f3rym Sadowne i okolice ma r\u00f3wnie\u017c wiele wsp\u00f3lnego poprzez osoby oraz zdarzenia zwi\u0105zane z tym fragmentem walk o niepodleg\u0142o\u015b\u0107. Dzi\u015b spotykamy si\u0119, aby wspomnie\u0107 oraz odda\u0107 ho\u0142d bohaterom Powstania Styczniowego, pochodz\u0105cych z terenu gminy Sadowne.<\/em><\/p>\n<p><em>Wed\u0142ug przekaz\u00f3w lokalnej spo\u0142eczno\u015bci na sadowie\u0144skiej nekropolii pochowano trzech powsta\u0144c\u00f3w 1863 roku. W wyniku podj\u0119tej kwerendy w archiwach i ksi\u0119gach parafialnych, ustalono nazwiska powsta\u0144c\u00f3w: Stanis\u0142awa Kami\u0144skiego oraz Tomasza Ogonowskiego. Nazwiska trzeciego, Jana Mu\u0107ka, nie potwierdzono dokumentami.<\/em><\/p>\n<p><em>Ze wspomnie\u0144 mieszka\u0144c\u00f3w gminy Sadowne wynika, \u017ce historyczny nagrobek tych powsta\u0144c\u00f3w po\u0142o\u017cony by\u0142 w najwy\u017cej zlokalizowanym miejscu cmentarza i wyr\u00f3\u017cnia\u0142 si\u0119 mogi\u0142\u0105 ziemn\u0105 z trzema drewnianymi, d\u0119bowymi krzy\u017cami.<\/em><\/p>\n<p><em>\u0179r\u00f3d\u0142a historyczne przechowuj\u0105 pami\u0119\u0107 o jeszcze jednym powsta\u0144cu styczniowym \u2013 Tomaszu Szczurowskim, kt\u00f3ry zosta\u0142 pochowany na cmentarzu w Zuzeli. Tomasza Szczurowskiego prawdopodobnie \u0142\u0105czy\u0142y wi\u0119zy rodzinne z pierwszym w\u00f3jtem gminy Sadowne Antonim Szczurowskim.<\/em><\/p>\n<p><em>Bohaterowie dzisiejszego upami\u0119tnienia &#8211; Jan Mu\u0107k, Stanis\u0142aw Kami\u0144ski oraz Tomasz Ogonowski \u2013 byli cz\u0142onkami oddzia\u0142u powsta\u0144czego Ignacego Mystkowskiego, brali udzia\u0142 w bitwach z wojskiem carskim 4 maja 1863 roku pod ostrowskim Stokiem oraz 13 maja 1863 roku pod Kietlank\u0105. W bitwie pod Kietlank\u0105 poleg\u0142 dow\u00f3dca Ignacy Mystkowski, a Stanis\u0142aw Kami\u0144ski zosta\u0142 ranny w lew\u0105 nog\u0119. Wcze\u015bniej jednak, w styczniu, ma\u0142y oddzia\u0142 Mystkowskiego zdoby\u0142 stacj\u0119 \u0141och\u00f3w, rozbrajaj\u0105c 11. carskich oficer\u00f3w.<\/em><\/p>\n<p><em>Tomasz Szczurowski by\u0142 \u0142\u0105cznikiem w kilkusetosobowym oddziale Ludwika Luty\u0144skiego. Zosta\u0142 powsta\u0144cem w wieku zaledwie 14. lat. Bra\u0142 udzia\u0142 w bitwie z Rosjanami 3 czerwca 1863 roku pod Nagoszewem.<\/em><\/p>\n<p><em>Na terenie gminy Sadowne nie toczy\u0142y si\u0119 znaczne bitwy, ale mi\u0119dzy Ra\u017cnami, Zarzetk\u0105 a Brzuz\u0105 znajdowa\u0142a si\u0119 baza jednego z walcz\u0105cych oddzia\u0142\u00f3w, kt\u00f3remu mieszka\u0144cy pomagali w r\u00f3\u017cny spos\u00f3b: kowal Andrzej Rostek z Oci\u0119tego przekuwa\u0142 kosy na bro\u0144 dla ch\u0142op\u00f3w-powsta\u0144c\u00f3w. Zas\u0142ona by\u0142 \u0142\u0105cznikiem, a inni mieszka\u0144cy dawali schronienie i wy\u017cywienie.<\/em><\/p>\n<p><em>Po odzyskaniu przez Polsk\u0119 niepodleg\u0142o\u015bci powsta\u0144cy styczniowi cieszyli si\u0119 ogromnym szacunkiem spo\u0142ecznym i szczeg\u00f3lnym uznaniem II Rzeczypospolitej. W\u0142adze polskie zadba\u0142y o ich godny byt. W 1923 roku Stanis\u0142aw Kami\u0144ski i Tomasz Szczurowski zostali awansowani na stopie\u0144 podporucznika weterana. Obaj te\u017c rozporz\u0105dzeniem z 8 listopada 1930 roku odznaczeni zostali Medalem Niepodleg\u0142o\u015bci przez Prezydenta R.P. Ignacego Mo\u015bcickiego i Prezesa Rady Ministr\u00f3w J\u00f3zefa Pi\u0142sudskiego.<\/em><\/p>\n<p><em>W listopadzie 2024 roku, dzi\u0119ki \u015brodkom z bud\u017cetu Wojew\u00f3dztwa Mazowieckiego i Gminy Sadowne, wybudowano na cmentarzu w Sadownem nowy pomnik nagrobny pami\u0119ci spoczywaj\u0105cych w nim Powsta\u0144c\u00f3w Styczniowych, pochodz\u0105cych z terenu gminy Sadowne, walcz\u0105cych w Powstaniu 1863 roku &#8211; Stanis\u0142awa Kami\u0144skiego, Tomasza Ogonowskiego oraz nieznanego nazwiska. Miejsce usytuowania pomnika jest zlokalizowane w miejscu wcze\u015bniejszego usytuowania grobu Powsta\u0144c\u00f3w \u2013 trzech d\u0119bowych krzy\u017cy.\u201d<\/em><\/p>\n<p><strong>Po zako\u0144czeniu mszy \u015bw., odby\u0142 si\u0119 przemarsz Kompanii Honorowej Wojska Polskiego, poczt\u00f3w sztandarowych i uczestnik\u00f3w uroczysto\u015bci na cmentarz parafialny w Sadownem.<\/strong> Tu dalsz\u0105 cz\u0119\u015b\u0107 uroczysto\u015bci poprowadzi\u0142 Marcin Gr\u0119da \u2013 Zast\u0119pca W\u00f3jta Gminy Sadowne. Po od\u015bpiewaniu hymnu pa\u0144stwowego i powitaniu go\u015bci, g\u0142os zabra\u0142 W\u00f3jt Gminy Sadowne Waldemar Cyran. Nast\u0119pnie ods\u0142oni\u0119to pomnik \u2013 dokonali tego: Maria Koc, Maciej G\u00f3rski, Mariusz Rukat, Waldemar Cyran, ks. Antoni Kunicki i Krzysztof K\u0105dziela. Proboszcz ks. Antoni Kunicki dokona\u0142 po\u015bwi\u0119cenia pomnika.<\/p>\n<p>Po odczytaniu przez Zast\u0119pc\u0119 W\u00f3jta listu przes\u0142anego przez Ministra Obrony Narodowej W\u0142adys\u0142awa Kosiniaka \u2013 Kamysza, g\u0142os zabrali: Maria Koc \u2013 Pose\u0142 na Sejm RP, Maciej G\u00f3rski \u2013 Senator RP, Mariusz Rukat \u2013 Pe\u0142nomocnik Marsza\u0142ka Wojew\u00f3dztwa Mazowieckiego, kt\u00f3ry odczyta\u0142 r\u00f3wnie\u017c list od Marsza\u0142ka Adama Struzika oraz Marek Renik \u2013 Wicestarosta W\u0119growski.<\/p>\n<p>Na zako\u0144czenie uroczysto\u015bci odby\u0142 si\u0119 Apel Poleg\u0142ych, kt\u00f3ry odczyta\u0142 podporucznik Rados\u0142aw Sobolewski, a Kompania Honorowa 23. Bazy Lotnictwa Taktycznego z Mi\u0144ska Mazowieckiego wykona\u0142a Salw\u0119 Honorow\u0105.<\/p>\n<p>Po z\u0142o\u017ceniu kwiat\u00f3w pod pomnikiem przez przyby\u0142e delegacje i odprowadzeniu sztandar\u00f3w, uroczysto\u015b\u0107 zako\u0144czono.<\/p>\n<p><span style=\"color: #0000ff;\"><a style=\"color: #0000ff;\" href=\"https:\/\/photos.app.goo.gl\/grgAYBeooJPH1KBF6\" target=\"_blank\" rel=\"noopener\"><strong>Zdj\u0119cia w galerii Google&gt;&gt;&gt;<\/strong><\/a><\/span><\/p>\n<p><strong>Tekst\/foto:<\/strong> S\u0142awek Chyli\u0144ski<\/p>\n","protected":false},"excerpt":{"rendered":"<p>26 stycznia 2025 roku na sadowie\u0144skim cmentarzu parafialnym ods\u0142oni\u0119to pomnik ku czci powsta\u0144c\u00f3w styczniowych pochodz\u0105cych z terenu gminy Sadowne.<\/p>\n","protected":false},"author":1,"featured_media":0,"comment_status":"closed","ping_status":"closed","sticky":false,"template":"","format":"standard","meta":{"footnotes":""},"categories":[5,41],"tags":[1827,4229],"class_list":["post-29771","post","type-post","status-publish","format-standard","hentry","category-newsy","category-wiesci-gminne","tag-gmina-sadowne","tag-odsloniecie-pomnika-powstancow-styczniowych-pochodzacych-z-terenu-gminy-sadowne"],"views":2323,"_links":{"self":[{"href":"https:\/\/info.sadowne.pl\/index.php?rest_route=\/wp\/v2\/posts\/29771","targetHints":{"allow":["GET"]}}],"collection":[{"href":"https:\/\/info.sadowne.pl\/index.php?rest_route=\/wp\/v2\/posts"}],"about":[{"href":"https:\/\/info.sadowne.pl\/index.php?rest_route=\/wp\/v2\/types\/post"}],"author":[{"embeddable":true,"href":"https:\/\/info.sadowne.pl\/index.php?rest_route=\/wp\/v2\/users\/1"}],"replies":[{"embeddable":true,"href":"https:\/\/info.sadowne.pl\/index.php?rest_route=%2Fwp%2Fv2%2Fcomments&post=29771"}],"version-history":[{"count":1,"href":"https:\/\/info.sadowne.pl\/index.php?rest_route=\/wp\/v2\/posts\/29771\/revisions"}],"predecessor-version":[{"id":29773,"href":"https:\/\/info.sadowne.pl\/index.php?rest_route=\/wp\/v2\/posts\/29771\/revisions\/29773"}],"wp:attachment":[{"href":"https:\/\/info.sadowne.pl\/index.php?rest_route=%2Fwp%2Fv2%2Fmedia&parent=29771"}],"wp:term":[{"taxonomy":"category","embeddable":true,"href":"https:\/\/info.sadowne.pl\/index.php?rest_route=%2Fwp%2Fv2%2Fcategories&post=29771"},{"taxonomy":"post_tag","embeddable":true,"href":"https:\/\/info.sadowne.pl\/index.php?rest_route=%2Fwp%2Fv2%2Ftags&post=29771"}],"curies":[{"name":"wp","href":"https:\/\/api.w.org\/{rel}","templated":true}]}}