{"id":29778,"date":"2025-01-30T20:54:40","date_gmt":"2025-01-30T19:54:40","guid":{"rendered":"http:\/\/info.sadowne.pl\/?p=29778"},"modified":"2025-01-30T20:55:44","modified_gmt":"2025-01-30T19:55:44","slug":"dzien-babci-i-dzien-dziadka-w-przedszkolu","status":"publish","type":"post","link":"https:\/\/info.sadowne.pl\/?p=29778","title":{"rendered":"Dzie\u0144 Babci i Dzie\u0144 Dziadka w Przedszkolu"},"content":{"rendered":"<p><strong><a href=\"http:\/\/info.sadowne.pl\/wp-content\/uploads\/2025\/01\/2025.01.30.1.jpg\" target=\"_blank\" rel=\"noopener\"><img loading=\"lazy\" decoding=\"async\" class=\"alignleft wp-image-29779 size-thumbnail\" src=\"http:\/\/info.sadowne.pl\/wp-content\/uploads\/2025\/01\/2025.01.30.1-180x130.jpg\" alt=\"\" width=\"180\" height=\"130\" \/><\/a>Rodzice przedszkolak\u00f3w z Sadownego po raz kolejny stan\u0119li na wysoko\u015bci zadania i przygotowali przedstawienie. <\/strong><!--more--><\/p>\n<p><strong>Tym razem z okazji Dnia Babci i Dnia Dziadka zaprezentowali si\u0119 21 stycznia 2025 roku w Przedszkolu w Sadownem. <\/strong><\/p>\n<p>Nasze maluchy, a tak\u017ce ich dziadkowie zobaczyli \u015bwietnie przygotowan\u0105 inscenizacj\u0119 &#8211; rodzice\/aktorzy s\u0105 wyj\u0105tkowi, a ich wyst\u0119py nieocenione. Szkoda, \u017ce nie ogl\u0105daj\u0105 tych przedstawie\u0144 na \u017cywo ch\u0119tni kultury i sztuki mieszka\u0144cy Sadownego i okolic. Prosz\u0119 pomy\u015ble\u0107 nad tym, a przy okazji&#8230; grupa teatralna rodzic\u00f3w mo\u017ce pozostanie z nami na d\u0142u\u017cej i doczeka si\u0119 swojej wyj\u0105tkowej nazwy.<\/p>\n<p><strong>Gratulujemy kolejnego, \u015bwietnego wyst\u0119pu i czekamy na nast\u0119pne!<\/strong><\/p>\n<p><a href=\"https:\/\/youtu.be\/RXtFDRj7DS4\" target=\"_blank\" rel=\"noopener\"><strong><span style=\"color: #0000ff;\">Zobacz film&gt;&gt;&gt;<\/span><\/strong><\/a><\/p>\n<p><strong>Tekst: <\/strong>S\u0142awek Chyli\u0144ski<\/p>\n<p><strong>Film: <\/strong>Przedszkole w Sadownem<\/p>\n","protected":false},"excerpt":{"rendered":"<p>Rodzice przedszkolak\u00f3w z Sadownego po raz kolejny stan\u0119li na wysoko\u015bci zadania i przygotowali przedstawienie.<\/p>\n","protected":false},"author":1,"featured_media":0,"comment_status":"closed","ping_status":"closed","sticky":false,"template":"","format":"standard","meta":{"footnotes":""},"categories":[5,1752,561],"tags":[1777,566,2286],"class_list":["post-29778","post","type-post","status-publish","format-standard","hentry","category-newsy","category-edukacja","category-przedszkole-w-sadownem","tag-dzien-babci-i-dzien-dziadka-w-przedszkolu-w-sadownem","tag-przedstawienie","tag-przedszkole-w-sadownem"],"views":2034,"_links":{"self":[{"href":"https:\/\/info.sadowne.pl\/index.php?rest_route=\/wp\/v2\/posts\/29778","targetHints":{"allow":["GET"]}}],"collection":[{"href":"https:\/\/info.sadowne.pl\/index.php?rest_route=\/wp\/v2\/posts"}],"about":[{"href":"https:\/\/info.sadowne.pl\/index.php?rest_route=\/wp\/v2\/types\/post"}],"author":[{"embeddable":true,"href":"https:\/\/info.sadowne.pl\/index.php?rest_route=\/wp\/v2\/users\/1"}],"replies":[{"embeddable":true,"href":"https:\/\/info.sadowne.pl\/index.php?rest_route=%2Fwp%2Fv2%2Fcomments&post=29778"}],"version-history":[{"count":2,"href":"https:\/\/info.sadowne.pl\/index.php?rest_route=\/wp\/v2\/posts\/29778\/revisions"}],"predecessor-version":[{"id":29781,"href":"https:\/\/info.sadowne.pl\/index.php?rest_route=\/wp\/v2\/posts\/29778\/revisions\/29781"}],"wp:attachment":[{"href":"https:\/\/info.sadowne.pl\/index.php?rest_route=%2Fwp%2Fv2%2Fmedia&parent=29778"}],"wp:term":[{"taxonomy":"category","embeddable":true,"href":"https:\/\/info.sadowne.pl\/index.php?rest_route=%2Fwp%2Fv2%2Fcategories&post=29778"},{"taxonomy":"post_tag","embeddable":true,"href":"https:\/\/info.sadowne.pl\/index.php?rest_route=%2Fwp%2Fv2%2Ftags&post=29778"}],"curies":[{"name":"wp","href":"https:\/\/api.w.org\/{rel}","templated":true}]}}