{"id":29785,"date":"2025-01-31T13:35:50","date_gmt":"2025-01-31T12:35:50","guid":{"rendered":"http:\/\/info.sadowne.pl\/?p=29785"},"modified":"2025-01-31T13:35:50","modified_gmt":"2025-01-31T12:35:50","slug":"muzeum-wzbogaci-sie-o-nowe-pamiatki","status":"publish","type":"post","link":"https:\/\/info.sadowne.pl\/?p=29785","title":{"rendered":"Muzeum wzbogaci si\u0119 o nowe pami\u0105tki"},"content":{"rendered":"<p><strong><a href=\"http:\/\/info.sadowne.pl\/wp-content\/uploads\/2025\/01\/2025.01.31.1.jpg\"><img loading=\"lazy\" decoding=\"async\" class=\"alignleft size-thumbnail wp-image-29786\" src=\"http:\/\/info.sadowne.pl\/wp-content\/uploads\/2025\/01\/2025.01.31.1-180x130.jpg\" alt=\"\" width=\"180\" height=\"130\" \/><\/a>Wkr\u00f3tce w Muzeum Ziemi Sadowie\u0144skiej b\u0119dzie mo\u017cna obejrze\u0107 nowe eksponaty. Pami\u0105tki po Patronie muzeum \u2013 Bogus\u0142awie Kiciu \u2013 przeka\u017ce Jego ma\u0142\u017conka Pani Krystyna Ki\u0107.<\/strong><!--more--><\/p>\n<p>Uprzedzaj\u0105c to wa\u017cne dla naszego muzeum wydarzenie, postanowi\u0142em odwiedzi\u0107 Pa\u0144stwa Iren\u0119 i Mieczys\u0142awa D\u0119bkowskich z Sadownego, kt\u00f3rzy \u2013 ze wzgl\u0119du na swoj\u0105 dobr\u0105 znajomo\u015b\u0107 z Pani\u0105 Krystyn\u0105 \u2013 po\u015brednicz\u0105 w przekazaniu pami\u0105tek muzealnych. Nie ukrywam, \u017ce by\u0142em zaskoczony ilo\u015bci\u0105 i jako\u015bci\u0105 przedmiot\u00f3w przygotowanych do przekazania. Z zadowoleniem te\u017c odebra\u0142em od Pa\u0144stwa D\u0119bkowskich specjalnie przygotowan\u0105 na t\u0119 okoliczno\u015b\u0107 pisemn\u0105 informacj\u0119 o \u015bp. Bogus\u0142awie Kiciu i Jego \u017cyciowej pasji \u2013 dokumentowaniu dla potomnych historii Ziemi Sadowie\u0144skiej. Oto ta informacja:<\/p>\n<p><em>\u201eMuzeum Ziemi Sadowie\u0144skiej powsta\u0142o w 1978 roku dzi\u0119ki spo\u0142ecznikowskiej pasji grupki zapale\u0144c\u00f3w, kt\u00f3rej przewodniczy\u0142 dyrektor Szko\u0142y Podstawowej\u00a0 w Sadownem Bogus\u0142aw Ki\u0107.<\/em><\/p>\n<p><em>Gromadzone w nim przez dziesi\u0105tki lat przedmioty, to wy\u0142\u0105cznie dary mieszka\u0144c\u00f3w Sadownego i okolicznych wsi. Nazwiska darczy\u0144c\u00f3w figuruj\u0105 na tabliczkach umieszczonych na eksponatach. 18 maja 1999 roku Samorz\u0105d Gminy Sadowne podj\u0105\u0142 uchwa\u0142\u0119 o przej\u0119ciu muzeum pod swoj\u0105 opiek\u0119. Aktualnie muzeum wsp\u00f3\u0142istnieje ze strukturami Gminnego O\u015brodka Kultury.<\/em><\/p>\n<p><em>Bior\u0105c pod uwag\u0119 wielkie zaanga\u017cowanie w tworzeniu tej jednostki kultury oraz drog\u0119 \u017cyciow\u0105 Bogus\u0142awa Kicia, muzeum to w 2015 roku zosta\u0142o nazwane Muzeum Ziemi Sadowie\u0144skiej im. Bogus\u0142awa Kicia.<\/em><\/p>\n<p><em>Bogus\u0142aw Ki\u0107, urodzony 5.06.1915 roku, by\u0142 porucznikiem Wojska Polskiego, \u017co\u0142nierzem 2. Pu\u0142ku U\u0142an\u00f3w Grochowskich, uczestnikiem wojny obronnej z 1939 roku, Kleeberczykiem, \u017co\u0142nierzem Armii Krajowej, uczestnikiem \u201eBurzy\u201d, by\u0142 wi\u0119\u017aniem NKWD &#8211; znajdowa\u0142 si\u0119 w obozie nr 270 Borowicze. Po wojnie by\u0142 nauczycielem i d\u0142ugoletnim dyrektorem Szko\u0142y Podstawowej w Sadownem.<\/em><\/p>\n<p><em>Za swoje zas\u0142ugi zosta\u0142 odznaczony i wyr\u00f3\u017cniony Oficerskim i Kawalerskim Krzy\u017cem Odrodzenia Polski, Z\u0142otym i Srebrnym Krzy\u017cem Zas\u0142ugi, Krzy\u017cem Armii Krajowej, Krzy\u017cem Partyzanckim, Krzy\u017cem Kampanii Wrze\u015bniowej, medalami: Za udzia\u0142 w wojnie 1939 roku, Z\u0142otym Medalem Opiekuna Miejsc Pami\u0119ci Narodowej, Za zas\u0142ugi dla Rozwoju Kultury na Mazowszu, Medalem Komisji Edukacji Narodowej, odznakami: Z\u0142ot\u0105 ZNP, Za tajne nauczanie, Zas\u0142u\u017cony Dzia\u0142acz Kultury, Za zas\u0142ugi dla Wojew\u00f3dztwa Siedleckiego, Patentem Weterana Walk o Wolno\u015b\u0107 i Niepodleg\u0142o\u015b\u0107 Polski\u2026 i wieloma innymi.<\/em><\/p>\n<p><em>W styczniu 2025 roku \u017cona Bogus\u0142awa Kicia, Krystyna Ki\u0107 &#8211; mieszkaj\u0105ca w Zyrardowie, przekaza\u0142a do sadowie\u0144skiego muzeum eksponaty, z kt\u00f3rymi by\u0142 bardzo zwi\u0105zany Pan Ki\u0107. W\u015br\u00f3d eksponat\u00f3w s\u0105 medale i odznaczenia, tablice z orze\u0142kami wojskowymi, znakami rodzaj\u00f3w wojsk, naszywki, militaria, w tym bagnety, che\u0142my \u2013 polski i niemiecki, pistolety, mo\u017adzierze, \u017celazka i inne rzeczy.\u201d<\/em><\/p>\n<p>Drodzy Pa\u0144stwo, pami\u0105tki po Patronie naszego muzeum s\u0105 naprawde imponuj\u0105ce. Za ich przekazanie na rzecz tego muzeum nale\u017c\u0105 si\u0119 wielkie podzi\u0119kowania ma\u0142\u017conce Pana Kicia \u2013 Krystynie Ki\u0107, a tak\u017ce osobom uczetnicz\u0105cym w tym przedsi\u0119wzi\u0119ciu \u2013 przede wszystkim Pa\u0144stwu Irenie i Mieczys\u0142awowi D\u0119bkowskim. Przekazanie pami\u0105tek do muzeum ju\u017c wkr\u00f3tce, zasil\u0105 one istniej\u0105cy k\u0105cik pami\u0119ci o Patronie muzeum. Jak ustali\u0142em, g\u0142\u00f3wna i specjalna prezentacja pami\u0105tek nast\u0105pi w czerwcu br. z okazji 110. rocznicy urodzin Pana Kicia &#8211;\u00a0 nie tylko z tej okazji, serdecznie zapraszamy do zwiedzania muzeum.<\/p>\n<p>Wszystkich zainteresowanych uzupe\u0142nieniem informacji o Patronie Muzeum Ziemi Sadowie\u0144skiej oraz nadaniem imienia Patrona temu muzeum zapraszam do lektury wcze\u015bniej publikowanych na Portalu Info Sadowne artyku\u0142\u00f3w:<\/p>\n<p><span style=\"color: #0000ff;\"><a style=\"color: #0000ff;\" href=\"http:\/\/info.sadowne.pl\/?p=10093\" target=\"_blank\" rel=\"noopener\"><strong>&#8211; \u201eMuzeum b\u0119dzie mia\u0142o Patrona\u201d&gt;&gt;&gt;<\/strong><\/a><\/span><\/p>\n<p><span style=\"color: #0000ff;\"><a style=\"color: #0000ff;\" href=\"http:\/\/info.sadowne.pl\/?p=10308\" target=\"_blank\" rel=\"noopener\"><strong>&#8211; \u201eNiepodleg\u0142o\u015b\u0107!\u201d&gt;&gt;&gt;<\/strong><\/a><\/span><\/p>\n\n\t\t<style type=\"text\/css\">\n\t\t\t#gallery-1 {\n\t\t\t\tmargin: auto;\n\t\t\t}\n\t\t\t#gallery-1 .gallery-item {\n\t\t\t\tfloat: left;\n\t\t\t\tmargin-top: 10px;\n\t\t\t\ttext-align: center;\n\t\t\t\twidth: 33%;\n\t\t\t}\n\t\t\t#gallery-1 img {\n\t\t\t\tborder: 2px solid #cfcfcf;\n\t\t\t}\n\t\t\t#gallery-1 .gallery-caption {\n\t\t\t\tmargin-left: 0;\n\t\t\t}\n\t\t\t\/* see gallery_shortcode() in wp-includes\/media.php *\/\n\t\t<\/style>\n\t\t<div id='gallery-1' class='gallery galleryid-29785 gallery-columns-3 gallery-size-thumbnail'><dl class='gallery-item'>\n\t\t\t<dt class='gallery-icon landscape'>\n\t\t\t\t<a href='https:\/\/info.sadowne.pl\/?attachment_id=29786'><img loading=\"lazy\" decoding=\"async\" width=\"180\" height=\"130\" src=\"https:\/\/info.sadowne.pl\/wp-content\/uploads\/2025\/01\/2025.01.31.1-180x130.jpg\" class=\"attachment-thumbnail size-thumbnail\" alt=\"\" \/><\/a>\n\t\t\t<\/dt><\/dl><dl class='gallery-item'>\n\t\t\t<dt class='gallery-icon landscape'>\n\t\t\t\t<a href='https:\/\/info.sadowne.pl\/?attachment_id=29787'><img loading=\"lazy\" decoding=\"async\" width=\"180\" height=\"130\" src=\"https:\/\/info.sadowne.pl\/wp-content\/uploads\/2025\/01\/2025.01.31.2-180x130.jpg\" class=\"attachment-thumbnail size-thumbnail\" alt=\"\" \/><\/a>\n\t\t\t<\/dt><\/dl><dl class='gallery-item'>\n\t\t\t<dt class='gallery-icon landscape'>\n\t\t\t\t<a href='https:\/\/info.sadowne.pl\/?attachment_id=29788'><img loading=\"lazy\" decoding=\"async\" width=\"180\" height=\"130\" src=\"https:\/\/info.sadowne.pl\/wp-content\/uploads\/2025\/01\/2025.01.31.3-180x130.jpg\" class=\"attachment-thumbnail size-thumbnail\" alt=\"\" \/><\/a>\n\t\t\t<\/dt><\/dl><br style=\"clear: both\" \/><dl class='gallery-item'>\n\t\t\t<dt class='gallery-icon landscape'>\n\t\t\t\t<a href='https:\/\/info.sadowne.pl\/?attachment_id=29789'><img loading=\"lazy\" decoding=\"async\" width=\"180\" height=\"130\" src=\"https:\/\/info.sadowne.pl\/wp-content\/uploads\/2025\/01\/2025.01.31.4-180x130.jpg\" class=\"attachment-thumbnail size-thumbnail\" alt=\"\" \/><\/a>\n\t\t\t<\/dt><\/dl>\n\t\t\t<br style='clear: both' \/>\n\t\t<\/div>\n\n<p><strong>Tekst: <\/strong>S\u0142awek Chyli\u0144ski\/Irena D\u0119bkowska<\/p>\n<p><strong>Foto:<\/strong> S\u0142awek Chyli\u0144ski<\/p>\n","protected":false},"excerpt":{"rendered":"<p>Wkr\u00f3tce w Muzeum Ziemi Sadowie\u0144skiej b\u0119dzie mo\u017cna obejrze\u0107 nowe eksponaty. Pami\u0105tki po Patronie muzeum \u2013 Bogus\u0142awie Kiciu \u2013 przeka\u017ce Jego ma\u0142\u017conka Pani Krystyna Ki\u0107.<\/p>\n","protected":false},"author":1,"featured_media":0,"comment_status":"closed","ping_status":"closed","sticky":false,"template":"","format":"standard","meta":{"footnotes":""},"categories":[5,6,81],"tags":[1608,79,4230],"class_list":["post-29785","post","type-post","status-publish","format-standard","hentry","category-newsy","category-kultura-rozrywka-edukacja","category-muzeum","tag-boguslaw-kic","tag-muzeum-ziemi-sadowienskiej","tag-patron-muzeum-ziemi-sadowienskiej"],"views":1529,"_links":{"self":[{"href":"https:\/\/info.sadowne.pl\/index.php?rest_route=\/wp\/v2\/posts\/29785","targetHints":{"allow":["GET"]}}],"collection":[{"href":"https:\/\/info.sadowne.pl\/index.php?rest_route=\/wp\/v2\/posts"}],"about":[{"href":"https:\/\/info.sadowne.pl\/index.php?rest_route=\/wp\/v2\/types\/post"}],"author":[{"embeddable":true,"href":"https:\/\/info.sadowne.pl\/index.php?rest_route=\/wp\/v2\/users\/1"}],"replies":[{"embeddable":true,"href":"https:\/\/info.sadowne.pl\/index.php?rest_route=%2Fwp%2Fv2%2Fcomments&post=29785"}],"version-history":[{"count":1,"href":"https:\/\/info.sadowne.pl\/index.php?rest_route=\/wp\/v2\/posts\/29785\/revisions"}],"predecessor-version":[{"id":29790,"href":"https:\/\/info.sadowne.pl\/index.php?rest_route=\/wp\/v2\/posts\/29785\/revisions\/29790"}],"wp:attachment":[{"href":"https:\/\/info.sadowne.pl\/index.php?rest_route=%2Fwp%2Fv2%2Fmedia&parent=29785"}],"wp:term":[{"taxonomy":"category","embeddable":true,"href":"https:\/\/info.sadowne.pl\/index.php?rest_route=%2Fwp%2Fv2%2Fcategories&post=29785"},{"taxonomy":"post_tag","embeddable":true,"href":"https:\/\/info.sadowne.pl\/index.php?rest_route=%2Fwp%2Fv2%2Ftags&post=29785"}],"curies":[{"name":"wp","href":"https:\/\/api.w.org\/{rel}","templated":true}]}}