{"id":29803,"date":"2025-02-04T14:47:08","date_gmt":"2025-02-04T13:47:08","guid":{"rendered":"http:\/\/info.sadowne.pl\/?p=29803"},"modified":"2025-02-04T14:47:08","modified_gmt":"2025-02-04T13:47:08","slug":"bal-karnawalowy-dla-dzieci","status":"publish","type":"post","link":"https:\/\/info.sadowne.pl\/?p=29803","title":{"rendered":"Bal Karnawa\u0142owy dla dzieci&#8230;"},"content":{"rendered":"<p><strong><a href=\"http:\/\/info.sadowne.pl\/wp-content\/uploads\/2025\/02\/2025.02.04.2.jpg\"><img loading=\"lazy\" decoding=\"async\" class=\"alignleft size-thumbnail wp-image-29804\" src=\"http:\/\/info.sadowne.pl\/wp-content\/uploads\/2025\/02\/2025.02.04.2-180x130.jpg\" alt=\"\" width=\"180\" height=\"130\" \/><\/a>W imieniu Organizator\u00f3w zapraszamy wszystkie dzieci na Bal Karnawa\u0142owy, kt\u00f3ry odb\u0119dzie si\u0119 12 lutego br. w Sali OSP Sadowne.<\/strong><!--more--><\/p>\n<p><a href=\"http:\/\/info.sadowne.pl\/wp-content\/uploads\/2025\/02\/2025.02.04.2.jpg\"><img loading=\"lazy\" decoding=\"async\" class=\"aligncenter size-full wp-image-29804\" src=\"http:\/\/info.sadowne.pl\/wp-content\/uploads\/2025\/02\/2025.02.04.2.jpg\" alt=\"\" width=\"606\" height=\"857\" srcset=\"https:\/\/info.sadowne.pl\/wp-content\/uploads\/2025\/02\/2025.02.04.2.jpg 606w, https:\/\/info.sadowne.pl\/wp-content\/uploads\/2025\/02\/2025.02.04.2-212x300.jpg 212w\" sizes=\"auto, (max-width: 606px) 100vw, 606px\" \/><\/a><\/p>\n","protected":false},"excerpt":{"rendered":"<p>W imieniu Organizator\u00f3w zapraszamy wszystkie dzieci na Bal Karnawa\u0142owy, kt\u00f3ry odb\u0119dzie si\u0119 12 lutego br. w Sali OSP Sadowne.<\/p>\n","protected":false},"author":1,"featured_media":0,"comment_status":"closed","ping_status":"closed","sticky":false,"template":"","format":"standard","meta":{"footnotes":""},"categories":[5,91,6],"tags":[2347,169],"class_list":["post-29803","post","type-post","status-publish","format-standard","hentry","category-newsy","category-gminny-osrodek-kultury","category-kultura-rozrywka-edukacja","tag-bal-karnawalowy-dla-dzieci-w-sadownem","tag-gminny-osrodek-kultury-w-sadownem"],"views":1318,"_links":{"self":[{"href":"https:\/\/info.sadowne.pl\/index.php?rest_route=\/wp\/v2\/posts\/29803","targetHints":{"allow":["GET"]}}],"collection":[{"href":"https:\/\/info.sadowne.pl\/index.php?rest_route=\/wp\/v2\/posts"}],"about":[{"href":"https:\/\/info.sadowne.pl\/index.php?rest_route=\/wp\/v2\/types\/post"}],"author":[{"embeddable":true,"href":"https:\/\/info.sadowne.pl\/index.php?rest_route=\/wp\/v2\/users\/1"}],"replies":[{"embeddable":true,"href":"https:\/\/info.sadowne.pl\/index.php?rest_route=%2Fwp%2Fv2%2Fcomments&post=29803"}],"version-history":[{"count":1,"href":"https:\/\/info.sadowne.pl\/index.php?rest_route=\/wp\/v2\/posts\/29803\/revisions"}],"predecessor-version":[{"id":29805,"href":"https:\/\/info.sadowne.pl\/index.php?rest_route=\/wp\/v2\/posts\/29803\/revisions\/29805"}],"wp:attachment":[{"href":"https:\/\/info.sadowne.pl\/index.php?rest_route=%2Fwp%2Fv2%2Fmedia&parent=29803"}],"wp:term":[{"taxonomy":"category","embeddable":true,"href":"https:\/\/info.sadowne.pl\/index.php?rest_route=%2Fwp%2Fv2%2Fcategories&post=29803"},{"taxonomy":"post_tag","embeddable":true,"href":"https:\/\/info.sadowne.pl\/index.php?rest_route=%2Fwp%2Fv2%2Ftags&post=29803"}],"curies":[{"name":"wp","href":"https:\/\/api.w.org\/{rel}","templated":true}]}}