{"id":29807,"date":"2025-02-05T20:06:58","date_gmt":"2025-02-05T19:06:58","guid":{"rendered":"http:\/\/info.sadowne.pl\/?p=29807"},"modified":"2025-02-05T20:06:58","modified_gmt":"2025-02-05T19:06:58","slug":"slowem-malowane","status":"publish","type":"post","link":"https:\/\/info.sadowne.pl\/?p=29807","title":{"rendered":"S\u0142owem malowane"},"content":{"rendered":"<p><a href=\"http:\/\/info.sadowne.pl\/wp-content\/uploads\/2025\/02\/2025.02.05.1.jpg\" target=\"_blank\" rel=\"noopener\"><img loading=\"lazy\" decoding=\"async\" class=\"alignleft wp-image-29808 size-thumbnail\" src=\"http:\/\/info.sadowne.pl\/wp-content\/uploads\/2025\/02\/2025.02.05.1-180x130.jpg\" alt=\"\" width=\"180\" height=\"130\" \/><\/a><\/p>\n<p><strong>W Okienku Poetyckim prezentujemy dzisiaj wiersz p. Wies\u0142awa Maliszewskiego \u2013 mo\u017ce jednak nie ostatni.<\/strong><!--more--><\/p>\n<p style=\"text-align: center;\">*<\/p>\n<p style=\"text-align: center;\">*<\/p>\n<p style=\"text-align: center;\">*<\/p>\n<p style=\"text-align: center;\">*<\/p>\n<p><strong><em>S\u0142owem malowane<\/em><\/strong><\/p>\n<p><em>\u00a0 \u00a0 \u00a0 \u00a0 \u00a0 \u00a0 \u00a0 \u00a0 \u00a0 \u00a0 Dedykuj\u0119 Pani Krystynie Bronisz<\/em><\/p>\n<p><em>\u00a0 \u00a0 \u00a0 \u00a0 \u00a0 \u00a0 \u00a0 \u00a0 \u00a0 \u00a0 nauczycielce j\u0119zyka polskiego <\/em><\/p>\n<p><em>\u00a0 \u00a0 \u00a0 \u00a0 \u00a0 \u00a0 \u00a0 \u00a0 \u00a0 \u00a0 w Szkole Podstawowej w Sadownem<\/em><\/p>\n<p style=\"text-align: center;\">*<\/p>\n<p style=\"text-align: center;\">S\u0142owa, s\u0142owa, s\u0142owa&#8230;<\/p>\n<p style=\"text-align: center;\">\u015awiat b\u0119d\u0119 nimi malowa\u0142.<\/p>\n<p style=\"text-align: center;\">Niebo zaczn\u0119 od \u015bwitu<\/p>\n<p style=\"text-align: center;\">z lekkich metafor b\u0142\u0119kitu.<\/p>\n<p style=\"text-align: center;\">Wok\u00f3\u0142 za\u015b rozlej\u0119 ziele\u0144<\/p>\n<p style=\"text-align: center;\">anafor i epifor mokre akwarele.<\/p>\n<p style=\"text-align: center;\">Niech b\u0119dzie wsz\u0119dzie bez wyj\u0105tku,<\/p>\n<p style=\"text-align: center;\">tak na ko\u0144cu, jak i na pocz\u0105tku.<\/p>\n<p style=\"text-align: center;\">*<\/p>\n<p style=\"text-align: center;\">A ziele\u0144 rzek\u0105 przedziel\u0119.<\/p>\n<p style=\"text-align: center;\">T\u0105 sam\u0105 z dzieci\u0119cych wciele\u0144,<\/p>\n<p style=\"text-align: center;\">gdy w\u015br\u00f3d moczarki i tataraku<\/p>\n<p style=\"text-align: center;\">\u015bciga\u0142em cienie zwinnych szczupak\u00f3w.<\/p>\n<p style=\"text-align: center;\">Po Jegla majacz\u0105ce knieje,<\/p>\n<p style=\"text-align: center;\">w dzikich odg\u0142osach onomatopeje:<\/p>\n<p style=\"text-align: center;\">okru okhu, k\u0142ap k\u0142ap, kwik kwik.<\/p>\n<p style=\"text-align: center;\">\u017buraw? G\u0142\u00f3d wilczy? Przera\u017cony dzik&#8230;<\/p>\n<p style=\"text-align: center;\">*<\/p>\n<p style=\"text-align: center;\">O archai\u017amie tak\u017ce nie zapomn\u0119.<\/p>\n<p style=\"text-align: center;\">O! O\u017adzi si\u0119 siano na W\u00f3dkowej \u0142\u0105ce<\/p>\n<p style=\"text-align: center;\">i do wieczora kobiety napr\u0119dce<\/p>\n<p style=\"text-align: center;\">postawi\u0105 kopy tak jak one kr\u0119pe.<\/p>\n<p style=\"text-align: center;\">A gdy pograbi\u0105 i wszystkie uczesz\u0105,<\/p>\n<p style=\"text-align: center;\">gdy nad \u0142\u0105kami wzejdzie m\u0142ody miesi\u0105c,<\/p>\n<p style=\"text-align: center;\">zlicz\u0105 na d\u0142oniach trudu swe pacierze<\/p>\n<p style=\"text-align: center;\">i zmierzch je wch\u0142onie, i sen b\u00f3l zabierze.<\/p>\n<p style=\"text-align: center;\">*<\/p>\n<p style=\"text-align: center;\">Tak b\u0119d\u0119 s\u0142owa z kolorami miesza\u0142,<\/p>\n<p style=\"text-align: center;\">a\u017c stworz\u0119 w\u0142asny pejza\u017c Sadolesia.<\/p>\n<p style=\"text-align: center;\">Tylko mi bliski; mo\u017ce jeszcze komu\u015b.<\/p>\n<p style=\"text-align: center;\">Oprawi\u0119 go w ram\u0119 okna mego domu.<\/p>\n<p style=\"text-align: center;\">Domu nad rzek\u0105 po\u015brodku zieleni,<\/p>\n<p style=\"text-align: center;\">w wilgoci akwarel, zapachu tempery.<\/p>\n<p style=\"text-align: center;\">Bo c\u00f3\u017c go lepiej na wieki zachowa,<\/p>\n<p style=\"text-align: center;\">je\u015bli nie s\u0142owa, s\u0142owa, s\u0142owa&#8230;<\/p>\n<p style=\"text-align: center;\"><em>\u00a0 \u00a0 \u00a0 \u00a0 \u00a0 \u00a0 \u00a0 \u00a0 \u00a0 \u00a0 \u00a0 \u00a0 \u00a0 \u00a0 \u00a0 \u00a0 \u00a0 \u00a0 \u00a0 \u00a0 \u00a0 \u00a0 \u00a0 \u00a0 \u00a0 \u00a0 \u00a0 \u00a0 \u00a0 \u00a0 Wies\u0142aw Maliszewski<\/em><\/p>\n","protected":false},"excerpt":{"rendered":"<p>W Okienku Poetyckim prezentujemy dzisiaj wiersz p. Wies\u0142awa Maliszewskiego \u2013 mo\u017ce jednak nie ostatni.<\/p>\n","protected":false},"author":1,"featured_media":0,"comment_status":"closed","ping_status":"closed","sticky":false,"template":"","format":"standard","meta":{"footnotes":""},"categories":[5,48,6,108],"tags":[3669,4233,49,51],"class_list":["post-29807","post","type-post","status-publish","format-standard","hentry","category-newsy","category-kacik-literacki","category-kultura-rozrywka-edukacja","category-okienko-poetyckie","tag-okienko-poetyckie","tag-wiersz-slowem-malowane","tag-wiersze","tag-wieslaw-maliszewski"],"views":1486,"_links":{"self":[{"href":"https:\/\/info.sadowne.pl\/index.php?rest_route=\/wp\/v2\/posts\/29807","targetHints":{"allow":["GET"]}}],"collection":[{"href":"https:\/\/info.sadowne.pl\/index.php?rest_route=\/wp\/v2\/posts"}],"about":[{"href":"https:\/\/info.sadowne.pl\/index.php?rest_route=\/wp\/v2\/types\/post"}],"author":[{"embeddable":true,"href":"https:\/\/info.sadowne.pl\/index.php?rest_route=\/wp\/v2\/users\/1"}],"replies":[{"embeddable":true,"href":"https:\/\/info.sadowne.pl\/index.php?rest_route=%2Fwp%2Fv2%2Fcomments&post=29807"}],"version-history":[{"count":3,"href":"https:\/\/info.sadowne.pl\/index.php?rest_route=\/wp\/v2\/posts\/29807\/revisions"}],"predecessor-version":[{"id":29811,"href":"https:\/\/info.sadowne.pl\/index.php?rest_route=\/wp\/v2\/posts\/29807\/revisions\/29811"}],"wp:attachment":[{"href":"https:\/\/info.sadowne.pl\/index.php?rest_route=%2Fwp%2Fv2%2Fmedia&parent=29807"}],"wp:term":[{"taxonomy":"category","embeddable":true,"href":"https:\/\/info.sadowne.pl\/index.php?rest_route=%2Fwp%2Fv2%2Fcategories&post=29807"},{"taxonomy":"post_tag","embeddable":true,"href":"https:\/\/info.sadowne.pl\/index.php?rest_route=%2Fwp%2Fv2%2Ftags&post=29807"}],"curies":[{"name":"wp","href":"https:\/\/api.w.org\/{rel}","templated":true}]}}