{"id":29816,"date":"2025-02-09T12:26:02","date_gmt":"2025-02-09T11:26:02","guid":{"rendered":"http:\/\/info.sadowne.pl\/?p=29816"},"modified":"2025-02-09T12:26:34","modified_gmt":"2025-02-09T11:26:34","slug":"zlobek-rozpoczal-prace","status":"publish","type":"post","link":"https:\/\/info.sadowne.pl\/?p=29816","title":{"rendered":"\u017b\u0142obek rozpocz\u0105\u0142 prac\u0119!"},"content":{"rendered":"<p><strong><a href=\"http:\/\/info.sadowne.pl\/wp-content\/uploads\/2025\/02\/2025.02.09-1.jpg\"><img loading=\"lazy\" decoding=\"async\" class=\"alignleft size-thumbnail wp-image-29817\" src=\"http:\/\/info.sadowne.pl\/wp-content\/uploads\/2025\/02\/2025.02.09-1-180x130.jpg\" alt=\"\" width=\"180\" height=\"130\" \/><\/a>Po kilkudniowej adaptacji grupy \u017c\u0142obkowej, z pocz\u0105tkiem lutego br. w sadowie\u0144skim Przedszkolu ruszy\u0142 te\u017c \u017c\u0142obek.<\/strong><!--more--><\/p>\n<p>O otwarciu w pa\u017adzierniku 2024 roku nowo wybudowanego Przedszkola w Sadownem ju\u017c pisali\u015bmy w artykule <span style=\"color: #0000ff;\"><strong><a style=\"color: #0000ff;\" href=\"http:\/\/info.sadowne.pl\/?p=29511\" target=\"_blank\" rel=\"noopener\">\u201ePrzedszkole w Sadownem otwarte!\u201d<\/a><\/strong><\/span>. Od tego momentu w Przedszkolu troch\u0119 si\u0119 dzia\u0142o, obchodzono te\u017c r\u00f3\u017cne \u015bwi\u0119ta \u2013 na naszej stronie mo\u017cna obejrze\u0107 relacje filmowe z Miko\u0142ajek oraz Dnia Babci i Dnia Dziadka. Podczas uroczystego otwarcia Przedszkola pad\u0142a te\u017c zapowied\u017a uruchomienia wkr\u00f3tce \u017c\u0142obka, kt\u00f3ry zlokalizowano w tym samym budynku, co przedszkole. I sta\u0142o si\u0119\u2026<\/p>\n<p>30 i 31 stycznia dwudniowa adaptacja grupy \u017c\u0142obkowej, a od 3 lutego 2025 roku oficjalny start nowego \u017c\u0142obka. Jak informuje Pani Dyrektor Agata S\u0119dek: <em>w \u017c\u0142obku zape\u0142nione s\u0105 wszystkie pi\u0119tna\u015bcie miejsc. Min\u0105\u0142 ju\u017c tydzie\u0144 pracy i wszystko jest w jak najlepszym porz\u0105dku. Dzieci przystosowuj\u0105 si\u0119 do pomieszcze\u0144 i kontaktu z opiekunami, a opiekunowie poznaj\u0105 dzieci, jednocze\u015bnie realizuj\u0105c za\u0142o\u017cenia edukacyjne. Wszystkich zainteresowanych szczeg\u00f3\u0142ami funkcjonowania \u017c\u0142obka zapraszamy do nas.<\/em><\/p>\n<p>O ciekawych wydarzeniach w \u017c\u0142obku i przedszkolu b\u0119dziemy informowa\u0107 na bie\u017c\u0105co, a teraz zobaczmy, jak przygotowano pomieszczenia \u017c\u0142obka na przyj\u0119cie maluch\u00f3w\u2026<\/p>\n\n\t\t<style type=\"text\/css\">\n\t\t\t#gallery-1 {\n\t\t\t\tmargin: auto;\n\t\t\t}\n\t\t\t#gallery-1 .gallery-item {\n\t\t\t\tfloat: left;\n\t\t\t\tmargin-top: 10px;\n\t\t\t\ttext-align: center;\n\t\t\t\twidth: 33%;\n\t\t\t}\n\t\t\t#gallery-1 img {\n\t\t\t\tborder: 2px solid #cfcfcf;\n\t\t\t}\n\t\t\t#gallery-1 .gallery-caption {\n\t\t\t\tmargin-left: 0;\n\t\t\t}\n\t\t\t\/* see gallery_shortcode() in wp-includes\/media.php *\/\n\t\t<\/style>\n\t\t<div id='gallery-1' class='gallery galleryid-29816 gallery-columns-3 gallery-size-thumbnail'><dl class='gallery-item'>\n\t\t\t<dt class='gallery-icon landscape'>\n\t\t\t\t<a href='https:\/\/info.sadowne.pl\/?attachment_id=29817'><img loading=\"lazy\" decoding=\"async\" width=\"180\" height=\"130\" src=\"https:\/\/info.sadowne.pl\/wp-content\/uploads\/2025\/02\/2025.02.09-1-180x130.jpg\" class=\"attachment-thumbnail size-thumbnail\" alt=\"\" \/><\/a>\n\t\t\t<\/dt><\/dl><dl class='gallery-item'>\n\t\t\t<dt class='gallery-icon landscape'>\n\t\t\t\t<a href='https:\/\/info.sadowne.pl\/?attachment_id=29818'><img loading=\"lazy\" decoding=\"async\" width=\"180\" height=\"130\" src=\"https:\/\/info.sadowne.pl\/wp-content\/uploads\/2025\/02\/2025.02.09-2-180x130.jpg\" class=\"attachment-thumbnail size-thumbnail\" alt=\"\" \/><\/a>\n\t\t\t<\/dt><\/dl><dl class='gallery-item'>\n\t\t\t<dt class='gallery-icon landscape'>\n\t\t\t\t<a href='https:\/\/info.sadowne.pl\/?attachment_id=29819'><img loading=\"lazy\" decoding=\"async\" width=\"180\" height=\"130\" src=\"https:\/\/info.sadowne.pl\/wp-content\/uploads\/2025\/02\/2025.02.09-3-180x130.jpg\" class=\"attachment-thumbnail size-thumbnail\" alt=\"\" \/><\/a>\n\t\t\t<\/dt><\/dl><br style=\"clear: both\" \/><dl class='gallery-item'>\n\t\t\t<dt class='gallery-icon landscape'>\n\t\t\t\t<a href='https:\/\/info.sadowne.pl\/?attachment_id=29820'><img loading=\"lazy\" decoding=\"async\" width=\"180\" height=\"130\" src=\"https:\/\/info.sadowne.pl\/wp-content\/uploads\/2025\/02\/2025.02.09-4-180x130.jpg\" class=\"attachment-thumbnail size-thumbnail\" alt=\"\" \/><\/a>\n\t\t\t<\/dt><\/dl>\n\t\t\t<br style='clear: both' \/>\n\t\t<\/div>\n\n<p><strong>Tekst: <\/strong>S\u0142awek Chyli\u0144ski<\/p>\n<p><strong>Foto:<\/strong> Agata S\u0119dek<\/p>\n","protected":false},"excerpt":{"rendered":"<p>Po kilkudniowej adaptacji grupy \u017c\u0142obkowej, z pocz\u0105tkiem lutego br. w sadowie\u0144skim Przedszkolu ruszy\u0142 te\u017c \u017c\u0142obek.<\/p>\n","protected":false},"author":1,"featured_media":0,"comment_status":"closed","ping_status":"closed","sticky":false,"template":"","format":"standard","meta":{"footnotes":""},"categories":[5,1752,561],"tags":[2667,4236,2286,4235],"class_list":["post-29816","post","type-post","status-publish","format-standard","hentry","category-newsy","category-edukacja","category-przedszkole-w-sadownem","tag-agata-sedek","tag-otwarcie-zlobka-w-sadownem","tag-przedszkole-w-sadownem","tag-zlobek"],"views":2357,"_links":{"self":[{"href":"https:\/\/info.sadowne.pl\/index.php?rest_route=\/wp\/v2\/posts\/29816","targetHints":{"allow":["GET"]}}],"collection":[{"href":"https:\/\/info.sadowne.pl\/index.php?rest_route=\/wp\/v2\/posts"}],"about":[{"href":"https:\/\/info.sadowne.pl\/index.php?rest_route=\/wp\/v2\/types\/post"}],"author":[{"embeddable":true,"href":"https:\/\/info.sadowne.pl\/index.php?rest_route=\/wp\/v2\/users\/1"}],"replies":[{"embeddable":true,"href":"https:\/\/info.sadowne.pl\/index.php?rest_route=%2Fwp%2Fv2%2Fcomments&post=29816"}],"version-history":[{"count":2,"href":"https:\/\/info.sadowne.pl\/index.php?rest_route=\/wp\/v2\/posts\/29816\/revisions"}],"predecessor-version":[{"id":29822,"href":"https:\/\/info.sadowne.pl\/index.php?rest_route=\/wp\/v2\/posts\/29816\/revisions\/29822"}],"wp:attachment":[{"href":"https:\/\/info.sadowne.pl\/index.php?rest_route=%2Fwp%2Fv2%2Fmedia&parent=29816"}],"wp:term":[{"taxonomy":"category","embeddable":true,"href":"https:\/\/info.sadowne.pl\/index.php?rest_route=%2Fwp%2Fv2%2Fcategories&post=29816"},{"taxonomy":"post_tag","embeddable":true,"href":"https:\/\/info.sadowne.pl\/index.php?rest_route=%2Fwp%2Fv2%2Ftags&post=29816"}],"curies":[{"name":"wp","href":"https:\/\/api.w.org\/{rel}","templated":true}]}}