{"id":29842,"date":"2025-02-27T16:47:49","date_gmt":"2025-02-27T15:47:49","guid":{"rendered":"http:\/\/info.sadowne.pl\/?p=29842"},"modified":"2025-02-27T16:47:49","modified_gmt":"2025-02-27T15:47:49","slug":"plomienie-trawia-kamienczyk","status":"publish","type":"post","link":"https:\/\/info.sadowne.pl\/?p=29842","title":{"rendered":"P\u0142omienie trawi\u0105 Kamie\u0144czyk,"},"content":{"rendered":"<p><strong><a href=\"http:\/\/info.sadowne.pl\/wp-content\/uploads\/2025\/02\/Brok216.jpg\" target=\"_blank\" rel=\"noopener\"><img loading=\"lazy\" decoding=\"async\" class=\"alignleft wp-image-29843 size-thumbnail\" src=\"http:\/\/info.sadowne.pl\/wp-content\/uploads\/2025\/02\/Brok216-180x130.jpg\" alt=\"\" width=\"180\" height=\"130\" \/><\/a>\u2026w Ostrowi wymieniaj\u0105 nauczycieli niczym r\u0119kawiczki, Ja\u0107wingowie pod Sterdyni\u0105, w W\u0119growie narzekaj\u0105 na chorobliw\u0105 zmienno\u015b\u0107 pr\u0105du, Kurpie to or\u0142y.<\/strong><!--more--><\/p>\n<p>W Kamie\u0144czyku ogie\u0144 poch\u0142on\u0105\u0142 najcenniejsze budowle miasteczka, w tym ko\u015bci\u00f3\u0142, kt\u00f3ry przed nieca\u0142ymi dwoma dekadami, kosztem wielkich wyrzecze\u0144 wznie\u015bli parafianie. Opis tego ko\u015bcio\u0142a, gdy by\u0142 jeszcze w pe\u0142nej krasie, zamie\u015bcili\u015bmy tutaj.<\/p>\n<p>Lokalny sprawozdawca donosi z Ostrowi o kilku sprawach, kt\u00f3rymi \u017cyje jego miejscowo\u015b\u0107 i dziwi si\u0119, \u017ce miasto nie tak ma\u0142e, bo \u201elicz\u0105ce przesz\u0142o 15 tysi\u0119cy wie\u015bniak\u00f3w\u201d, nie mo\u017ce si\u0119 zdoby\u0107 na niezb\u0119dne inwestycje.<\/p>\n<p>Ja\u0107wingowie, Wikingowie, Prusowie rzecz to wielce i zawsze interesuj\u0105ca, a szczeg\u00f3lnie, gdy pisze o tych staro\u017cytnych ludach nie byle kto, bo sama Helena Mniszek, jak sugerowa\u0142by tytu\u0142 prasowej notki. Zamiast jednak duma\u0107 nad staro\u017cytno\u015bci\u0105, nasza redakcja pr\u00f3bowa\u0142a rozwik\u0142a\u0107 zagadk\u0119 d\u017cenderow\u0105, a mianowicie, czemu\u017c to pani Helena pisa\u0142a o sobie jako o m\u0119\u017cczy\u017anie, u\u017cywaj\u0105c takich czasownik\u00f3w jak \u201ezwiedza\u0142em\u201d czy \u201ezach\u0119ci\u0142em\u201d. Zamierzali\u015bmy sami dokona\u0107 poprawek, wnosz\u0105c, \u017ce to b\u0142\u0105d zecerski, ale pozostawili\u015bmy wszystko bez zmian, z nadziej\u0105, \u017ce jaki\u015b bystry czytelnik rozwi\u0105\u017ce t\u0119 \u0142amig\u0142\u00f3wk\u0119.<\/p>\n<p>Tu\u017c pod notk\u0105 o staro\u017cytnym cmentarzysku, zamieszczono w \u201eGazecie Podlaskiej\u201d artyku\u0142 traktuj\u0105cy o W\u0119growie, tyle \u017ce artyku\u0142 jest bez tytu\u0142u, tak jakby by\u0142 to dalszy ci\u0105g wcze\u015bniejszej notki, ale raczej nie jest, wi\u0119c obie cz\u0119\u015bci oddzielili\u015bmy kresk\u0105.<\/p>\n<p><strong>Wi\u0119cej na stronie <span style=\"color: #0000ff;\"><a style=\"color: #0000ff;\" href=\"https:\/\/madzelan.cba.pl\/plomienie-trawia-kamienczyk-w-ostrowi-wymieniaja-nauczycieli-niczym-rekawiczki-jacwingowie-pod-sterdynia-w-wegrowie-narzekaja-na-chorobliwa-zmiennosc-pradu-kurpie-to-orly\/\" target=\"_blank\" rel=\"noopener\">https:\/\/madzelan.cba.pl\/plomienie-trawia-kamienczyk-w-ostrowi-wymieniaja-nauczycieli-niczym-rekawiczki-jacwingowie-pod-sterdynia-w-wegrowie-narzekaja-na-chorobliwa-zmiennosc-pradu-kurpie-to-orly\/<\/a><\/span><\/strong><\/p>\n","protected":false},"excerpt":{"rendered":"<p>\u2026w Ostrowi wymieniaj\u0105 nauczycieli niczym r\u0119kawiczki, Ja\u0107wingowie pod Sterdyni\u0105, w W\u0119growie narzekaj\u0105 na chorobliw\u0105 zmienno\u015b\u0107 pr\u0105du, Kurpie to or\u0142y.<\/p>\n","protected":false},"author":1,"featured_media":0,"comment_status":"closed","ping_status":"closed","sticky":false,"template":"","format":"standard","meta":{"footnotes":""},"categories":[5,3436,31],"tags":[3004,2956],"class_list":["post-29842","post","type-post","status-publish","format-standard","hentry","category-newsy","category-opowiesci-historie-legendy-brokowskie-i-nie-tylko","category-historia-gminy","tag-jerzy-madzelan","tag-opowiesci-historie-legendy-brokowskie-i-nie-tylko"],"views":1300,"_links":{"self":[{"href":"https:\/\/info.sadowne.pl\/index.php?rest_route=\/wp\/v2\/posts\/29842","targetHints":{"allow":["GET"]}}],"collection":[{"href":"https:\/\/info.sadowne.pl\/index.php?rest_route=\/wp\/v2\/posts"}],"about":[{"href":"https:\/\/info.sadowne.pl\/index.php?rest_route=\/wp\/v2\/types\/post"}],"author":[{"embeddable":true,"href":"https:\/\/info.sadowne.pl\/index.php?rest_route=\/wp\/v2\/users\/1"}],"replies":[{"embeddable":true,"href":"https:\/\/info.sadowne.pl\/index.php?rest_route=%2Fwp%2Fv2%2Fcomments&post=29842"}],"version-history":[{"count":1,"href":"https:\/\/info.sadowne.pl\/index.php?rest_route=\/wp\/v2\/posts\/29842\/revisions"}],"predecessor-version":[{"id":29844,"href":"https:\/\/info.sadowne.pl\/index.php?rest_route=\/wp\/v2\/posts\/29842\/revisions\/29844"}],"wp:attachment":[{"href":"https:\/\/info.sadowne.pl\/index.php?rest_route=%2Fwp%2Fv2%2Fmedia&parent=29842"}],"wp:term":[{"taxonomy":"category","embeddable":true,"href":"https:\/\/info.sadowne.pl\/index.php?rest_route=%2Fwp%2Fv2%2Fcategories&post=29842"},{"taxonomy":"post_tag","embeddable":true,"href":"https:\/\/info.sadowne.pl\/index.php?rest_route=%2Fwp%2Fv2%2Ftags&post=29842"}],"curies":[{"name":"wp","href":"https:\/\/api.w.org\/{rel}","templated":true}]}}