{"id":29854,"date":"2025-03-09T18:00:31","date_gmt":"2025-03-09T17:00:31","guid":{"rendered":"http:\/\/info.sadowne.pl\/?p=29854"},"modified":"2025-03-09T18:00:31","modified_gmt":"2025-03-09T17:00:31","slug":"gminny-dzien-kobiet-2025-w-sadownem","status":"publish","type":"post","link":"https:\/\/info.sadowne.pl\/?p=29854","title":{"rendered":"Gminny Dzie\u0144 Kobiet 2025 w Sadownem"},"content":{"rendered":"<p><a href=\"http:\/\/info.sadowne.pl\/wp-content\/uploads\/2025\/03\/2025.03.08.1-1.jpg\" target=\"_blank\" rel=\"noopener\"><img loading=\"lazy\" decoding=\"async\" class=\"alignleft wp-image-29855 size-thumbnail\" src=\"http:\/\/info.sadowne.pl\/wp-content\/uploads\/2025\/03\/2025.03.08.1-1-180x130.jpg\" alt=\"\" width=\"180\" height=\"130\" \/><\/a><\/p>\n<p><strong>Wiecz\u00f3r 8 marca 2025 w Sadownem to niezapomniane spotkanie z okazji Dnia Kobiet. Na zaproszenie Pana W\u00f3jta przyby\u0142y na nie licznie mieszkanki naszej gminy\u2026 i nie tylko.<\/strong><!--more--><\/p>\n<p><strong>Sobota, p\u00f3\u017ane popo\u0142udnie \u2013 uroczyste spotkanie zainicjowane przez W\u00f3jta Gminy Sadowne p. Waldemara Cyrana. <\/strong>Do Sali OSP, w kt\u00f3rej odbywa\u0142 si\u0119 Gminny Dzie\u0144 Kobiet, przyby\u0142y licznie bohaterki tego spotkania &#8211; mieszkanki Gminy Sadowne, a tak\u017ce \u201es\u0105siadki\u201d.<\/p>\n<p><strong>Spotkanie rozpocz\u0119\u0142a i powita\u0142a przyby\u0142ych go\u015bci p. Ewa Pi\u00f3rkowska<\/strong>, reprezentuj\u0105ca Gminny O\u015brodek Kultury w Sadownem, kt\u00f3ry by\u0142 wsp\u00f3\u0142organizatorem wydarzenia. Oczywi\u015bcie nasze Drogie Panie zosta\u0142y te\u017c powitane \u017cyczeniami, kt\u00f3re w imieniu drugiej, brzydszej po\u0142owy mieszka\u0144c\u00f3w, m\u0119\u017cczyzn, przekaza\u0142 W\u0142odarz Gminy p. Waldemar Cyran.<\/p>\n<p><strong>Nast\u0119pnie odby\u0142a si\u0119 zapowiadana cz\u0119\u015b\u0107 artystyczna.<\/strong> W pierwszej cz\u0119\u015bci spotkania program muzyczny zaprezentowa\u0142 duet znanych artyst\u00f3w: p. Julia W\u0119growicz i p. Marek Po\u0142ynko.<\/p>\n<p>Julia W\u0119growicz \u2013 wszechstronna wokalistka i aktorka musicalowa o niezwyk\u0142ej, mocnej barwie sopranowej. Na scenie Teatru ROMA wyst\u0119powa\u0142a przez 6 lat, nagrywaj\u0105c partie solowe do musicali \u201eAkademia Pana Kleksa\u201d, \u201eKoty\u201d, \u201eUpi\u00f3r w Operze\u201d czy \u201eLes Mis\u00e9rables\u201d. Jej talent doceniono w programach \u201eBitwa na g\u0142osy\u201d oraz \u201eThe Voice of Poland\u201d, a g\u0142os us\u0142ysze\u0107 mo\u017cna by\u0142o m.in. w reklamach Barbie i Coca-Cola \u201eCoraz bli\u017cej \u015awi\u0119ta\u201d.<\/p>\n<p>Marek Po\u0142ynko \u2013 muzyk, aran\u017cer i prezenter muzyczny wsp\u00f3\u0142pracuj\u0105cy z Teatrem Capitol w Warszawie. Ju\u017c od 20 lat koncertuje w najpopularniejszych w\u0142oskich kurortach, dziel\u0105c si\u0119 z publiczno\u015bci\u0105 swoj\u0105 pasj\u0105 i energi\u0105.<\/p>\n<p>Oboje arty\u015bci stworzyli niezapomniane widowisko, \u0142\u0105cz\u0105c wirtuozeri\u0119 wokaln\u0105, musicalow\u0105 ekspresj\u0119 i w\u0142oski temperament \u2013 publiczno\u015b\u0107 natychmiast przyst\u0105pi\u0142a do wsp\u00f3lnej zabawy, a na zako\u0144czenie wymog\u0142a na artystach bis.<\/p>\n<p><strong>Po kr\u00f3tkiej przerwie odby\u0142a si\u0119 premiera teatralnej sk\u0142adanki zabawnych skecz\u00f3w, kt\u00f3re przygotowa\u0142 z okazji Dnia Kobiet TEATR RODZICA. <\/strong><\/p>\n<p>Je\u015bli Pa\u0144stwo nie kojarz\u0105, to prosz\u0119 ju\u017c od teraz zapami\u0119ta\u0107: TEATR RODZICA jest to amatorska grupa teatralna tworzona g\u0142\u00f3wnie przez rodzic\u00f3w dzieci ucz\u0119szczaj\u0105cych do sadowie\u0144skiego przedszkola. Przed nami wyst\u0105pili Pa\u0144stwo: Iwona i Daniel Decykowie, Mariusz Sk\u0142adanek, Karolina i Piotr Krasuscy, Maria Komorek, Katarzyna Wieliczko, Klaudia Nowakowska i Tomasz Kozio\u0142.<\/p>\n<p>Pasjonaci sztuki \u0142\u0105cz\u0105 tu si\u0142y, by poprzez wsp\u00f3lne wyst\u0119py bawi\u0107, uczy\u0107 i integrowa\u0107 lokaln\u0105 spo\u0142eczno\u015b\u0107. Ich spektakle pe\u0142ne s\u0105 humoru, zaanga\u017cowania i rodzinnej atmosfery. Mieli\u015bmy ju\u017c wcze\u015bniej okazj\u0119 ogl\u0105da\u0107 prezentacje naszych aktor\u00f3w z okazji Miko\u0142ajek czy oficjalnego otwarcia Przedszkola w Sadownem. Zawsze pi\u0119knie i ze smakiem \u2013 brawo, jeste\u015bmy z Was dumni i czekamy na kolejne wyst\u0119py.<\/p>\n<p><strong>Podczas tego uroczystego spotkania by\u0142y te\u017c dodatkowe atrakcje<\/strong>, oczywi\u015bcie \u2013 jak ka\u017cdego roku &#8211; przygotowana przez sadowie\u0144ski GOK loteria fantowa, w kt\u00f3rej mo\u017cna by\u0142o wylosowa\u0107 bony na wszelkiego rodzaju us\u0142ugi, od kosmetycznych zaczynaj\u0105c, a na mechanicznych ko\u0144cz\u0105c oraz s\u0142odki, smaczny pocz\u0119stunek.<\/p>\n<p><strong>Wszystko \u015bwietnie i bardzo dobrze przygotowane.<\/strong> Bohaterki spotkania opuszcza\u0142y sal\u0119 OSP usatysfakcjonowane i docenione. Dzi\u0119kuj\u0119 w Ich imieniu za mi\u0142e spotkanie i jednocze\u015bnie przy\u0142\u0105czam si\u0119 do \u017cycze\u0144 m\u0119skiej cz\u0119\u015bci spo\u0142eczno\u015bci sadowie\u0144skiej: <strong>wszystkiego dobrego Drogie Panie!<\/strong><\/p>\n<p>Nie omieszkam te\u017c doda\u0107, \u017ce <strong>Partnerem tego \u015bwietnego wydarzenia by\u0142 Samorz\u0105d Wojew\u00f3dztwa Mazowieckiego<\/strong> \u2013 dzi\u0119kujemy za wsparcie.<\/p>\n<p><strong>Relacj\u0119 z Gminnego Dnia Kobiet 2025 w Sadownem mo\u017cna obejrze\u0107 na facebookowej stronie Info Sadowne:<\/strong><\/p>\n<p><strong>Cz\u0119\u015b\u0107 I \u2013 <span style=\"color: #0000ff;\"><a style=\"color: #0000ff;\" href=\"https:\/\/www.facebook.com\/photo?fbid=1033630645465686&amp;set=pcb.1033636758798408\" target=\"_blank\" rel=\"noopener\">https:\/\/www.facebook.com\/photo?fbid=1033630645465686&amp;set=pcb.1033636758798408<\/a><\/span><\/strong><\/p>\n<p><strong>Cz\u0119\u015b\u0107 II \u2013 <span style=\"color: #0000ff;\"><a style=\"color: #0000ff;\" href=\"https:\/\/www.facebook.com\/photo\/?fbid=1033643415464409&amp;set=pcb.1033682188793865\" target=\"_blank\" rel=\"noopener\">https:\/\/www.facebook.com\/photo\/?fbid=1033643415464409&amp;set=pcb.1033682188793865<\/a><\/span><\/strong><\/p>\n<p><strong>Cz\u0119\u015b\u0107 III \u2013 <span style=\"color: #0000ff;\"><a style=\"color: #0000ff;\" href=\"https:\/\/www.facebook.com\/photo?fbid=1033691842126233&amp;set=pcb.1033775088784575\" target=\"_blank\" rel=\"noopener\">https:\/\/www.facebook.com\/photo?fbid=1033691842126233&amp;set=pcb.1033775088784575<\/a><\/span><\/strong><\/p>\n<p><strong>Tekst\/foto:<\/strong> S\u0142awek Chyli\u0144ski<\/p>\n<p>&nbsp;<\/p>\n","protected":false},"excerpt":{"rendered":"<p>Wiecz\u00f3r 8 marca 2025 w Sadownem to niezapomniane spotkanie z okazji Dnia Kobiet. Na zaproszenie Pana W\u00f3jta przyby\u0142y na nie licznie mieszkanki naszej gminy\u2026 i nie tylko.<\/p>\n","protected":false},"author":1,"featured_media":0,"comment_status":"closed","ping_status":"closed","sticky":false,"template":"","format":"standard","meta":{"footnotes":""},"categories":[5,91,6],"tags":[1841,169,3043,614],"class_list":["post-29854","post","type-post","status-publish","format-standard","hentry","category-newsy","category-gminny-osrodek-kultury","category-kultura-rozrywka-edukacja","tag-gminny-dzien-kobiet-w-sadownem","tag-gminny-osrodek-kultury-w-sadownem","tag-samorzad-wojewodztwa-mazowieckiego","tag-wojt-gminy-sadowne"],"views":1401,"_links":{"self":[{"href":"https:\/\/info.sadowne.pl\/index.php?rest_route=\/wp\/v2\/posts\/29854","targetHints":{"allow":["GET"]}}],"collection":[{"href":"https:\/\/info.sadowne.pl\/index.php?rest_route=\/wp\/v2\/posts"}],"about":[{"href":"https:\/\/info.sadowne.pl\/index.php?rest_route=\/wp\/v2\/types\/post"}],"author":[{"embeddable":true,"href":"https:\/\/info.sadowne.pl\/index.php?rest_route=\/wp\/v2\/users\/1"}],"replies":[{"embeddable":true,"href":"https:\/\/info.sadowne.pl\/index.php?rest_route=%2Fwp%2Fv2%2Fcomments&post=29854"}],"version-history":[{"count":1,"href":"https:\/\/info.sadowne.pl\/index.php?rest_route=\/wp\/v2\/posts\/29854\/revisions"}],"predecessor-version":[{"id":29856,"href":"https:\/\/info.sadowne.pl\/index.php?rest_route=\/wp\/v2\/posts\/29854\/revisions\/29856"}],"wp:attachment":[{"href":"https:\/\/info.sadowne.pl\/index.php?rest_route=%2Fwp%2Fv2%2Fmedia&parent=29854"}],"wp:term":[{"taxonomy":"category","embeddable":true,"href":"https:\/\/info.sadowne.pl\/index.php?rest_route=%2Fwp%2Fv2%2Fcategories&post=29854"},{"taxonomy":"post_tag","embeddable":true,"href":"https:\/\/info.sadowne.pl\/index.php?rest_route=%2Fwp%2Fv2%2Ftags&post=29854"}],"curies":[{"name":"wp","href":"https:\/\/api.w.org\/{rel}","templated":true}]}}