{"id":29863,"date":"2025-03-17T11:22:52","date_gmt":"2025-03-17T10:22:52","guid":{"rendered":"http:\/\/info.sadowne.pl\/?p=29863"},"modified":"2025-03-17T11:22:52","modified_gmt":"2025-03-17T10:22:52","slug":"kronika-strazacka-10-16-03-2025","status":"publish","type":"post","link":"https:\/\/info.sadowne.pl\/?p=29863","title":{"rendered":"Kronika stra\u017cacka 10 \u2013 16.03.2025"},"content":{"rendered":"<p><strong><a href=\"http:\/\/info.sadowne.pl\/wp-content\/uploads\/2023\/06\/straz3-scaled.jpg\"><img loading=\"lazy\" decoding=\"async\" class=\"alignleft size-thumbnail wp-image-27687\" src=\"http:\/\/info.sadowne.pl\/wp-content\/uploads\/2023\/06\/straz3-180x130.jpg\" alt=\"\" width=\"180\" height=\"130\" \/><\/a>W<\/strong><strong> okresie<\/strong><strong> 10 &#8211; 16.03.2025 na<\/strong><strong> terenie<\/strong><strong> powiatu<\/strong><strong> w\u0119growskiego<\/strong><strong> zanotowano:<\/strong><strong> 14 zdarze\u0144,<\/strong><strong> przy<\/strong><strong> kt\u00f3rych<\/strong><strong> interweniowa\u0142y<\/strong><strong> jednostki<\/strong><strong> ochrony<\/strong><strong> przeciwpo\u017carowej, w tym:<\/strong><strong> 11 po\u017car\u00f3w, 2 miejscowe zagro\u017cenia i 1 alarm fa\u0142szywy.<\/strong><strong>\u00a0<\/strong><!--more--><\/p>\n<p><strong>11.03.2025 \u2013 Zaj\u0105c, gm. Liw \u2013 budynek mieszkalny \u2013 sadze w kominie.<\/strong><\/p>\n<p>W budynku murowanym dwukondygnacyjnym dosz\u0142o do po\u017caru sadz w przewodzie kominowym. Dzia\u0142ania zast\u0119p\u00f3w polega\u0142y na zabezpieczeniu miejsca zdarzenia, wygaszeniu pieca grzewczego, podaniu pr\u0105du proszku ga\u015bniczego z ga\u015bnicy GP6 oraz usuni\u0119ciu zalegaj\u0105cej sadzy w przewodzie przy u\u017cyciu wyciora. Dzia\u0142ania te doprowadzi\u0142y do lokalizacji i ugaszenia po\u017caru. Pomieszczenia przewietrzono, budynek sprawdzono przy u\u017cyciu kamery termowizyjnej.<\/p>\n<p>W DZIA\u0141ANIACH RATOWNICZYCH UDZIA\u0141 BRA\u0141O: 2 zast\u0119py, 8 ratownik\u00f3w.<\/p>\n<p><strong>14.03.2025 \u2013 Liw, gm. Liw<\/strong><strong> \u2013 budynek mieszkalny &#8211; sadze w kominie.<\/strong><\/p>\n<p>Po przybyciu na miejsce zdarzenia KDR JRG podaje: Po\u017car sadzy w budynku mieszkalnym, murowanym, krytym blach\u0105, brak os\u00f3b poszkodowanych. Dzia\u0142ania zast\u0119p\u00f3w polega\u0142y na zabezpieczeniu miejsca zdarzenia, ugaszeniu pal\u0105cych si\u0119 sadzy w kominie oraz oczyszczeniu przewodu kominowego, korzystaj\u0105c w podno\u015bnika hydraulicznego i wyciora kominiarskiego. Sprawdzono przew\u00f3d kominowy oraz przyleg\u0142e pomieszczenia przy pomocy kamery termowizyjnej. Jednocze\u015bnie prowadzono pomiary detektorem wielogazowym.<\/p>\n<p>W DZIA\u0141ANIACH RATOWNICZYCH UDZIA\u0141 BRA\u0141O: 3 zast\u0119py 10 ratownik\u00f3w.<strong>\u00a0<\/strong><\/p>\n<p><strong>16.03.2025 \u2013 W\u0119gr\u00f3w, Rynek Mariacki \u2013 <\/strong><strong>budyne<\/strong><strong>k us\u0142ugowo-mieszkalny \u2013 po\u017car instalacji elektrycznej.<\/strong><\/p>\n<p>W lokalu u\u017cytkowym &#8211; kawiarni dosz\u0142o do zadymienia (dym wydobywa si\u0119 z szafek kuchennych w okolicy piekarnika), brak os\u00f3b poszkodowanych, pr\u0105d wy\u0142\u0105czony w lokalu. Dzia\u0142ania zast\u0119pu polega\u0142y na zabezpieczeniu miejsca zdarzenia, wprowadzeniu roty ratownik\u00f3w do \u015brodka budynku (OUO), zlokalizowaniu \u017ar\u00f3d\u0142a ognia a nast\u0119pnie podaniu pr\u0105du wody w natarciu, co doprowadzi\u0142o do lokalizacji i likwidacji po\u017caru. Oddymiono i przewietrzono kawiarni\u0119 oraz lokale mieszkalne znajduj\u0105ce si\u0119 na I pi\u0119trze, po czym sprawdzono je na obecno\u015b\u0107 tlenku w\u0119gla (nie stwierdzono).<\/p>\n<p>W DZIA\u0141ANIACH RATOWNICZYCH UDZIA\u0141 BRA\u0141O: 1 zast\u0119p, 4 ratownik\u00f3w.<strong>\u00a0<\/strong><\/p>\n<p><strong>Pozosta\u0142e dzia\u0142ania ratownicze prowadzone by\u0142y przy niewielkich po\u017carach traw.<\/strong><\/p>\n<p><strong>KP PSP W\u0119gr\u00f3w<\/strong><\/p>\n","protected":false},"excerpt":{"rendered":"<p>W okresie 10 &#8211; 16.03.2025 na terenie powiatu w\u0119growskiego zanotowano: 14 zdarze\u0144, przy kt\u00f3rych interweniowa\u0142y jednostki ochrony przeciwpo\u017carowej, w tym: 11 po\u017car\u00f3w, 2 miejscowe zagro\u017cenia i 1 alarm fa\u0142szywy.\u00a0<\/p>\n","protected":false},"author":1,"featured_media":0,"comment_status":"closed","ping_status":"closed","sticky":false,"template":"","format":"standard","meta":{"footnotes":""},"categories":[5,4,267],"tags":[491,643],"class_list":["post-29863","post","type-post","status-publish","format-standard","hentry","category-newsy","category-policja-straz-pozarna-pogotowie-ratunkowe","category-straz-pozarna-policja-straz-pozarna-pogotowie-ratunkowe","tag-komenda-powiatowa-panstwowej-strazy-pozarnej-w-wegrowie","tag-kronika-strazacka"],"views":1293,"_links":{"self":[{"href":"https:\/\/info.sadowne.pl\/index.php?rest_route=\/wp\/v2\/posts\/29863","targetHints":{"allow":["GET"]}}],"collection":[{"href":"https:\/\/info.sadowne.pl\/index.php?rest_route=\/wp\/v2\/posts"}],"about":[{"href":"https:\/\/info.sadowne.pl\/index.php?rest_route=\/wp\/v2\/types\/post"}],"author":[{"embeddable":true,"href":"https:\/\/info.sadowne.pl\/index.php?rest_route=\/wp\/v2\/users\/1"}],"replies":[{"embeddable":true,"href":"https:\/\/info.sadowne.pl\/index.php?rest_route=%2Fwp%2Fv2%2Fcomments&post=29863"}],"version-history":[{"count":1,"href":"https:\/\/info.sadowne.pl\/index.php?rest_route=\/wp\/v2\/posts\/29863\/revisions"}],"predecessor-version":[{"id":29864,"href":"https:\/\/info.sadowne.pl\/index.php?rest_route=\/wp\/v2\/posts\/29863\/revisions\/29864"}],"wp:attachment":[{"href":"https:\/\/info.sadowne.pl\/index.php?rest_route=%2Fwp%2Fv2%2Fmedia&parent=29863"}],"wp:term":[{"taxonomy":"category","embeddable":true,"href":"https:\/\/info.sadowne.pl\/index.php?rest_route=%2Fwp%2Fv2%2Fcategories&post=29863"},{"taxonomy":"post_tag","embeddable":true,"href":"https:\/\/info.sadowne.pl\/index.php?rest_route=%2Fwp%2Fv2%2Ftags&post=29863"}],"curies":[{"name":"wp","href":"https:\/\/api.w.org\/{rel}","templated":true}]}}