{"id":29872,"date":"2025-03-26T09:12:30","date_gmt":"2025-03-26T08:12:30","guid":{"rendered":"http:\/\/info.sadowne.pl\/?p=29872"},"modified":"2025-03-26T09:12:30","modified_gmt":"2025-03-26T08:12:30","slug":"kronika-strazacka-17-23-03-2025","status":"publish","type":"post","link":"https:\/\/info.sadowne.pl\/?p=29872","title":{"rendered":"Kronika stra\u017cacka 17 &#8211; 23.03.2025"},"content":{"rendered":"<p><strong><a href=\"http:\/\/info.sadowne.pl\/wp-content\/uploads\/2023\/06\/straz3-scaled.jpg\"><img loading=\"lazy\" decoding=\"async\" class=\"alignleft size-thumbnail wp-image-27687\" src=\"http:\/\/info.sadowne.pl\/wp-content\/uploads\/2023\/06\/straz3-180x130.jpg\" alt=\"\" width=\"180\" height=\"130\" \/><\/a>W okresie 17 &#8211; 23.03.2025 na terenie powiatu w\u0119growskiego zanotowano: <\/strong><strong>18 zdarze\u0144, przy kt\u00f3rych interweniowa\u0142y jednostki ochrony przeciwpo\u017carowej, w tym: <\/strong><strong>16 po\u017car\u00f3w, \u00a02 miejscowe zagro\u017cenia i 0 alarm\u00f3w fa\u0142szywych.<\/strong><!--more--><\/p>\n<p><strong>17.03.2025 \u2013 W\u0119gr\u00f3w, Al. Siedlecka \u2013 po\u017car pojazdu.<\/strong><\/p>\n<p>Do SKKP wp\u0142yn\u0119\u0142a formatka o tre\u015bci &#8222;PALI SI\u0118 SAMOCH\u00d3D OSOBOWY NA PASIE RUCHU DIESEL NIE MA OS\u00d3B POSZKODOWANYCH&#8221;. SK do zdarzenia zadysponowa\u0142o zast\u0119p JRG GBA 2.6\/25. Po przybyciu na miejsce zdarzenia KDR po przeprowadzonym rozpoznaniu stwierdzi\u0142, \u017ce pali si\u0119 minicar &#8211; pojazd obj\u0119ty ca\u0142y po\u017carem, brak os\u00f3b poszkodowanych, policja na miejscu, SI\u015a wystarczaj\u0105ce. Dzia\u0142ania zast\u0119pu polega\u0142y na zabezpieczeniu miejsca zdarzenia, podaniu pr\u0105du wody w natarciu na pojazd, co doprowadzi\u0142o do likwidacji po\u017caru. Na tym dzia\u0142ania zast\u0119pu zako\u0144czono.<\/p>\n<p>W DZIA\u0141ANIACH RATOWNICZYCH UDZIA\u0141 BRA\u0141O: 1 zast\u0119p, 4 ratownik\u00f3w.<\/p>\n<p><strong>22.03.2025 \u2013 W\u0119gr\u00f3w, ul. Nowiny \u2013 po\u017car lasu.<\/strong><\/p>\n<p>Do SKKP wp\u0142yn\u0119\u0142a formatka z CPR o tre\u015bci &#8222;PO\u017bAR LASU WIDA\u0106 OGIE\u0143 &#8211; ROZPRZESTRZENIA SI\u0118 W BLISKIEJ ODLEG\u0141O\u015aCI JEST DOM ZG\u0141. &#8211; OK 40 M&#8221;. SK do zdarzenia zadysponowa\u0142o zast\u0119p JRG GCBA 5\/32 oraz OSP W\u0119gr\u00f3w. Po przybyciu na miejsce zdarzenia zast\u0119pu JRG, KDR po przeprowadzonym rozpoznaniu stwierdzi\u0142, \u017ce pali si\u0119 \u015bcio\u0142a i nieu\u017cytki na powierzchni ok. 0,5 ha, po\u017car powsta\u0142 prawdopodobnie od uderzaj\u0105cych ga\u0142\u0119zi o lini\u0119 energetyczn\u0105, potrzebne dodatkowe SI\u015a. Dzia\u0142ania zast\u0119pu JRG polega\u0142y na zabezpieczeniu miejsca zdarzenia a nast\u0119pnie podaniu dw\u00f3ch pr\u0105du wody w natarciu na po\u017car. Po przelaniu ca\u0142ego pogorzeliska wod\u0105 po\u017car zlikwidowano. Na tym dzia\u0142ania zako\u0144czono.<\/p>\n<p>W DZIA\u0141ANIACH RATOWNICZYCH UDZIA\u0141 BRA\u0141O: 3 zast\u0119py, 13 ratownik\u00f3w.<\/p>\n<p><strong>23.03.2025 \u2013 \u0141och\u00f3w, ul. Baczkowska \u2013 po\u017car nieu\u017cytk\u00f3w. <\/strong><strong>\u00a0<\/strong><\/p>\n<p>Do SKKP w W\u0119growie wp\u0142yn\u0119\u0142a formatka o tre\u015bci: &#8222;PALI SIE WZD\u0141U\u017b STRUGI OF\u00d3RDKI DZIA\u0141KOWE, ZG\u0141ASZAJACA WIDZI Z OKNA POZAR\u00a0 TRAW NA OGR\u00d3DKACH DZIA\u0141KOWYCH&#8221;. Po przybyciu na miejsce zdarzenia pierwszych SIS, KDR OSP po przeprowadzeniu rozpoznawania zg\u0142osi\u0142 do dy\u017curnego nast\u0119puj\u0105ce informacje: &#8222;KDR; pali si\u0119 pow. 1 ha traw w pobli\u017cu ogr\u00f3dk\u00f3w dzia\u0142kowych, potrzebne dodatkowe SiS (silne porywy wiatru)&#8221;. Dy\u017curny zadysponowa\u0142 dodatkowe SIS na miejsce zdarzenia. Dzia\u0142ania JOP na miejscu polega\u0142y na zabezpieczeniu miejsca zdarzenia oraz podaniu 3 pr\u0105d\u00f3w wody w natarciu okr\u0105\u017caj\u0105cym, z uwagi na trudny teren r\u00f3wnolegle prowadzono dzia\u0142ania przy pomocy podr\u0119cznego sprz\u0119tu ga\u015bniczego(t\u0142umice). Dzia\u0142ania te doprowadzi\u0142y do lokalizacji po\u017caru. Dalsze dzia\u0142ania polega\u0142y na przelaniu pogorzeliska wod\u0105, co doprowadzi\u0142o do ca\u0142kowitego ugaszenia po\u017caru. Na tym dzia\u0142ania zako\u0144czono. Zast\u0119py powr\u00f3ci\u0142y do bazy.<\/p>\n<p>W DZIA\u0141ANIACH RATOWNICZYCH UDZIA\u0141 BRA\u0141O : 4 zast\u0119py, 22 ratownik\u00f3w.<\/p>\n<p><strong>23.03.2025 \u2013 Baczki, gm. \u0141och\u00f3w \u2013 po\u017car trawy.<\/strong><strong>\u00a0<\/strong><\/p>\n<p>Do SK KP PSP W\u0119gr\u00f3w wp\u0142yn\u0119\u0142o zg\u0142oszenie o tre\u015bci :&#8221;OD POSESJI OKOLO 200METR\u00d3W PO\u017bAR KRZAK\u00d3W, 50 METR\u00d3W PO\u017bARU&#8221;.\u00a0 Do zdarzenia zosta\u0142y zadysponowany zast\u0119p JRG W\u0119gr\u00f3w oraz 3 zast\u0119py OSP z pobliskich jednostek OSP. Po przybyciu na miejsce zdarzenia KDR stwierdzi\u0142, \u017ce po\u017carowi uleg\u0142o oko\u0142o 0.5 ha nieu\u017cytk\u00f3w, SiS niewystarczaj\u0105ce. Dzia\u0142ania zast\u0119pu polega\u0142y na zabezpieczeniu miejsce zdarzenia oraz podaniu jednego pr\u0105du wody w natarciu na po\u017car. Po przybyciu na miejsce zdarzenia pozosta\u0142ych zadysponowanych JOP, zast\u0119py poda\u0142y jeszcze kolejne 2 pr\u0105dy wody w natarciu, co doprowadzi\u0142o do lokalizacji po\u017caru. Nast\u0119pnie przyst\u0105piono do przelewania nieu\u017cytk\u00f3w. Dzia\u0142ania doprowadzi\u0142y do ugaszenia po\u017caru. NA tym dzia\u0142ania zako\u0144czono, zast\u0119py wr\u00f3ci\u0142y do bazy.<\/p>\n<p>W DZIA\u0141ANIACH RATOWNICZYCH UDZIA\u0141 BRA\u0141O: 5 zast\u0119p\u00f3w, 25 ratownik\u00f3w.<\/p>\n<p><strong>23.03.2025 \u2013 \u015anice, gm. Liw \u2013 dachowanie pojazdu.<\/strong><strong>\u00a0<\/strong><\/p>\n<p>Do SK KP PSP W\u0119gr\u00f3w wp\u0142yn\u0119\u0142a informacja przekazana przez telefon z SK KM PSP w Siedlcach o dachowaniu pojazdu w rejonie wsp\u00f3\u0142dzia\u0142ania w miejscowo\u015bci Ksi\u0119\u017copole-Smolaki. Do zdarzenia zadysponowano zast\u0119p JRG W\u0119gr\u00f3w oraz OSP Wyszk\u00f3w. Po przybyciu na miejsce zdarzenia KDR stwierdzi\u0142, \u017ce zdarzenia powsta\u0142o na terenie dzia\u0142ania KP PSP W\u0119gr\u00f3w, na miejscu znajdowa\u0142y si\u0119 ju\u017c jednostki OSP Mokobody i OSP \u015awiniary z powiatu siedleckiego, samoch\u00f3d bior\u0105cy udzia\u0142 z zdarzeniu poza jezdni\u0105, pogotowie ratunkowe na miejscu, brak os\u00f3b w \u015brodku i w pobli\u017cu miejsca zdarzenia. Dzia\u0142ania zast\u0119p\u00f3w polega\u0142y na zabezpieczeniu miejsca zdarzenia (od\u0142\u0105czono akumulator, o\u015bwietlono miejsce zdarzenia), oraz przeszukaniu okolicy w celu odnalezienia os\u00f3b bior\u0105cych udzia\u0142 w wypadku. Na miejsce dotar\u0142 tak\u017ce zast\u0119p Policji, kt\u00f3ry nadzorowa\u0142 dzia\u0142ania poszukiwawcze. Dzia\u0142ania te, zosta\u0142y po chwili odwo\u0142ane po dyspozycji Policji, kt\u00f3ra ustala\u0142a miejsce ewentualnego pobytu osoby prowadz\u0105cej pojazd. Na miejscu na pro\u015bb\u0119 Policji zosta\u0142 zast\u0119p OSP Wyszk\u00f3w w celu o\u015bwietlania miejsca zdarzenia.<\/p>\n<p>W DZIA\u0141ANIACH RATOWNICZYCH UDZIA\u0141 BRA\u0141O: 5 zast\u0119p\u00f3w, 23 ratownik\u00f3w.<\/p>\n<p><strong>W powy\u017cszym czasie JOP interweniowa\u0142y przy 14 po\u017carach traw.<\/strong><\/p>\n<p><strong>KP PSP W\u0119gr\u00f3w<\/strong><\/p>\n<p><strong>\u00a0<\/strong><\/p>\n","protected":false},"excerpt":{"rendered":"<p>W okresie 17 &#8211; 23.03.2025 na terenie powiatu w\u0119growskiego zanotowano: 18 zdarze\u0144, przy kt\u00f3rych interweniowa\u0142y jednostki ochrony przeciwpo\u017carowej, w tym: 16 po\u017car\u00f3w, \u00a02 miejscowe zagro\u017cenia i 0 alarm\u00f3w fa\u0142szywych.<\/p>\n","protected":false},"author":1,"featured_media":0,"comment_status":"closed","ping_status":"closed","sticky":false,"template":"","format":"standard","meta":{"footnotes":""},"categories":[5,4,267],"tags":[491,643],"class_list":["post-29872","post","type-post","status-publish","format-standard","hentry","category-newsy","category-policja-straz-pozarna-pogotowie-ratunkowe","category-straz-pozarna-policja-straz-pozarna-pogotowie-ratunkowe","tag-komenda-powiatowa-panstwowej-strazy-pozarnej-w-wegrowie","tag-kronika-strazacka"],"views":1313,"_links":{"self":[{"href":"https:\/\/info.sadowne.pl\/index.php?rest_route=\/wp\/v2\/posts\/29872","targetHints":{"allow":["GET"]}}],"collection":[{"href":"https:\/\/info.sadowne.pl\/index.php?rest_route=\/wp\/v2\/posts"}],"about":[{"href":"https:\/\/info.sadowne.pl\/index.php?rest_route=\/wp\/v2\/types\/post"}],"author":[{"embeddable":true,"href":"https:\/\/info.sadowne.pl\/index.php?rest_route=\/wp\/v2\/users\/1"}],"replies":[{"embeddable":true,"href":"https:\/\/info.sadowne.pl\/index.php?rest_route=%2Fwp%2Fv2%2Fcomments&post=29872"}],"version-history":[{"count":1,"href":"https:\/\/info.sadowne.pl\/index.php?rest_route=\/wp\/v2\/posts\/29872\/revisions"}],"predecessor-version":[{"id":29873,"href":"https:\/\/info.sadowne.pl\/index.php?rest_route=\/wp\/v2\/posts\/29872\/revisions\/29873"}],"wp:attachment":[{"href":"https:\/\/info.sadowne.pl\/index.php?rest_route=%2Fwp%2Fv2%2Fmedia&parent=29872"}],"wp:term":[{"taxonomy":"category","embeddable":true,"href":"https:\/\/info.sadowne.pl\/index.php?rest_route=%2Fwp%2Fv2%2Fcategories&post=29872"},{"taxonomy":"post_tag","embeddable":true,"href":"https:\/\/info.sadowne.pl\/index.php?rest_route=%2Fwp%2Fv2%2Ftags&post=29872"}],"curies":[{"name":"wp","href":"https:\/\/api.w.org\/{rel}","templated":true}]}}