{"id":29875,"date":"2025-03-27T09:33:25","date_gmt":"2025-03-27T08:33:25","guid":{"rendered":"http:\/\/info.sadowne.pl\/?p=29875"},"modified":"2025-03-27T09:33:25","modified_gmt":"2025-03-27T08:33:25","slug":"pod-czyzewem-orza-sochami","status":"publish","type":"post","link":"https:\/\/info.sadowne.pl\/?p=29875","title":{"rendered":"Pod Czy\u017cewem orz\u0105 sochami,"},"content":{"rendered":"<p><strong><a href=\"http:\/\/info.sadowne.pl\/wp-content\/uploads\/2025\/03\/Brok220.jpg\" target=\"_blank\" rel=\"noopener\"><img loading=\"lazy\" decoding=\"async\" class=\"alignleft wp-image-29876 size-thumbnail\" src=\"http:\/\/info.sadowne.pl\/wp-content\/uploads\/2025\/03\/Brok220-180x130.jpg\" alt=\"\" width=\"180\" height=\"130\" \/><\/a>\u2026tragedia w wiosce O\u0142tarze, nab\u00f3r do Szko\u0142y Podoficerskiej i absolwenci Szko\u0142y Podchor\u0105\u017cych w Ostrowi, w W\u0119growie nie czytaj\u0105 gazet, tylko w \u201ewa\u0142a\u201d graj\u0105, nawet wyklinani przez biskupa, towarzysz\u0105 kap\u0142anowi z Ostrowi w jego ostatniej drodze.<\/strong><!--more--><\/p>\n<p>Pod Czy\u017cewem wci\u0105\u017c orz\u0105 sochami, a patrz\u0105c na ub\u00f3stwo rolnik\u00f3w i ich niech\u0119\u0107 do wszelkich zmian, ksi\u0105dz z Czy\u017cewa dochodzi do smutnego wniosku, \u017ce: \u201eSoch\u0105 ora\u0142 ojciec, soch\u0105 orze syn i soch\u0105 b\u0119dzie ora\u0142 wnuk\u201d. Nie wspomina jednak o prapraprawnukach, mo\u017ce wi\u0119c co\u015b si\u0119 zmieni\u0142o w tej sprawie.<\/p>\n<p>Woda poch\u0142on\u0119\u0142a kolejn\u0105 ofiar\u0119, tym razem ch\u0142opczyka z nadbu\u017ca\u0144skiej wioski O\u0142tarze.<\/p>\n<p>Polscy \u017co\u0142nierze, kt\u00f3rzy w lipcu 1917 r. z\u0142o\u017cyli przysi\u0119g\u0119 na wierno\u015b\u0107 Cesarstwu Niemieckiemu, weszli w sk\u0142ad Polskiej Si\u0142y Zbrojnej (niem. Polnische Wehrmacht). Kadr\u0119 oficersk\u0105 dla tej formacji mia\u0142a zapewni\u0107 utworzona ju\u017c w sierpniu Szko\u0142a Podchor\u0105\u017cych w \u00f3wczesnym Ostrowiu \u0141om\u017cy\u0144skim (ob. Ostr\u00f3w Mazowiecka). Wkr\u00f3tce utworzono tam tak\u017ce Szko\u0142\u0119 Podoficersk\u0105. Zamieszczamy szczeg\u00f3\u0142ow\u0105 informacj\u0119 o naborze do tej ostatniej szko\u0142y oraz list\u0119 absolwent\u00f3w Szko\u0142y Podchor\u0105\u017cych z lipca 1918 r.<\/p>\n<p>Wiemy, wiemy, zapowiadali\u015bmy, \u017ce granica naszych zainteresowa\u0144 przebiega na po\u0142udniu regionu, gdzie\u015b tak w okolicach Stoczka, ale nie jest to granica \u015bcis\u0142a, a \u017caden s\u0142up przez nas wkopany, jeszcze tam nie stoi. Co jaki\u015b czas naruszamy wi\u0119c monopol cho\u0107by w\u0119growskich pasjonat\u00f3w historii, o\u015bmielaj\u0105c si\u0119 wspomnie\u0107 o przesz\u0142o\u015bci ich miasta. Pewne ma\u0142o istotne b\u0142\u0119dy pope\u0142nione przez redakcj\u0119 \u201eGazety Podlaskiej\u201d sprawi\u0142y, \u017ce wraz z informacjami z zamierzch\u0142ej przesz\u0142o\u015bci okolic Sterdyni, zamie\u015bcili\u015bmy ostatnio artyku\u0142 o W\u0119growie, autorstwa pana pos\u0142uguj\u0105cego si\u0119 wielce niefortunnym pseudonimem Esbe.<\/p>\n<p><strong>Wi\u0119cej na stronie <span style=\"color: #0000ff;\"><a style=\"color: #0000ff;\" href=\"https:\/\/madzelan.cba.pl\/pod-czyzewem-orza-sochami-tragedia-w-wiosce-oltarze-nabor-do-szkoly-podoficerskiej-i-absolwenci-szkoly-podchorazych-w-ostrowi-w-wegrowie-nie-czytaja-gazet-tylko-w-wala-graja-naw\/\" target=\"_blank\" rel=\"noopener\">https:\/\/madzelan.cba.pl\/pod-czyzewem-orza-sochami-tragedia-w-wiosce-oltarze-nabor-do-szkoly-podoficerskiej-i-absolwenci-szkoly-podchorazych-w-ostrowi-w-wegrowie-nie-czytaja-gazet-tylko-w-wala-graja-naw\/<\/a><\/span><\/strong><\/p>\n","protected":false},"excerpt":{"rendered":"<p>\u2026tragedia w wiosce O\u0142tarze, nab\u00f3r do Szko\u0142y Podoficerskiej i absolwenci Szko\u0142y Podchor\u0105\u017cych w Ostrowi, w W\u0119growie nie czytaj\u0105 gazet, tylko w \u201ewa\u0142a\u201d graj\u0105, nawet wyklinani przez biskupa, towarzysz\u0105 kap\u0142anowi z Ostrowi w jego ostatniej drodze.<\/p>\n","protected":false},"author":1,"featured_media":0,"comment_status":"closed","ping_status":"closed","sticky":false,"template":"","format":"standard","meta":{"footnotes":""},"categories":[5,3436,31],"tags":[3004,2956],"class_list":["post-29875","post","type-post","status-publish","format-standard","hentry","category-newsy","category-opowiesci-historie-legendy-brokowskie-i-nie-tylko","category-historia-gminy","tag-jerzy-madzelan","tag-opowiesci-historie-legendy-brokowskie-i-nie-tylko"],"views":1142,"_links":{"self":[{"href":"https:\/\/info.sadowne.pl\/index.php?rest_route=\/wp\/v2\/posts\/29875","targetHints":{"allow":["GET"]}}],"collection":[{"href":"https:\/\/info.sadowne.pl\/index.php?rest_route=\/wp\/v2\/posts"}],"about":[{"href":"https:\/\/info.sadowne.pl\/index.php?rest_route=\/wp\/v2\/types\/post"}],"author":[{"embeddable":true,"href":"https:\/\/info.sadowne.pl\/index.php?rest_route=\/wp\/v2\/users\/1"}],"replies":[{"embeddable":true,"href":"https:\/\/info.sadowne.pl\/index.php?rest_route=%2Fwp%2Fv2%2Fcomments&post=29875"}],"version-history":[{"count":1,"href":"https:\/\/info.sadowne.pl\/index.php?rest_route=\/wp\/v2\/posts\/29875\/revisions"}],"predecessor-version":[{"id":29877,"href":"https:\/\/info.sadowne.pl\/index.php?rest_route=\/wp\/v2\/posts\/29875\/revisions\/29877"}],"wp:attachment":[{"href":"https:\/\/info.sadowne.pl\/index.php?rest_route=%2Fwp%2Fv2%2Fmedia&parent=29875"}],"wp:term":[{"taxonomy":"category","embeddable":true,"href":"https:\/\/info.sadowne.pl\/index.php?rest_route=%2Fwp%2Fv2%2Fcategories&post=29875"},{"taxonomy":"post_tag","embeddable":true,"href":"https:\/\/info.sadowne.pl\/index.php?rest_route=%2Fwp%2Fv2%2Ftags&post=29875"}],"curies":[{"name":"wp","href":"https:\/\/api.w.org\/{rel}","templated":true}]}}