{"id":29887,"date":"2025-03-31T17:47:56","date_gmt":"2025-03-31T15:47:56","guid":{"rendered":"http:\/\/info.sadowne.pl\/?p=29887"},"modified":"2025-03-31T17:47:56","modified_gmt":"2025-03-31T15:47:56","slug":"kronika-strazacka-24-30-03-2025","status":"publish","type":"post","link":"https:\/\/info.sadowne.pl\/?p=29887","title":{"rendered":"Kronika stra\u017cacka 24 \u2013 30.03.2025"},"content":{"rendered":"<p><strong><a href=\"http:\/\/info.sadowne.pl\/wp-content\/uploads\/2023\/06\/straz3-scaled.jpg\"><img loading=\"lazy\" decoding=\"async\" class=\"alignleft size-thumbnail wp-image-27687\" src=\"http:\/\/info.sadowne.pl\/wp-content\/uploads\/2023\/06\/straz3-180x130.jpg\" alt=\"\" width=\"180\" height=\"130\" \/><\/a>W<\/strong><strong> okresie<\/strong><strong> 24 &#8211; 30.03.2025 na<\/strong><strong> terenie<\/strong><strong> powiatu<\/strong><strong> w\u0119growskiego<\/strong><strong> zanotowano:<\/strong><strong> 19 zdarze\u0144,<\/strong><strong> przy<\/strong><strong> kt\u00f3rych<\/strong><strong> interweniowa\u0142y<\/strong><strong> jednostki<\/strong><strong> ochrony<\/strong><strong> przeciwpo\u017carowej, w tym:<\/strong><strong> 8 po\u017car\u00f3w, 11 miejscowych zagro\u017ce\u0144.<\/strong><!--more--><\/p>\n<p><strong>24.03.2025 \u2013 W\u0119gr\u00f3w \u2013 nieprzytomny m\u0119\u017cczyzna le\u017cy na chodniku.<\/strong><\/p>\n<p>Na chodniku le\u017cy m\u0119\u017cczyzna ok 50 lat. Dzia\u0142ania JOP polega\u0142y na zabezpieczeniu miejsca zdarzenia oraz udzieleniu KPP m\u0119\u017cczy\u017anie. Poszkodowany przytomny, nie reaguj\u0105cy na polecenia. Post\u0119powanie: wparcie psychiczne. Na miejsce zdarzenia przyby\u0142 zesp\u00f3\u0142 ZRM i poszkodowany zosta\u0142 im przekazany, nast\u0119pnie przetransportowany przez karetk\u0119 do szpitala.<\/p>\n<p>W DZIA\u0141ANIACH RATOWNICZYCH UDZIA\u0141 BRA\u0141O: 2 zast\u0119py, 8 ratownik\u00f3w.<\/p>\n<p><strong>24.03.2025 \u2013 Liw, gm. Liw \u2013 zderzenie dw\u00f3ch pojazd\u00f3w osobowych.<\/strong><\/p>\n<p>Zderzeniu uleg\u0142y dwa pojazdy osobowe, jeden sta\u0142 na jezdni, drugi znajdowa\u0142 si\u0119 w rowie le\u017c\u0105c na boku. W zdarzeniu bra\u0142y udzia\u0142 dwie osoby- kobieta i m\u0119\u017cczyzna, oboje opu\u015bcili pojazdy o w\u0142asnych si\u0142ach. Dzia\u0142ania JOP polega\u0142y na zabezpieczeniu miejsca zdarzenia oraz pojazd\u00f3w bior\u0105cych w nim udzia\u0142. Droga zosta\u0142a ca\u0142kowicie zablokowana w obu kierunkach. Obie osoby poszkodowane zosta\u0142y przetransportowane do szpitala. O\u015bwietlono miejsce zdarzenia na czas czynno\u015bci prowadzonych przez Policj\u0119.<\/p>\n<p>W DZIA\u0141ANIACH RATOWNICZYCH UDZIA\u0141 BRA\u0141O: 3 zast\u0119py, 13 ratownik\u00f3w.<\/p>\n<p><strong>28.03.2025 \u2013 \u0141ojki, gm. \u0141och\u00f3w<\/strong><strong> \u2013 droga \u2013 samoch\u00f3d osobowy uderzy\u0142 w drzewo.<\/strong><strong>\u00a0<\/strong><\/p>\n<p>Samoch\u00f3d osobowy zjecha\u0142 z drogi i uderzy\u0142 w drzewo. Drzewo przewr\u00f3ci\u0142o si\u0119 na napowietrzn\u0105 lini\u0119 \u015bwiat\u0142owodow\u0105 zrywaj\u0105c j\u0105 (w pierwszej fazie dzia\u0142a\u0144 podejrzenie, \u017ce to linia energetyczna). W poje\u017adzie uwi\u0119ziona kieruj\u0105ca. Dzia\u0142ania zast\u0119pu polega\u0142y na zabezpieczeniu miejsca zdarzenia i otwarciu drzwi pojazdu przy u\u017cyciu sprz\u0119tu hydraulicznego. W dalszej cz\u0119\u015bci dzia\u0142ania polega\u0142y na pomocy Policji w kierowaniu ruchem i zabezpieczaniu miejsca.<\/p>\n<p>W DZIA\u0141ANIACH RATOWNICZYCH UDZIA\u0141 BRA\u0141O: 3 zast\u0119py 13 ratownik\u00f3w.<\/p>\n<p><strong>29.03.2025 \u2013 \u0141och\u00f3w \u2013 \u00a0DK 62<\/strong><strong> \u00a0\u2013 m\u0119\u017cczyzna wjecha\u0142 do rowu motocyklem.<\/strong><\/p>\n<p>Na DK62 dosz\u0142o do zdarzenia drogowego z udzia\u0142em motocykla, kt\u00f3ry znajdowa\u0142 si\u0119 w rowie przy drodze, jedna osoba znajdowa\u0142a si\u0119 przy motocyklu, m\u0119\u017cczyzna &#8211; przytomny, narzekaj\u0105cy na uraz r\u0119ki i biodra. Dzia\u0142ania ratownicze polega\u0142y na zabezpieczeniu miejsca zdarzenia oraz udzieleniu KPP m\u0119\u017cczy\u017anie.<\/p>\n<p>W DZIA\u0141ANIACH RATOWNICZYCH UDZIA\u0141 BRA\u0141O: 2 zast\u0119p\u00f3w, 12 ratownik\u00f3w.<\/p>\n<p><strong>Pozosta\u0142e dzia\u0142ania ratownicze prowadzone by\u0142y przy niewielkich po\u017carach traw oraz 3 po\u017cary sadzy w kominie na terenie gminy \u0141och\u00f3w i Sadowne.<\/strong><\/p>\n<p><strong>KP PSP W\u0119gr\u00f3w<\/strong><\/p>\n","protected":false},"excerpt":{"rendered":"<p>W okresie 24 &#8211; 30.03.2025 na terenie powiatu w\u0119growskiego zanotowano: 19 zdarze\u0144, przy kt\u00f3rych interweniowa\u0142y jednostki ochrony przeciwpo\u017carowej, w tym: 8 po\u017car\u00f3w, 11 miejscowych zagro\u017ce\u0144.<\/p>\n","protected":false},"author":1,"featured_media":0,"comment_status":"closed","ping_status":"closed","sticky":false,"template":"","format":"standard","meta":{"footnotes":""},"categories":[5,4,267],"tags":[491,643],"class_list":["post-29887","post","type-post","status-publish","format-standard","hentry","category-newsy","category-policja-straz-pozarna-pogotowie-ratunkowe","category-straz-pozarna-policja-straz-pozarna-pogotowie-ratunkowe","tag-komenda-powiatowa-panstwowej-strazy-pozarnej-w-wegrowie","tag-kronika-strazacka"],"views":1052,"_links":{"self":[{"href":"https:\/\/info.sadowne.pl\/index.php?rest_route=\/wp\/v2\/posts\/29887","targetHints":{"allow":["GET"]}}],"collection":[{"href":"https:\/\/info.sadowne.pl\/index.php?rest_route=\/wp\/v2\/posts"}],"about":[{"href":"https:\/\/info.sadowne.pl\/index.php?rest_route=\/wp\/v2\/types\/post"}],"author":[{"embeddable":true,"href":"https:\/\/info.sadowne.pl\/index.php?rest_route=\/wp\/v2\/users\/1"}],"replies":[{"embeddable":true,"href":"https:\/\/info.sadowne.pl\/index.php?rest_route=%2Fwp%2Fv2%2Fcomments&post=29887"}],"version-history":[{"count":1,"href":"https:\/\/info.sadowne.pl\/index.php?rest_route=\/wp\/v2\/posts\/29887\/revisions"}],"predecessor-version":[{"id":29888,"href":"https:\/\/info.sadowne.pl\/index.php?rest_route=\/wp\/v2\/posts\/29887\/revisions\/29888"}],"wp:attachment":[{"href":"https:\/\/info.sadowne.pl\/index.php?rest_route=%2Fwp%2Fv2%2Fmedia&parent=29887"}],"wp:term":[{"taxonomy":"category","embeddable":true,"href":"https:\/\/info.sadowne.pl\/index.php?rest_route=%2Fwp%2Fv2%2Fcategories&post=29887"},{"taxonomy":"post_tag","embeddable":true,"href":"https:\/\/info.sadowne.pl\/index.php?rest_route=%2Fwp%2Fv2%2Ftags&post=29887"}],"curies":[{"name":"wp","href":"https:\/\/api.w.org\/{rel}","templated":true}]}}