{"id":29920,"date":"2025-04-15T20:29:14","date_gmt":"2025-04-15T18:29:14","guid":{"rendered":"http:\/\/info.sadowne.pl\/?p=29920"},"modified":"2025-04-15T20:29:14","modified_gmt":"2025-04-15T18:29:14","slug":"szkolny-konkurs-wielkanocny-2025","status":"publish","type":"post","link":"https:\/\/info.sadowne.pl\/?p=29920","title":{"rendered":"Szkolny Konkurs Wielkanocny 2025"},"content":{"rendered":"<p><a href=\"http:\/\/info.sadowne.pl\/wp-content\/uploads\/2025\/04\/2025.04.15.1.jpg\" target=\"_blank\" rel=\"noopener\"><img loading=\"lazy\" decoding=\"async\" class=\"alignleft wp-image-29921 size-thumbnail\" src=\"http:\/\/info.sadowne.pl\/wp-content\/uploads\/2025\/04\/2025.04.15.1-180x130.jpg\" alt=\"\" width=\"180\" height=\"130\" \/><\/a><\/p>\n<p><strong>\u015awi\u0119ta Wielkiej Nocy wkr\u00f3tce. Od 2017 roku Zesp\u00f3\u0142 Szk\u00f3\u0142 Ponadpodstawowych w Sadownem organizuje Konkurs Wielkanocny, kt\u00f3ry jest okazj\u0105 do przypomnienia przepis\u00f3w na \u015bwi\u0105teczne potrawy oraz atrakcyjnego sposobu ich podania.<\/strong><!--more--><\/p>\n<p>15 kwietnia 2025 roku w Zespole Szk\u00f3\u0142 Ponadpodstawowych w Sadownem odby\u0142o si\u0119 przed\u015bwi\u0105teczne spotkanie, kt\u00f3rego g\u0142\u00f3wnym celem by\u0142o zaprezentowanie tradycyjnych s\u0142odkich wypiek\u00f3w, kojarz\u0105cych si\u0119 z Wielkanoc\u0105 oraz wystroju sto\u0142\u00f3w, na kt\u00f3rych znajd\u0105 si\u0119 nasze \u015bwi\u0105teczne potrawy. Prezentacje przygotowano w formie konkursowej w kategoriach: \u201eNajpi\u0119kniejsze nakrycie sto\u0142u wielkanocnego\u201d oraz \u201eBaby i mazurki wielkanocne\u201d.<\/p>\n<p>W tym roku do konkursu aran\u017cacji sto\u0142\u00f3w przyst\u0105pi\u0142y r\u00f3wnie\u017c po raz pierwszy 4 szko\u0142y podstawowe, kt\u00f3rych absolwenci podejmuj\u0105 dalsz\u0105 nauk\u0119 w ZSP Sadowne. Ta kategoria konkursu odby\u0142a si\u0119 pod nazw\u0105 \u201eSt\u00f3\u0142 jak malowany \u2013 wielkanocne inspiracje\u201d.<\/p>\n<p>W szkolnej sali gimnastycznej przyby\u0142ych go\u015bci oraz uczni\u00f3w powita\u0142 Dyrektor ZSP p. S\u0142awomir Ryszawa, a zasady konkursowe i spos\u00f3b oceny ich uczestnik\u00f3w om\u00f3wi\u0142a przedstawicielka organizator\u00f3w, nauczyciel Technikum \u017bywienia i Us\u0142ug Gastronomicznych w Sadownem p. Magdalena Figo\u0144.<\/p>\n<p>W sk\u0142ad Komisji Konkursowej weszli przybyli na spotkanie go\u015bcie pp.: Maria Koc \u2013 Pose\u0142 RP, Marek Renik \u2013 Wicestarosta W\u0119growski, ks. Antoni Kunicki \u2013 Proboszcz Parafii Sadowne, Patrycja Olszewska \u2013 przedstawiciel Zespo\u0142u M\u0142yn\u00f3w Jelonki, Marcin Gr\u0119da \u2013 Zast\u0119pca W\u00f3jta Gminy Sadowne, Jacek Niewiadomski \u2013 Dyrektor Centrum Us\u0142ug Wsp\u00f3lnych w \u0141ochowie, Agnieszka Ludwin \u2013 Dyrektor Zespo\u0142u Szk\u00f3\u0142 Ponadpodstawowych w \u0141ochowie, S\u0142awomir Ryszawa \u2013 Dyrektor Zespo\u0142u Szk\u00f3\u0142 Ponadpodstawowych w Sadownem, Ma\u0142gorzata Koro\u015b \u2013 Dyrektor Szko\u0142y Podstawowej im. b\u0142. ks. Edwarda Grzyma\u0142y w Sadownem, Marzena Kornacka \u2013 Dyrektor Zespo\u0142u Szkolno \u2013 Przedszkolnego im. ks. Jana Twardowskiego w Grabinach, Agata S\u0119dek \u2013 Dyrektor Przedszkola w Sadownem.<\/p>\n<p>Cz\u0142onkowie Komisji niezw\u0142ocznie przyst\u0105pili do oceny oznaczonych numerami aran\u017cacji sto\u0142\u00f3w i \u015bwi\u0105tecznych ciast. Wyb\u00f3r by\u0142 trudny, gdy\u017c &#8211; wg oceniaj\u0105cych &#8211; wszyscy uczestnicy konkursu zas\u0142ugiwali na wyr\u00f3\u017cnienie, jednak\u2026 nale\u017ca\u0142o wskaza\u0107 najlepszych.<\/p>\n<p>W czasie \u201etajnych\u201d obrad Komisji g\u0142os zabrali go\u015bcie, po czym podano ostateczne wyniki Konkursu. Przedstawiaj\u0105 si\u0119 one nast\u0119puj\u0105co:<\/p>\n<p><strong>Konkurs \u201eNajpi\u0119kniejsze nakrycie sto\u0142u wielkanocnego\u201d<\/strong><\/p>\n<p><strong>Nr sto\u0142u\/uczestnik<\/strong><\/p>\n<ol>\n<li>Kamil Krajewski i Filip Sapierzy\u0144ski (II TG)<\/li>\n<li>\u0141ucja Lipka i Emilia Figat (III TG)<\/li>\n<li>Daria W\u00f3jcik i Alicja Sobolewska (III TG)<\/li>\n<li>Anna D\u0119bkowska i Oliwia Buber \u2013 Bubrowiecka (III TG)<\/li>\n<li>Oliwia Przewo\u017ana i Wiktoria Sandra Dzi\u0119cio\u0142 ( IV TG)<\/li>\n<li>Maksymilian Nietuby\u0107 i Dawid Gmur (IV TG)<\/li>\n<li>Weronika G\u00f3ral i Natalia \u0141aniewicz (IV TG)<\/li>\n<li>Natalia Kukie\u0142ka i Patrycja Rudnik (IV TG)<\/li>\n<li>Diana \u015alusarz i Julia Warda (II LO)<\/li>\n<li>Patrycja Derna\u0142owicz i Patrycja Pu\u015bcion (II LO)<\/li>\n<li>Malwina Mu\u015bci\u0144ska i Dominika Fr\u0105ckiewicz (II LO)<\/li>\n<li>Weronika Marsza\u0142 i Szymon Walicki (II LO)<\/li>\n<\/ol>\n<p><strong>Wyniki Konkursu:<\/strong><\/p>\n<p>\u2013 I miejsce \u2013 Daria W\u00f3jcik i Alicja Sobolewska, III TG, stolik nr 3<\/p>\n<p>\u2013 II miejsce \u2013 Weronika G\u00f3ral i Natalia \u0141aniewicz, IV TG, stolik nr 7<\/p>\n<p>\u2013 III miejsce \u2013 Anna D\u0119bkowska i Oliwia Buber \u2013 Bubrowiecka, III TG, stolik nr 4<\/p>\n<p>\u2013 wyr\u00f3\u017cnienie: Malwina Mu\u015bci\u0144ska i Dominika Fr\u0105ckiewicz, II LO, stolik nr 11<\/p>\n<p><strong>Konkurs szk\u00f3\u0142 podstawowych \u201eSt\u00f3\u0142 jak malowany \u2013 wielkanocne inspiracje\u201d<\/strong><\/p>\n<p>&#8211; I miejsce \u2013 Zofia Marczak i Oliwia Klimek (kl. VIII b), opiekun \u2013 Marzena Wyzi\u0144ska, Szko\u0142a Podstawowa nr 2 im. Janusza Korczaka w \u0141ochowie \u2013 stolik nr 1<\/p>\n<p>&#8211; II miejsce \u2013 Sebastian Subda i Amelia S\u0119dek (kl. VII), opiekunowie \u2013 Ma\u0142gorzata Klimek i Anna Gierej, Szko\u0142a Podstawowa im. b\u0142. ks. Edwarda Grzyma\u0142y w Sadownem \u2013 stolik nr 4<\/p>\n<p>&#8211; III miejsce \u2013 Maria G\u00f3ral i Wiktoria Suplicka (kl. VII), opiekun \u2013 Agnieszka Grzyma\u0142a, Szko\u0142a Podstawowa im. Or\u0142a Bia\u0142ego w Ostr\u00f3wku \u2013 stolik nr 3<\/p>\n<p>&#8211; wyr\u00f3\u017cnienie \u2013 Karolina Burak i Lena Zy\u015bk (kl. VII), opiekun \u2013 Agnieszka Narowska, Szko\u0142a Podstawowa im. ks. Jana Twardowskiego w Grabinach \u2013 stolik nr 2<\/p>\n<p><strong>Konkurs \u201eBaby i mazurki wielkanocne\u201d<\/strong><\/p>\n<p><strong>Nr potrawy\/uczestnik<\/strong><\/p>\n<ol>\n<li>Maja Gier\u0142owska (II TG)<\/li>\n<li>Gabriela Kowalczyk (II TG)<\/li>\n<li>Antoni Szydlik (II TG)<\/li>\n<li>Piotr Wojcianowski (III TG)<\/li>\n<li>Julia Miko\u0142ajczyk (III TG)<\/li>\n<li>\u0141ucja Lipka (III TG)<\/li>\n<li>Emilia Figat (III TG)<\/li>\n<li>Daria W\u00f3jcik (III TG)<\/li>\n<li>Alicja Sobolewska (III TG)<\/li>\n<li>Natalia Wis\u0142owska (III TG)<\/li>\n<li>Marta Wr\u00f3bel (III TG)<\/li>\n<li>Diana \u015alusarz (II LO)<\/li>\n<li>Zofia So\u0142tysiak (IV TG)<\/li>\n<li>Zofia Weso\u0142owska (IV TG)<\/li>\n<\/ol>\n<p><strong>Wyniki Konkursu:<\/strong><\/p>\n<p>\u2013 I miejsce \u2013 Antoni Szydlik, II TG, potrawa nr 3<\/p>\n<p>\u2013 II miejsce \u2013 Zofia Weso\u0142owska, IV TG, potrawa nr 14<\/p>\n<p>\u2013 III miejsce \u2013 Maja Gier\u0142owska, II TG, potrawa nr 1<\/p>\n<p>\u2013 wyr\u00f3\u017cnienie: \u0141ucja Lipka, III TG, potrawa nr 6<\/p>\n<p>Finali\u015bci konkurs\u00f3w otrzymali dyplomy i drobne upominki z r\u0105k Dyrektora ZSP p. S\u0142awomira Ryszawy oraz przedstawicielki Komisji p. Patrycji Olszewskiej i organizatorki Konkursu p. Magdaleny Figo\u0144. Podzi\u0119kowania wr\u0119czono tak\u017ce opiekunom uczestnik\u00f3w Konkursu.<\/p>\n<p>Spotkanie przed\u015bwi\u0105teczne, po\u0142\u0105czone z konkursami, odby\u0142o si\u0119 w Zespole Szk\u00f3\u0142 Ponadpodstawowych w Sadownem ju\u017c po raz si\u00f3dmy (od 2017 z dwuletni\u0105 przerw\u0105 pandemiczn\u0105). Jest to bardzo dobry pomys\u0142 na przypomnienie i utrwalenie tradycji \u015bwi\u0105tecznych, a tak\u017ce zaprezentowanie ich w najatrakcyjniejszej formie.<\/p>\n<p>Wg cz\u0142onk\u00f3w Komisji Konkursowej i nie tylko \u2013 zaprezentowane tu umiej\u0119tno\u015bci zas\u0142uguj\u0105 na jak najlepsz\u0105 ocen\u0119, a to g\u0142\u00f3wnie dzi\u0119ki w\u0142a\u015bciwie przekazywanej wiedzy przez wykwalifikowan\u0105 i prezentuj\u0105c\u0105 wysoki poziom kadr\u0119 pedagogiczn\u0105 sadowie\u0144skich szk\u00f3\u0142 \u015brednich.<\/p>\n<p>Spotkanie zako\u0144czy\u0142o si\u0119 w mi\u0142ej atmosferze i \u017cyczeniami udanych oraz spokojnych \u015awi\u0105t Wielkanocnych. Przy\u0142\u0105czamy si\u0119 do tych \u017cycze\u0144\u2026.<\/p>\n<p>Na koniec warto wspomnie\u0107, i\u017c sponsorami Konkursu Wielkanocnego 2025 w Zespole Szk\u00f3\u0142 Ponadpodstawowych w Sadownem by\u0142o Starostwo Powiatowe w W\u0119growie oraz INTERCHEMALL Zesp\u00f3\u0142 M\u0142yn\u00f3w Jelonki Sp. z o.o., funduj\u0105cy nagrody dla zwyci\u0119zc\u00f3w Konkursu oraz jego uczestnik\u00f3w.<\/p>\n<p><strong>P.S.<\/strong> Podczas spotkania p. Dyrektor Ryszawa przypomnia\u0142, i\u017c bie\u017c\u0105cy rok jest rokiem jubileuszowym Liceum Og\u00f3lnokszta\u0142c\u0105cego im. W\u0142adys\u0142awa Orkana w Sadownem, kt\u00f3re obchodzi swoje 80-te urodziny. Z tej okazji zaplanowano Zjazd Absolwent\u00f3w, kt\u00f3ry odb\u0119dzie si\u0119 27 wrze\u015bnia 2025 roku. B\u0119dzie to Zjazd nie tylko by\u0142ych uczni\u00f3w LO w Sadownem, ale te\u017c mog\u0105 wzi\u0105\u0107 w nim udzia\u0142 wszyscy absolwenci sadowie\u0144skiego Zespo\u0142u Szk\u00f3\u0142 Ponadpodstawowych w Sadownem. Ju\u017c teraz zapraszamy w imieniu Organizator\u00f3w \u2013 wi\u0119cej informacji na temat Zjazdu wkr\u00f3tce.<\/p>\n<p><span style=\"color: #0000ff;\"><a style=\"color: #0000ff;\" href=\"https:\/\/photos.app.goo.gl\/G7QDs1cAf7NmAKt29\" target=\"_blank\" rel=\"noopener\"><strong>Zdj\u0119cia w Galerii Google&gt;&gt;&gt;<\/strong><\/a><\/span><\/p>\n<p><strong>Tekst\/foto:<\/strong> S\u0142awek Chyli\u0144ski<\/p>\n","protected":false},"excerpt":{"rendered":"<p>\u015awi\u0119ta Wielkiej Nocy wkr\u00f3tce. Od 2017 roku Zesp\u00f3\u0142 Szk\u00f3\u0142 Ponadpodstawowych w Sadownem organizuje Konkurs Wielkanocny, kt\u00f3ry jest okazj\u0105 do przypomnienia przepis\u00f3w na \u015bwi\u0105teczne potrawy oraz atrakcyjnego sposobu ich podania.<\/p>\n","protected":false},"author":1,"featured_media":0,"comment_status":"closed","ping_status":"closed","sticky":false,"template":"","format":"standard","meta":{"footnotes":""},"categories":[5,1752,85],"tags":[3947,3197],"class_list":["post-29920","post","type-post","status-publish","format-standard","hentry","category-newsy","category-edukacja","category-zsp","tag-szkolny-konkurs-wielkanocny-w-zsp-sadowne","tag-zespol-szkol-ponadpodstawowych-w-sadownem"],"views":1746,"_links":{"self":[{"href":"https:\/\/info.sadowne.pl\/index.php?rest_route=\/wp\/v2\/posts\/29920","targetHints":{"allow":["GET"]}}],"collection":[{"href":"https:\/\/info.sadowne.pl\/index.php?rest_route=\/wp\/v2\/posts"}],"about":[{"href":"https:\/\/info.sadowne.pl\/index.php?rest_route=\/wp\/v2\/types\/post"}],"author":[{"embeddable":true,"href":"https:\/\/info.sadowne.pl\/index.php?rest_route=\/wp\/v2\/users\/1"}],"replies":[{"embeddable":true,"href":"https:\/\/info.sadowne.pl\/index.php?rest_route=%2Fwp%2Fv2%2Fcomments&post=29920"}],"version-history":[{"count":1,"href":"https:\/\/info.sadowne.pl\/index.php?rest_route=\/wp\/v2\/posts\/29920\/revisions"}],"predecessor-version":[{"id":29922,"href":"https:\/\/info.sadowne.pl\/index.php?rest_route=\/wp\/v2\/posts\/29920\/revisions\/29922"}],"wp:attachment":[{"href":"https:\/\/info.sadowne.pl\/index.php?rest_route=%2Fwp%2Fv2%2Fmedia&parent=29920"}],"wp:term":[{"taxonomy":"category","embeddable":true,"href":"https:\/\/info.sadowne.pl\/index.php?rest_route=%2Fwp%2Fv2%2Fcategories&post=29920"},{"taxonomy":"post_tag","embeddable":true,"href":"https:\/\/info.sadowne.pl\/index.php?rest_route=%2Fwp%2Fv2%2Ftags&post=29920"}],"curies":[{"name":"wp","href":"https:\/\/api.w.org\/{rel}","templated":true}]}}