{"id":29955,"date":"2025-04-24T12:38:39","date_gmt":"2025-04-24T10:38:39","guid":{"rendered":"http:\/\/info.sadowne.pl\/?p=29955"},"modified":"2025-04-24T12:38:39","modified_gmt":"2025-04-24T10:38:39","slug":"proboszcz-ze-stoczka-odmawia-pomocy-biednym-studentom","status":"publish","type":"post","link":"https:\/\/info.sadowne.pl\/?p=29955","title":{"rendered":"Proboszcz ze Stoczka odmawia pomocy biednym studentom,"},"content":{"rendered":"<p><strong><a href=\"http:\/\/info.sadowne.pl\/wp-content\/uploads\/2025\/04\/Brok224.jpg\" target=\"_blank\" rel=\"noopener\"><img loading=\"lazy\" decoding=\"async\" class=\"alignleft wp-image-29956 size-thumbnail\" src=\"http:\/\/info.sadowne.pl\/wp-content\/uploads\/2025\/04\/Brok224-180x130.jpg\" alt=\"\" width=\"180\" height=\"130\" \/><\/a>\u2026w\u0119growscy skazani nie maj\u0105, gdzie siedzie\u0107, samolot rozbija si\u0119 pod Bra\u0144szczykiem, strzelaj\u0105 ko\u0142o Ma\u0142kini, bij\u0105 w Czy\u017cewie.<\/strong><!--more--><\/p>\n<p>Autor relacji z W\u0119growa porusza kwestie zwi\u0105zane z dzia\u0142aniem Komitet\u00f3w Pomocy M\u0142odzie\u017cy Akademickiej, kt\u00f3rych celem by\u0142o polepszenie warunk\u00f3w materialnych niezamo\u017cnej m\u0142odzie\u017cy studiuj\u0105cej na uczelniach wy\u017cszych. Pomoc organizowano m.in. w postaci dodatk\u00f3w mieszkaniowych, bon\u00f3w \u017cywno\u015bciowych, bezp\u0142atnych skierowa\u0144 na leczenie sanatoryjne. Komitety budowa\u0142y domy studenckie, sanatoria, tworzy\u0142y tanie sto\u0142\u00f3wki. \u015arodki, kt\u00f3rymi dysponowa\u0142y, pochodzi\u0142y z r\u00f3\u017cnych \u017ar\u00f3de\u0142, a przede wszystkim z darowizn, wp\u0142ywaj\u0105cych w czasie dorocznej akcji zwanej Tygodniem Akademika. Korespondent \u201eGazety Podlaskiej\u201d nie kryje oburzenia faktem, \u017ce wsp\u00f3\u0142pracy z Komitetem z W\u0119growa odm\u00f3wi\u0142 ks. T. Jastrz\u0119bski, proboszcz ze Stoczka.<\/p>\n<p>Nie do ko\u0144ca prawomy\u015blna cz\u0119\u015b\u0107 ludno\u015bci W\u0119growa cieszy si\u0119 z braku aresztu w stolicy powiatu. Drobni z\u0142oczy\u0144cy kpi\u0105 sobie z wyrok\u00f3w s\u0119dziego pokoju, bo i tak nie maj\u0105, gdzie kary odsiedzie\u0107.<\/p>\n<p>W wymienionym w tytule wypadku lotniczym pod Bra\u0144szczykiem ci\u0119\u017cko ranny zosta\u0142 pilot. Wiemy tylko, \u017ce pilota przewieziono do szpitala w Wyszkowie. Miejmy nadziej\u0119, \u017ce prze\u017cy\u0142.<\/p>\n<p>Pecha mia\u0142 niejaki Antoni, opryszek rodem z Zielonki. Najwidoczniej nikt ze z\u0142odziejskiej braci nie pouczy\u0142 rzezimieszka, aby nie szuka\u0107 ofiar po\u015br\u00f3d ludzi silniejszych od siebie, a w dodatku uzbrojonych.<\/p>\n<p><strong>Wi\u0119cej na stronie <span style=\"color: #0000ff;\"><a style=\"color: #0000ff;\" href=\"https:\/\/madzelan.cba.pl\/proboszcz-ze-stoczka-odmawia-pomocy-biednym-studentom-wegrowscy-skazani-nie-maja-gdzie-siedziec-samolot-rozbija-sie-pod-branszczykiem-strzelaja-kolo-malkini-bija-w-czyzewie\/\" target=\"_blank\" rel=\"noopener\">https:\/\/madzelan.cba.pl\/proboszcz-ze-stoczka-odmawia-pomocy-biednym-studentom-wegrowscy-skazani-nie-maja-gdzie-siedziec-samolot-rozbija-sie-pod-branszczykiem-strzelaja-kolo-malkini-bija-w-czyzewie\/<\/a><\/span><\/strong><\/p>\n","protected":false},"excerpt":{"rendered":"<p>\u2026w\u0119growscy skazani nie maj\u0105, gdzie siedzie\u0107, samolot rozbija si\u0119 pod Bra\u0144szczykiem, strzelaj\u0105 ko\u0142o Ma\u0142kini, bij\u0105 w Czy\u017cewie.<\/p>\n","protected":false},"author":1,"featured_media":0,"comment_status":"closed","ping_status":"closed","sticky":false,"template":"","format":"standard","meta":{"footnotes":""},"categories":[5,3436,31],"tags":[3004,2956],"class_list":["post-29955","post","type-post","status-publish","format-standard","hentry","category-newsy","category-opowiesci-historie-legendy-brokowskie-i-nie-tylko","category-historia-gminy","tag-jerzy-madzelan","tag-opowiesci-historie-legendy-brokowskie-i-nie-tylko"],"views":1167,"_links":{"self":[{"href":"https:\/\/info.sadowne.pl\/index.php?rest_route=\/wp\/v2\/posts\/29955","targetHints":{"allow":["GET"]}}],"collection":[{"href":"https:\/\/info.sadowne.pl\/index.php?rest_route=\/wp\/v2\/posts"}],"about":[{"href":"https:\/\/info.sadowne.pl\/index.php?rest_route=\/wp\/v2\/types\/post"}],"author":[{"embeddable":true,"href":"https:\/\/info.sadowne.pl\/index.php?rest_route=\/wp\/v2\/users\/1"}],"replies":[{"embeddable":true,"href":"https:\/\/info.sadowne.pl\/index.php?rest_route=%2Fwp%2Fv2%2Fcomments&post=29955"}],"version-history":[{"count":1,"href":"https:\/\/info.sadowne.pl\/index.php?rest_route=\/wp\/v2\/posts\/29955\/revisions"}],"predecessor-version":[{"id":29957,"href":"https:\/\/info.sadowne.pl\/index.php?rest_route=\/wp\/v2\/posts\/29955\/revisions\/29957"}],"wp:attachment":[{"href":"https:\/\/info.sadowne.pl\/index.php?rest_route=%2Fwp%2Fv2%2Fmedia&parent=29955"}],"wp:term":[{"taxonomy":"category","embeddable":true,"href":"https:\/\/info.sadowne.pl\/index.php?rest_route=%2Fwp%2Fv2%2Fcategories&post=29955"},{"taxonomy":"post_tag","embeddable":true,"href":"https:\/\/info.sadowne.pl\/index.php?rest_route=%2Fwp%2Fv2%2Ftags&post=29955"}],"curies":[{"name":"wp","href":"https:\/\/api.w.org\/{rel}","templated":true}]}}