{"id":29960,"date":"2025-04-30T11:05:03","date_gmt":"2025-04-30T09:05:03","guid":{"rendered":"http:\/\/info.sadowne.pl\/?p=29960"},"modified":"2025-04-30T11:05:03","modified_gmt":"2025-04-30T09:05:03","slug":"podatki-za-panowania-zygmunta-ii-augusta-3","status":"publish","type":"post","link":"https:\/\/info.sadowne.pl\/?p=29960","title":{"rendered":"PODATKI ZA PANOWANIA ZYGMUNTA II AUGUSTA"},"content":{"rendered":"<p><strong><a href=\"http:\/\/info.sadowne.pl\/wp-content\/uploads\/2025\/04\/Brok225.jpg\" target=\"_blank\" rel=\"noopener\"><img loading=\"lazy\" decoding=\"async\" class=\"alignleft wp-image-29961 size-thumbnail\" src=\"http:\/\/info.sadowne.pl\/wp-content\/uploads\/2025\/04\/Brok225-180x130.jpg\" alt=\"\" width=\"180\" height=\"130\" \/><\/a>CZ\u0118\u015a\u0106 III \u2013 POB\u00d3R ROKU 1563 W POWIECIE KAMIENIECKIM ZIEMI NURSKIEJ.<\/strong><!--more--><\/p>\n<p>Skr\u00f3towy dziennik podr\u00f3\u017cy Zygmunta Augusta zamie\u015bci\u0142 w jednej ze swych opublikowanych w mi\u0119dzywojniu prac historyk Franciszek Bujak \u2013 niestety nie uwzgl\u0119dni\u0142 pomniejszych miejscowo\u015bci. Mo\u017cna tylko przypuszcza\u0107, \u017ce gdy podczas swych podr\u00f3\u017cy z Litwy do Korony i na odwr\u00f3t, monarcha zatrzymywa\u0142 si\u0119 w \u0141om\u017cy, to nocowa\u0142 w miejscowo\u015bciach ziemi nurskiej. Tak mog\u0142o by\u0107 cho\u0107by w pa\u017adzierniku roku 1553, gdy podr\u00f3\u017cuj\u0105c z Krakowa do Knyszyna, kr\u00f3l sp\u0119dzi\u0142 a\u017c 10 dni w \u0141om\u017cy.<\/p>\n<p>S\u0105 tak\u017ce inne rozproszone \u015blady odwiedzin monarchy w naszym regionie. Na 9 pa\u017adziernika 1558 r. datowany jest list spisany w W\u0119growie, a adresowany do hetmana Miko\u0142aja Radziwi\u0142\u0142a \u201eRudego\u201d, w kt\u00f3rym kr\u00f3l donosi\u0142, i\u017c spotka\u0142 si\u0119 w tym mie\u015bcie z kanclerzem Miko\u0142ajem Radziwi\u0142\u0142em \u201eCzarnym\u201d, by om\u00f3wi\u0107 dalsze kroki w zwi\u0105zku z agresj\u0105 Iwana Gro\u017anego i krytyczn\u0105 sytuacj\u0105 w Inflantach. Wzywa\u0142 cz\u0142onk\u00f3w rady wielkoksi\u0105\u017c\u0119cej do pilnego stawienia si\u0119 na narad\u0119 w Wilnie. Z kolei tu\u017c po zamkni\u0119ciu sejmu i uchwaleniu poboru w czerwcu 1567 r. kr\u00f3l wraz z kanclerzem ruszy\u0142 na Litw\u0119 przez Kamie\u0144czyk, Ostr\u00f3w i Zambr\u00f3w. Po d\u0142u\u017cszym pobycie w Knyszynie w\u0142adca dotar\u0142 w pa\u017adzierniku do Mo\u0142odeczna.<\/p>\n<p>Bior\u0105c pod uwag\u0119 styl \u017cycia Zygmunta Augusta oraz tytaniczn\u0105 prac\u0119 zwi\u0105zan\u0105 z wype\u0142nianiem obowi\u0105zk\u00f3w pa\u0144stwowych, to a\u017c dziwi bierze, \u017ce do oko\u0142o 1565 r. kr\u00f3l trzyma\u0142 si\u0119 ca\u0142kiem dobrze i wygl\u0105da\u0142 w miar\u0119 m\u0142odo. Zbli\u017caj\u0105c si\u0119 jednak do pi\u0119\u0107dziesi\u0105tki, ten zawsze niezbyt mocarnej budowy monarcha, pocz\u0105\u0142 w ekspresowym tempie podupada\u0107 na zdrowiu. W kwietniu 1567 r. kr\u00f3l przyby\u0142 do Warszawy, do kt\u00f3rej zje\u017cd\u017ca\u0142 cz\u0119sto i podobno j\u0105 lubi\u0142. Nie omieszka\u0142 odwiedzi\u0107 swej siostry Anny, ta za\u015b widz\u0105c stan brata, gorzko zap\u0142aka\u0142a.<\/p>\n<p><strong>Wi\u0119cej na stronie <span style=\"color: #0000ff;\"><a style=\"color: #0000ff;\" href=\"https:\/\/madzelan.cba.pl\/podatki-za-panowania-zygmunta-ii-augusta-czesc-iii-pobor-roku-1563-w-powiecie-kamienieckim-ziemi-nurskiej\/\" target=\"_blank\" rel=\"noopener\">https:\/\/madzelan.cba.pl\/podatki-za-panowania-zygmunta-ii-augusta-czesc-iii-pobor-roku-1563-w-powiecie-kamienieckim-ziemi-nurskiej\/<\/a><\/span><\/strong><\/p>\n","protected":false},"excerpt":{"rendered":"<p>CZ\u0118\u015a\u0106 III \u2013 POB\u00d3R ROKU 1563 W POWIECIE KAMIENIECKIM ZIEMI NURSKIEJ.<\/p>\n","protected":false},"author":1,"featured_media":0,"comment_status":"closed","ping_status":"closed","sticky":false,"template":"","format":"standard","meta":{"footnotes":""},"categories":[5,3436,31],"tags":[3004,2956],"class_list":["post-29960","post","type-post","status-publish","format-standard","hentry","category-newsy","category-opowiesci-historie-legendy-brokowskie-i-nie-tylko","category-historia-gminy","tag-jerzy-madzelan","tag-opowiesci-historie-legendy-brokowskie-i-nie-tylko"],"views":1124,"_links":{"self":[{"href":"https:\/\/info.sadowne.pl\/index.php?rest_route=\/wp\/v2\/posts\/29960","targetHints":{"allow":["GET"]}}],"collection":[{"href":"https:\/\/info.sadowne.pl\/index.php?rest_route=\/wp\/v2\/posts"}],"about":[{"href":"https:\/\/info.sadowne.pl\/index.php?rest_route=\/wp\/v2\/types\/post"}],"author":[{"embeddable":true,"href":"https:\/\/info.sadowne.pl\/index.php?rest_route=\/wp\/v2\/users\/1"}],"replies":[{"embeddable":true,"href":"https:\/\/info.sadowne.pl\/index.php?rest_route=%2Fwp%2Fv2%2Fcomments&post=29960"}],"version-history":[{"count":1,"href":"https:\/\/info.sadowne.pl\/index.php?rest_route=\/wp\/v2\/posts\/29960\/revisions"}],"predecessor-version":[{"id":29962,"href":"https:\/\/info.sadowne.pl\/index.php?rest_route=\/wp\/v2\/posts\/29960\/revisions\/29962"}],"wp:attachment":[{"href":"https:\/\/info.sadowne.pl\/index.php?rest_route=%2Fwp%2Fv2%2Fmedia&parent=29960"}],"wp:term":[{"taxonomy":"category","embeddable":true,"href":"https:\/\/info.sadowne.pl\/index.php?rest_route=%2Fwp%2Fv2%2Fcategories&post=29960"},{"taxonomy":"post_tag","embeddable":true,"href":"https:\/\/info.sadowne.pl\/index.php?rest_route=%2Fwp%2Fv2%2Ftags&post=29960"}],"curies":[{"name":"wp","href":"https:\/\/api.w.org\/{rel}","templated":true}]}}