{"id":29969,"date":"2025-05-08T14:06:10","date_gmt":"2025-05-08T12:06:10","guid":{"rendered":"http:\/\/info.sadowne.pl\/?p=29969"},"modified":"2025-05-08T14:06:10","modified_gmt":"2025-05-08T12:06:10","slug":"jeszcze-raz-o-kurpiach","status":"publish","type":"post","link":"https:\/\/info.sadowne.pl\/?p=29969","title":{"rendered":"Jeszcze raz o Kurpiach,"},"content":{"rendered":"<p><strong><a href=\"http:\/\/info.sadowne.pl\/wp-content\/uploads\/2025\/05\/Brok226.jpg\" target=\"_blank\" rel=\"noopener\"><img loading=\"lazy\" decoding=\"async\" class=\"alignleft wp-image-29970 size-thumbnail\" src=\"http:\/\/info.sadowne.pl\/wp-content\/uploads\/2025\/05\/Brok226-180x130.jpg\" alt=\"\" width=\"180\" height=\"130\" \/><\/a>\u2026zmiany personalne w ostrowskiej stra\u017cy ogniowej, kasza z Zar\u0105b Ko\u015bcielnych truje mieszka\u0144c\u00f3w Zuzeli, stary wiarus tonie pod Czy\u017cewem, sterdy\u0144ski doktor uderza w wysokie tony, strzelanina pod Sadownem.<\/strong><!--more--><\/p>\n<p>Trwa nieko\u0144cz\u0105cy si\u0119 sp\u00f3r o mniemania i fakty historyczne tycz\u0105ce tajemniczego puszcza\u0144skiego ludu zwanego Kurpiami. Tym razem to Antoni Zakrzewski koryguje informacje zawarte w dzie\u0142ach Wincentego Pola i Zygmunta Glogera.<\/p>\n<p>Zmiany personalne w Stra\u017cy Ogniowej Ochotniczej w Ostrowi nast\u0119puj\u0105 tak szybko, \u017ce trudno si\u0119 rozezna\u0107 w aktualnie obowi\u0105zuj\u0105cym Who is Who. Nie wiadomo czy zmianom osobowym towarzysz\u0105 jako\u015bciowe.<\/p>\n<p>Ludzie narzekaj\u0105 w Zuzeli, \u017ce po konsumpcji nabytej w Zar\u0119bach Ko\u015bcielnych kaszy jaglanej dostaj\u0105 bole\u015bci. Tak si\u0119 sk\u0142ada, \u017ce w tym samym czasie nad okolic\u0105 przelecia\u0142 meteor.\u00a0 Nie mo\u017cna zatem wykluczy\u0107, \u017ce przyczyn\u0105 zepsucia kaszy by\u0142o kosmiczne dziwowisko. Ci, kt\u00f3rzy skutkiem spo\u017cycia poczuli si\u0119 wyj\u0105tkowo paskudnie, nie powinni czeka\u0107, ale wyspowiada\u0107 si\u0119 biegusiem w nowych, zuzelskich konfesjona\u0142ach.<\/p>\n<p>Ponad 90-letni, zahartowany 25-letni\u0105 s\u0142u\u017cb\u0105 w carskim szynelu wiarus uton\u0105\u0142 pod Czy\u017cewem w nurtach rzeki Brok. Wbrew liczbie prze\u017cytych lat jego \u015bmier\u0107 by\u0142a zaskoczeniem, gdy\u017c wci\u0105\u017c \u017cy\u0142 czynnie, nie uskar\u017caj\u0105c si\u0119 na zbyt powa\u017cne dolegliwo\u015bci, a wszyscy oczekiwali, \u017ce do\u017cyje przynajmniej setki.<\/p>\n<p>Dr Adam Jarosi\u0144ski zaprasza ponownie do Sterdyni, tym razem nie w dzie\u0144 powszedni, lecz w \u015bwi\u0105teczny lub jarmarczny, gdy tamtejszy rynek zape\u0142niaj\u0105 t\u0142umy. Zapewne to ta od\u015bwi\u0119tno\u015b\u0107 sprawi\u0142a, \u017ce my\u015bli doktora ulatuj\u0105 nieco nazbyt wysoko.<\/p>\n<p><strong>Wi\u0119cej na stronie <span style=\"color: #0000ff;\"><a style=\"color: #0000ff;\" href=\"https:\/\/madzelan.cba.pl\/jeszcze-raz-o-kurpiach-zmiany-personalne-w-ostrowskiej-strazy-ogniowej-kasza-z-zarab-koscielnych-truje-mieszkancow-zuzeli-stary-wiarus-tonie-pod-czyzewem-sterdynski-doktor-uderza-w-wysokie-tony-s\/\" target=\"_blank\" rel=\"noopener\">https:\/\/madzelan.cba.pl\/jeszcze-raz-o-kurpiach-zmiany-personalne-w-ostrowskiej-strazy-ogniowej-kasza-z-zarab-koscielnych-truje-mieszkancow-zuzeli-stary-wiarus-tonie-pod-czyzewem-sterdynski-doktor-uderza-w-wysokie-tony-s\/<\/a><\/span><\/strong><\/p>\n","protected":false},"excerpt":{"rendered":"<p>\u2026zmiany personalne w ostrowskiej stra\u017cy ogniowej, kasza z Zar\u0105b Ko\u015bcielnych truje mieszka\u0144c\u00f3w Zuzeli, stary wiarus tonie pod Czy\u017cewem, sterdy\u0144ski doktor uderza w wysokie tony, strzelanina pod Sadownem.<\/p>\n","protected":false},"author":1,"featured_media":0,"comment_status":"closed","ping_status":"closed","sticky":false,"template":"","format":"standard","meta":{"footnotes":""},"categories":[5,3436,31],"tags":[3004,2956],"class_list":["post-29969","post","type-post","status-publish","format-standard","hentry","category-newsy","category-opowiesci-historie-legendy-brokowskie-i-nie-tylko","category-historia-gminy","tag-jerzy-madzelan","tag-opowiesci-historie-legendy-brokowskie-i-nie-tylko"],"views":1075,"_links":{"self":[{"href":"https:\/\/info.sadowne.pl\/index.php?rest_route=\/wp\/v2\/posts\/29969","targetHints":{"allow":["GET"]}}],"collection":[{"href":"https:\/\/info.sadowne.pl\/index.php?rest_route=\/wp\/v2\/posts"}],"about":[{"href":"https:\/\/info.sadowne.pl\/index.php?rest_route=\/wp\/v2\/types\/post"}],"author":[{"embeddable":true,"href":"https:\/\/info.sadowne.pl\/index.php?rest_route=\/wp\/v2\/users\/1"}],"replies":[{"embeddable":true,"href":"https:\/\/info.sadowne.pl\/index.php?rest_route=%2Fwp%2Fv2%2Fcomments&post=29969"}],"version-history":[{"count":1,"href":"https:\/\/info.sadowne.pl\/index.php?rest_route=\/wp\/v2\/posts\/29969\/revisions"}],"predecessor-version":[{"id":29971,"href":"https:\/\/info.sadowne.pl\/index.php?rest_route=\/wp\/v2\/posts\/29969\/revisions\/29971"}],"wp:attachment":[{"href":"https:\/\/info.sadowne.pl\/index.php?rest_route=%2Fwp%2Fv2%2Fmedia&parent=29969"}],"wp:term":[{"taxonomy":"category","embeddable":true,"href":"https:\/\/info.sadowne.pl\/index.php?rest_route=%2Fwp%2Fv2%2Fcategories&post=29969"},{"taxonomy":"post_tag","embeddable":true,"href":"https:\/\/info.sadowne.pl\/index.php?rest_route=%2Fwp%2Fv2%2Ftags&post=29969"}],"curies":[{"name":"wp","href":"https:\/\/api.w.org\/{rel}","templated":true}]}}