{"id":29972,"date":"2025-05-09T10:56:21","date_gmt":"2025-05-09T08:56:21","guid":{"rendered":"http:\/\/info.sadowne.pl\/?p=29972"},"modified":"2025-05-10T09:48:51","modified_gmt":"2025-05-10T07:48:51","slug":"nowy-poetycki-rok","status":"publish","type":"post","link":"https:\/\/info.sadowne.pl\/?p=29972","title":{"rendered":"Nowy poetycki rok"},"content":{"rendered":"<p><strong><a href=\"http:\/\/info.sadowne.pl\/wp-content\/uploads\/2025\/05\/2025.05.09.1.jpg\" target=\"_blank\" rel=\"noopener\"><img loading=\"lazy\" decoding=\"async\" class=\"alignleft wp-image-29973 size-thumbnail\" src=\"http:\/\/info.sadowne.pl\/wp-content\/uploads\/2025\/05\/2025.05.09.1-180x130.jpg\" alt=\"\" width=\"180\" height=\"130\" \/><\/a>Tegoroczn\u0105 przygod\u0105 z poezj\u0105 zaskoczymy zapewne niejednego z internaut\u00f3w. Tym razem postanowili\u015bmy udost\u0119pni\u0107 \u0142amy portalu Info Sadowne autorom wierszy zwi\u0105zanym z gmin\u0105 Sadowne i jej okolicami. <\/strong><!--more--><\/p>\n<p><a href=\"http:\/\/info.sadowne.pl\/wp-content\/uploads\/2025\/05\/SJ.jpg\"><img loading=\"lazy\" decoding=\"async\" class=\"alignright size-full wp-image-29974\" src=\"http:\/\/info.sadowne.pl\/wp-content\/uploads\/2025\/05\/SJ.jpg\" alt=\"\" width=\"194\" height=\"259\" \/><\/a>Doborem autor\u00f3w i publikacji zajmie si\u0119 wsp\u00f3\u0142pracuj\u0105cy z naszym portalem p. Wies\u0142aw Maliszewski, znany nam ze swojej tw\u00f3rczo\u015bci poetyckiej. A na pocz\u0105tek:<\/p>\n<p><strong>Stanis\u0142aw Jastrz\u0119bski<\/strong> &#8211; rocznik 1963, wychowywa\u0142 si\u0119 w miejscowo\u015bci \u015amiary, gm. Wi\u015bniew pow. siedlecki. Uko\u0144czy\u0142 Akademi\u0119 Podlask\u0105 w Siedlcach. W latach 80-tych ju\u017c tworzy\u0142 poezj\u0119 i wsp\u00f3\u0142tworzy\u0142 \u00f3wczesne \u015brodowisko literackie w Siedlcach i okolicach. Wielokrotnie zdobywa\u0142 nagrody w konkursach poetyckich o zasi\u0119gu og\u00f3lnopolskim. W latach 1986-1988 wyda\u0142 dwa zeszyty poetyckie w konspiracyjnym wydawnictwie im. Grzegorza Przemyka: &#8222;Tylko r\u00f3\u017ca&#8221; i &#8222;Pe\u0142nia dojrzewania&#8221;. Obecne jest dziennikarzem Tygodnika Siedleckiego. Cz\u0119sto relacjonuje wydarzenia powi\u0105zane z gminami powiatu w\u0119growskiego.<\/p>\n<p style=\"text-align: center;\">\n<p>&nbsp;<\/p>\n<p style=\"text-align: center;\">* * *<\/p>\n<p style=\"text-align: center;\">To co czuj\u0119 chcia\u0142em wyzna\u0107 kwiatom<\/p>\n<p style=\"text-align: center;\">lecz one zwi\u0119d\u0142y<\/p>\n<p style=\"text-align: center;\">w mych gor\u0105cych d\u0142oniach<\/p>\n<p>&nbsp;<\/p>\n<p style=\"text-align: center;\">Potem przed s\u0142o\u0144cem otworzy\u0142em dusz\u0119<\/p>\n<p style=\"text-align: center;\">lecz ono o zmierzchu<\/p>\n<p style=\"text-align: center;\">ze wstydem stoczy\u0142o si\u0119 w d\u00f3\u0142<\/p>\n<p style=\"text-align: center;\">jak jab\u0142ko ze sto\u0142u<\/p>\n<p>&nbsp;<\/p>\n<p style=\"text-align: center;\">U gwiazd wschodz\u0105cych<\/p>\n<p style=\"text-align: center;\">szuka\u0142em pocieszenia<\/p>\n<p style=\"text-align: center;\">lecz one przed \u015bwitem<\/p>\n<p style=\"text-align: center;\">pogas\u0142y jak \u015bwieczki<\/p>\n<p>&nbsp;<\/p>\n<p style=\"text-align: center;\">Mija\u0142em wielu ludzi<\/p>\n<p style=\"text-align: center;\">nim spotka\u0142em cz\u0142owieka<\/p>\n<p style=\"text-align: center;\">Ten wys\u0142ucha\u0142 mojej opowie\u015bci<\/p>\n<p style=\"text-align: center;\">i poszed\u0142 za mn\u0105<\/p>\n<p style=\"text-align: center;\">&#8211; chocia\u017c to ja pyta\u0142em o drog\u0119<\/p>\n<p>&nbsp;<\/p>\n<p><strong>Foto:<\/strong> Wies\u0142aw Maliszewski\/Tygodnik Siedlecki<\/p>\n","protected":false},"excerpt":{"rendered":"<p>Tegoroczn\u0105 przygod\u0105 z poezj\u0105 zaskoczymy zapewne niejednego z internaut\u00f3w. Tym razem postanowili\u015bmy udost\u0119pni\u0107 \u0142amy portalu Info Sadowne autorom wierszy zwi\u0105zanym z gmin\u0105 Sadowne i jej okolicami.<\/p>\n","protected":false},"author":1,"featured_media":0,"comment_status":"closed","ping_status":"closed","sticky":false,"template":"","format":"standard","meta":{"footnotes":""},"categories":[5,48,6,108],"tags":[],"class_list":["post-29972","post","type-post","status-publish","format-standard","hentry","category-newsy","category-kacik-literacki","category-kultura-rozrywka-edukacja","category-okienko-poetyckie"],"views":1129,"_links":{"self":[{"href":"https:\/\/info.sadowne.pl\/index.php?rest_route=\/wp\/v2\/posts\/29972","targetHints":{"allow":["GET"]}}],"collection":[{"href":"https:\/\/info.sadowne.pl\/index.php?rest_route=\/wp\/v2\/posts"}],"about":[{"href":"https:\/\/info.sadowne.pl\/index.php?rest_route=\/wp\/v2\/types\/post"}],"author":[{"embeddable":true,"href":"https:\/\/info.sadowne.pl\/index.php?rest_route=\/wp\/v2\/users\/1"}],"replies":[{"embeddable":true,"href":"https:\/\/info.sadowne.pl\/index.php?rest_route=%2Fwp%2Fv2%2Fcomments&post=29972"}],"version-history":[{"count":4,"href":"https:\/\/info.sadowne.pl\/index.php?rest_route=\/wp\/v2\/posts\/29972\/revisions"}],"predecessor-version":[{"id":29978,"href":"https:\/\/info.sadowne.pl\/index.php?rest_route=\/wp\/v2\/posts\/29972\/revisions\/29978"}],"wp:attachment":[{"href":"https:\/\/info.sadowne.pl\/index.php?rest_route=%2Fwp%2Fv2%2Fmedia&parent=29972"}],"wp:term":[{"taxonomy":"category","embeddable":true,"href":"https:\/\/info.sadowne.pl\/index.php?rest_route=%2Fwp%2Fv2%2Fcategories&post=29972"},{"taxonomy":"post_tag","embeddable":true,"href":"https:\/\/info.sadowne.pl\/index.php?rest_route=%2Fwp%2Fv2%2Ftags&post=29972"}],"curies":[{"name":"wp","href":"https:\/\/api.w.org\/{rel}","templated":true}]}}