{"id":29988,"date":"2025-05-16T17:04:20","date_gmt":"2025-05-16T15:04:20","guid":{"rendered":"http:\/\/info.sadowne.pl\/?p=29988"},"modified":"2025-05-16T17:04:20","modified_gmt":"2025-05-16T15:04:20","slug":"wiersz-modlitwa","status":"publish","type":"post","link":"https:\/\/info.sadowne.pl\/?p=29988","title":{"rendered":"Wiersz \u201eModlitwa\u201d"},"content":{"rendered":"<p><strong><a href=\"http:\/\/info.sadowne.pl\/wp-content\/uploads\/2025\/05\/2025.05.15.1.jpg\" target=\"_blank\" rel=\"noopener\"><img loading=\"lazy\" decoding=\"async\" class=\"alignleft wp-image-29989 size-thumbnail\" src=\"http:\/\/info.sadowne.pl\/wp-content\/uploads\/2025\/05\/2025.05.15.1-180x130.jpg\" alt=\"\" width=\"180\" height=\"130\" \/><\/a>Stanis\u0142aw Jastrz\u0119bski po raz drugi w naszym okienku poetyckim. Tym razem prezentujemy wiersz\u2026<\/strong><!--more--><\/p>\n<p>&nbsp;<\/p>\n<p>&nbsp;<\/p>\n<p>&nbsp;<\/p>\n<p>&nbsp;<\/p>\n<p style=\"text-align: center;\"><strong>Modlitwa<\/strong><\/p>\n<p style=\"text-align: center;\">\n<p>&nbsp;<\/p>\n<p style=\"text-align: center;\">Modl\u0119 si\u0119 do Ciebie<\/p>\n<p style=\"text-align: center;\">s\u0142owami zawstydzonego<\/p>\n<p style=\"text-align: center;\">kryj\u0105cego swoj\u0105 twarz przed \u015bwiatem.<\/p>\n<p style=\"text-align: center;\">\n<p>&nbsp;<\/p>\n<p style=\"text-align: center;\">Modl\u0119 si\u0119 za dzie\u0144 wczorajszy<\/p>\n<p style=\"text-align: center;\">i o \u0142askawsze jutro.<\/p>\n<p style=\"text-align: center;\">\n<p>&nbsp;<\/p>\n<p style=\"text-align: center;\">Moja modlitwa ma zapach wilgotnych kwiat\u00f3w<\/p>\n<p style=\"text-align: center;\">i p\u0119d rozkrzyczanej burzy.<\/p>\n<p style=\"text-align: center;\">\n<p>&nbsp;<\/p>\n<p style=\"text-align: center;\">Ten krzyk<\/p>\n<p style=\"text-align: center;\">i ten gest (gdy braknie s\u0142\u00f3w)<\/p>\n<p style=\"text-align: center;\">te\u017c chcia\u0142bym uczyni\u0107 modlitw\u0105.<\/p>\n<p style=\"text-align: center;\">\n<p>&nbsp;<\/p>\n<p><strong>Foto:<\/strong> Wies\u0142aw Maliszewski<\/p>\n","protected":false},"excerpt":{"rendered":"<p>Stanis\u0142aw Jastrz\u0119bski po raz drugi w naszym okienku poetyckim. Tym razem prezentujemy wiersz\u2026<\/p>\n","protected":false},"author":1,"featured_media":0,"comment_status":"closed","ping_status":"closed","sticky":false,"template":"","format":"standard","meta":{"footnotes":""},"categories":[5,48,6,108],"tags":[3669,2730,4260,4259],"class_list":["post-29988","post","type-post","status-publish","format-standard","hentry","category-newsy","category-kacik-literacki","category-kultura-rozrywka-edukacja","category-okienko-poetyckie","tag-okienko-poetyckie","tag-poezja","tag-stanislaw-jastrzebski","tag-wiersz-modlitwa"],"views":1014,"_links":{"self":[{"href":"https:\/\/info.sadowne.pl\/index.php?rest_route=\/wp\/v2\/posts\/29988","targetHints":{"allow":["GET"]}}],"collection":[{"href":"https:\/\/info.sadowne.pl\/index.php?rest_route=\/wp\/v2\/posts"}],"about":[{"href":"https:\/\/info.sadowne.pl\/index.php?rest_route=\/wp\/v2\/types\/post"}],"author":[{"embeddable":true,"href":"https:\/\/info.sadowne.pl\/index.php?rest_route=\/wp\/v2\/users\/1"}],"replies":[{"embeddable":true,"href":"https:\/\/info.sadowne.pl\/index.php?rest_route=%2Fwp%2Fv2%2Fcomments&post=29988"}],"version-history":[{"count":3,"href":"https:\/\/info.sadowne.pl\/index.php?rest_route=\/wp\/v2\/posts\/29988\/revisions"}],"predecessor-version":[{"id":29992,"href":"https:\/\/info.sadowne.pl\/index.php?rest_route=\/wp\/v2\/posts\/29988\/revisions\/29992"}],"wp:attachment":[{"href":"https:\/\/info.sadowne.pl\/index.php?rest_route=%2Fwp%2Fv2%2Fmedia&parent=29988"}],"wp:term":[{"taxonomy":"category","embeddable":true,"href":"https:\/\/info.sadowne.pl\/index.php?rest_route=%2Fwp%2Fv2%2Fcategories&post=29988"},{"taxonomy":"post_tag","embeddable":true,"href":"https:\/\/info.sadowne.pl\/index.php?rest_route=%2Fwp%2Fv2%2Ftags&post=29988"}],"curies":[{"name":"wp","href":"https:\/\/api.w.org\/{rel}","templated":true}]}}