{"id":30003,"date":"2025-05-22T15:12:42","date_gmt":"2025-05-22T13:12:42","guid":{"rendered":"http:\/\/info.sadowne.pl\/?p=30003"},"modified":"2025-05-22T15:12:42","modified_gmt":"2025-05-22T13:12:42","slug":"kurpie-zyja-komfortowo","status":"publish","type":"post","link":"https:\/\/info.sadowne.pl\/?p=30003","title":{"rendered":"Kurpie \u017cyj\u0105 komfortowo,"},"content":{"rendered":"<p><strong><a href=\"http:\/\/info.sadowne.pl\/wp-content\/uploads\/2025\/05\/Brok228.jpg\" target=\"_blank\" rel=\"noopener\"><img loading=\"lazy\" decoding=\"async\" class=\"alignleft wp-image-30004 size-thumbnail\" src=\"http:\/\/info.sadowne.pl\/wp-content\/uploads\/2025\/05\/Brok228-180x130.jpg\" alt=\"\" width=\"180\" height=\"130\" \/><\/a>\u2026pod Sterdyni\u0105 dziel\u0105 gospodarstwa na pot\u0119g\u0119 i wielka z tego bieda, w Komorowie powstanie imponuj\u0105ce gmaszysko, w W\u0119growie, w porze obiadowej nigdzie si\u0119 cz\u0142owieku nie dodzwonisz, wi\u0119cej fakt\u00f3w o potwornej zbrodni w Jaszczu\u0142tach.<\/strong><!--more--><\/p>\n<p>Antoni Zakrzewski opowiada tym razem o domach i zabudowaniach gospodarskich Kurpi\u00f3w, rysuj\u0105c obraz wielce pozytywny, jako \u017ce \u201edomy mieszkalne i zabudowania Kurpi\u00f3w s\u0105 w og\u00f3le lepsze i porz\u0105dniejsze ni\u017c w innych dzielnicach Polski. Kuchnie angielskie, piece kaflowe, sprz\u0119ty wygodne, a nade wszystko czysto\u015b\u0107 i porz\u0105dek wewn\u0119trzny w chatach, wszystko to \u015bwiadczy o do\u015b\u0107 wysokim stopniu kultury domowej\u201d. Kurpie nie zwykli tak\u017ce mieszka\u0107 pospo\u0142u z gospodarskimi bydl\u0105tkami, co nie jest zwyczajem tak znowu powszechnym.<\/p>\n<p>Spod Sterdyni nadchodz\u0105 wie\u015bci, \u017ce bez opami\u0119tania dziel\u0105 tam nawet male\u0144kie gospodarstwa. Zwracamy zatem szanownym gospodarzom uwag\u0119, \u017ce z morgi ziemi nawet konia nie utrzymasz, nie m\u00f3wi\u0105c o swych w\u0142asnych osobach i rodzinach. Jakby komu tego ostrze\u017cenia by\u0142o ma\u0142o, to przypominamy, \u017ce dzia\u0142y na cz\u0105stki mniejsze ni\u017c sze\u015bciomorgowe s\u0105 dokonywane wbrew prawu, co mo\u017ce skutkowa\u0107 przykrymi konsekwencjami.<\/p>\n<p>W Komorowie stawiaj\u0105 pot\u0119\u017cny budynek u\u017cyteczno\u015bci publicznej, kt\u00f3ry ma pomie\u015bci\u0107 zarz\u0105d gminy i szko\u0142\u0119 pocz\u0105tkuj\u0105c\u0105. Budowla pora\u017ca rozmachem.<\/p>\n<p>Zamieszkuj\u0105cy w W\u0119growie sta\u0142y korespondent \u201eGazety Podlaskiej\u201d, nie ukrywa, \u017ce przyby\u0142 do miasta stosunkowo niedawno. Nale\u017cy podejrzewa\u0107, \u017ce wcze\u015bniej egzystowa\u0142 w zaborze pruskim, zatem w naszym regionie czuje si\u0119 troszk\u0119 jak na innej planecie i wci\u0105\u017c go zadziwiaj\u0105 tutejsze porz\u0105dki.<\/p>\n<p><strong>Wi\u0119cej na stronie <span style=\"color: #0000ff;\"><a style=\"color: #0000ff;\" href=\"https:\/\/madzelan.cba.pl\/kurpie-zyja-komfortowo-pod-sterdynia-dziela-gospodarstwa-na-potege-i-wielka-z-tego-bieda-w-komorowie-powstanie-imponujace-gmaszysko-w-wegrowie-w-porze-obiadowej-nigdzie-sie-czlowieku-nie-dodzwonis\/\" target=\"_blank\" rel=\"noopener\">https:\/\/madzelan.cba.pl\/kurpie-zyja-komfortowo-pod-sterdynia-dziela-gospodarstwa-na-potege-i-wielka-z-tego-bieda-w-komorowie-powstanie-imponujace-gmaszysko-w-wegrowie-w-porze-obiadowej-nigdzie-sie-czlowieku-nie-dodzwonis\/<\/a><\/span><\/strong><\/p>\n","protected":false},"excerpt":{"rendered":"<p>\u2026pod Sterdyni\u0105 dziel\u0105 gospodarstwa na pot\u0119g\u0119 i wielka z tego bieda, w Komorowie powstanie imponuj\u0105ce gmaszysko, w W\u0119growie, w porze obiadowej nigdzie si\u0119 cz\u0142owieku nie dodzwonisz, wi\u0119cej fakt\u00f3w o potwornej zbrodni w Jaszczu\u0142tach.<\/p>\n","protected":false},"author":1,"featured_media":0,"comment_status":"closed","ping_status":"closed","sticky":false,"template":"","format":"standard","meta":{"footnotes":""},"categories":[5,3436,31],"tags":[3004,2956],"class_list":["post-30003","post","type-post","status-publish","format-standard","hentry","category-newsy","category-opowiesci-historie-legendy-brokowskie-i-nie-tylko","category-historia-gminy","tag-jerzy-madzelan","tag-opowiesci-historie-legendy-brokowskie-i-nie-tylko"],"views":1099,"_links":{"self":[{"href":"https:\/\/info.sadowne.pl\/index.php?rest_route=\/wp\/v2\/posts\/30003","targetHints":{"allow":["GET"]}}],"collection":[{"href":"https:\/\/info.sadowne.pl\/index.php?rest_route=\/wp\/v2\/posts"}],"about":[{"href":"https:\/\/info.sadowne.pl\/index.php?rest_route=\/wp\/v2\/types\/post"}],"author":[{"embeddable":true,"href":"https:\/\/info.sadowne.pl\/index.php?rest_route=\/wp\/v2\/users\/1"}],"replies":[{"embeddable":true,"href":"https:\/\/info.sadowne.pl\/index.php?rest_route=%2Fwp%2Fv2%2Fcomments&post=30003"}],"version-history":[{"count":1,"href":"https:\/\/info.sadowne.pl\/index.php?rest_route=\/wp\/v2\/posts\/30003\/revisions"}],"predecessor-version":[{"id":30005,"href":"https:\/\/info.sadowne.pl\/index.php?rest_route=\/wp\/v2\/posts\/30003\/revisions\/30005"}],"wp:attachment":[{"href":"https:\/\/info.sadowne.pl\/index.php?rest_route=%2Fwp%2Fv2%2Fmedia&parent=30003"}],"wp:term":[{"taxonomy":"category","embeddable":true,"href":"https:\/\/info.sadowne.pl\/index.php?rest_route=%2Fwp%2Fv2%2Fcategories&post=30003"},{"taxonomy":"post_tag","embeddable":true,"href":"https:\/\/info.sadowne.pl\/index.php?rest_route=%2Fwp%2Fv2%2Ftags&post=30003"}],"curies":[{"name":"wp","href":"https:\/\/api.w.org\/{rel}","templated":true}]}}