{"id":30016,"date":"2025-05-25T21:26:47","date_gmt":"2025-05-25T19:26:47","guid":{"rendered":"http:\/\/info.sadowne.pl\/?p=30016"},"modified":"2025-05-26T14:57:30","modified_gmt":"2025-05-26T12:57:30","slug":"piknik-rodzinny-2025","status":"publish","type":"post","link":"https:\/\/info.sadowne.pl\/?p=30016","title":{"rendered":"Piknik Rodzinny 2025"},"content":{"rendered":"<p><a href=\"http:\/\/info.sadowne.pl\/wp-content\/uploads\/2025\/05\/2025.05.25.1.jpg\" target=\"_blank\" rel=\"noopener\"><img loading=\"lazy\" decoding=\"async\" class=\"alignleft wp-image-30017 size-thumbnail\" src=\"http:\/\/info.sadowne.pl\/wp-content\/uploads\/2025\/05\/2025.05.25.1-180x130.jpg\" alt=\"\" width=\"180\" height=\"130\" \/><\/a><\/p>\n<p><strong>25 maja 2025 roku w Sadownem odby\u0142 si\u0119 Piknik Rodzinny z okazji Dnia Dziecka.<\/strong><!--more--><\/p>\n<p>Organizatorami imprezy niedzielnej byli: Gmina Sadowne, Gminny O\u015brodek Kultury w Sadownem, Stowarzyszenie Na Rzecz Rozwoju Gminy Sadowne i Gminna Komisja Rozwi\u0105zywania Problem\u00f3w Alkoholowych w Sadownem, kt\u00f3ra by\u0142a te\u017c g\u0142\u00f3wnym sponsorem Pikniku. Partnerzy Organizator\u00f3w to: Gminna Biblioteka Publiczna w Sadownem i Ochotnicza Stra\u017c Po\u017carna w Sadownem. Patronat \u2013 W\u00f3jt Gminy Sadowne.<\/p>\n<p>Na boisku szkolnym i obok niego, jak co roku, na uczestnik\u00f3w Pikniku czeka\u0142o wiele atrakcji, a m.in.: animacje i zabawy dla dzieci, dmuchane zamki, malowanie twarzy, konkursy z nagrodami, hot dogi, lody, wata cukrowa, popcorn, a tak\u017ce piana party. Mo\u017cna by\u0142o te\u017c skorzysta\u0107 z ofert stoisk z zabawkami lub gastronomi\u0105.<\/p>\n<p>Oficjalnego otwarcia imprezy dokonali przedstawiciele Organizator\u00f3w: p. Waldemar Cyran \u2013 W\u00f3jt Gminy Sadowne, p. Ewa Pi\u00f3rkowska \u2013 Dyrektor Gminnego O\u015brodka Kultury w Sadownem i p. Jadwiga Gutowska \u2013 Przewodnicz\u0105ca Gminnej Komisji Rozwi\u0105zywania Problem\u00f3w Alkoholowych.<\/p>\n<p>Podczas Pikniku nie zapomniano te\u017c o zabawach sportowych. W ramach ju\u017c \u00f3smego Biegu dla dzieci \u201eBiegam bo lubi\u0119\u201d m\u0142odzi sportowcy mieli do pokonania 250-metrow\u0105 tras\u0119 na bie\u017cni stadionu. Rywalizowali ze sob\u0105 w trzech kategoriach. A oto wyniki:<\/p>\n<p><strong>Kategoria I (roczniki: 2016, 2017, 2018)<\/strong><\/p>\n<p><strong>Dziewczynki <\/strong><\/p>\n<p>Miejsce w biegu\/imi\u0119 i nazwisko<\/p>\n<ol>\n<li><strong>Gabriela Cholewi\u0144ska<\/strong><\/li>\n<li><strong>Weronika Gulska<\/strong><\/li>\n<li><strong>Lena Kalbarczyk<\/strong><\/li>\n<li>Nadia Bala<\/li>\n<li>Maja Gizi\u0144ska<\/li>\n<li>Klara Pik<\/li>\n<li>Zuzanna Fr\u0105czyk<\/li>\n<li>Zofia W\u00f3jcik<\/li>\n<\/ol>\n<p><strong>Ch\u0142opcy<\/strong><\/p>\n<p>Miejsce w biegu\/imi\u0119 i nazwisko<\/p>\n<ol>\n<li><strong>Ignacy Bala<\/strong><\/li>\n<li><strong>Cezary Kozi\u0144ski<\/strong><\/li>\n<li><strong>Bartosz Brejnak<\/strong><\/li>\n<li>Aleksander Czaczkowski<\/li>\n<li>Aleksander Bodzon<\/li>\n<li>Adam Kalata<\/li>\n<li>Maciej Dziewa<\/li>\n<li>Micha\u0142 Nozderka<\/li>\n<li>Rados\u0142aw Czaczkowski<\/li>\n<li>Stanis\u0142aw Karczmarczyk<\/li>\n<li>Ignacy Decyk<\/li>\n<li>Szymon Trzaska<\/li>\n<li>Aleksander Jaworski<\/li>\n<li>Dawid Gizi\u0144ski<\/li>\n<li>Wojciech Komorek<\/li>\n<li>Aleksander Kowalczyk<\/li>\n<li>Jakub Karczmarczyk<\/li>\n<\/ol>\n<p><strong>Kategoria II (roczniki: 2013, 2014, 2015)<\/strong><\/p>\n<p><strong>Dziewczynki<\/strong><\/p>\n<p>Miejsce w biegu\/imi\u0119 i nazwisko<\/p>\n<ol>\n<li><strong>Maja Jaworska<\/strong><\/li>\n<li><strong>Marianna Decyk<\/strong><\/li>\n<li><strong>Zuzanna K\u0105dziela<\/strong><\/li>\n<li>Laura Miko\u0142ajczyk<\/li>\n<li>Gabriela Adamczewska<\/li>\n<li>Natalia J\u00f3\u017awik<\/li>\n<li>Amelia Gulska<\/li>\n<li>Julia Kalata<\/li>\n<\/ol>\n<p><strong>Ch\u0142opcy<\/strong><\/p>\n<p>Miejsce\/imi\u0119 i nazwisko<\/p>\n<ol>\n<li><strong>Wojciech Karczmarczyk<\/strong><\/li>\n<li><strong>Wojciech \u015alusarz<\/strong><\/li>\n<li><strong>Marcel Cholewi\u0144ski<\/strong><\/li>\n<li>Miko\u0142aj Kowalczyk<\/li>\n<li>Dominik D\u0105browski<\/li>\n<li>Igor Zawadzki<\/li>\n<li>Seweryn Witowski<\/li>\n<li>Szymon Adamczewski<\/li>\n<li>Maciej Nozderka<\/li>\n<li>Szymon Bodzon<\/li>\n<li>B\u0142a\u017cej Kami\u0144ski<\/li>\n<li>Igor Dziewa<\/li>\n<li>Szymon Gudyn<\/li>\n<li>Krzysztof Komorek<\/li>\n<\/ol>\n<p><strong>Kategoria III (roczniki: 2010, 2011, 2012)<\/strong><\/p>\n<p><strong>Dziewczynki<\/strong><\/p>\n<p>Miejsce w biegu\/imi\u0119 i nazwisko<\/p>\n<ol>\n<li><strong>Maja Rostek<\/strong><\/li>\n<li><strong>Gabriela Gasto\u0142<\/strong><\/li>\n<\/ol>\n<p><strong>Ch\u0142opcy<\/strong><\/p>\n<p>Miejsce w biegu\/imi\u0119 i nazwisko<\/p>\n<ol>\n<li><strong>Dawid Czaczkowski<\/strong><\/li>\n<li><strong>Wiktor Gajewski<\/strong><\/li>\n<li><strong>Stanis\u0142aw Komorek<\/strong><\/li>\n<\/ol>\n<p>Wszyscy uczestnicy otrzymali medale za udzia\u0142 w biegu, natomiast plasuj\u0105cym si\u0119 na podium specjalne medale wr\u0119czy\u0142 W\u00f3jt Gminy Sadowne p. Waldemar Cyran.<\/p>\n<p>Piknik zaplanowano do godz. 20.00 i naprawd\u0119 w tym czasie dzieciaki mia\u0142y mo\u017cliwo\u015b\u0107 \u201ewybawi\u0107 si\u0119\u201d do oporu, a i przy okazji skorzysta\u0107 z pocz\u0119stunku przygotowanego przez pracownik\u00f3w Gminnego O\u015brodka Kultury w Sadownem \u2013 brawo im za to. Specjalne podzi\u0119kowania nale\u017c\u0105 si\u0119 tak\u017ce druhom z Ochotniczej Stra\u017cy Po\u017carnej w Sadownem, kt\u00f3rzy dali dzieciakom mo\u017cliwo\u015b\u0107 zapoznania si\u0119 ze sprz\u0119tem po\u017carniczym i r\u00f3\u017cnymi dzia\u0142aniami stra\u017cy na miejscach zdarze\u0144, a tak\u017ce przygotowali dla nich zabawy \u201epo\u017carnicze\u201d. Druhowie wsp\u00f3\u0142dzia\u0142ali tak\u017ce z Organizatorami w przygotowaniu i zabezpieczeniu Pikniku.<\/p>\n<p><strong>Dzi\u0119kujemy za Piknik i zapraszamy za rok.<\/strong><\/p>\n<p><span style=\"color: #0000ff;\"><a style=\"color: #0000ff;\" href=\"https:\/\/photos.app.goo.gl\/aKDipj7QpDaBpfjJ6\" target=\"_blank\" rel=\"noopener\"><strong>Zdj\u0119cia w galerii Google&gt;&gt;&gt;<\/strong><\/a><\/span><\/p>\n<p><strong>Tekst\/foto:<\/strong> S\u0142awek Chyli\u0144ski<\/p>\n","protected":false},"excerpt":{"rendered":"<p>25 maja 2025 roku w Sadownem odby\u0142 si\u0119 Piknik Rodzinny z okazji Dnia Dziecka.<\/p>\n","protected":false},"author":1,"featured_media":0,"comment_status":"closed","ping_status":"closed","sticky":false,"template":"","format":"standard","meta":{"footnotes":""},"categories":[5,2149,91,6],"tags":[125,169,2045,4264],"class_list":["post-30016","post","type-post","status-publish","format-standard","hentry","category-newsy","category-gminna-biblioteka-publiczna","category-gminny-osrodek-kultury","category-kultura-rozrywka-edukacja","tag-gminna-komisja-rozwiazywania-problemow-alkoholowych-w-sadownem","tag-gminny-osrodek-kultury-w-sadownem","tag-osp-sadowne","tag-piknik-rodzinny-2025-w-sadownem"],"views":1696,"_links":{"self":[{"href":"https:\/\/info.sadowne.pl\/index.php?rest_route=\/wp\/v2\/posts\/30016","targetHints":{"allow":["GET"]}}],"collection":[{"href":"https:\/\/info.sadowne.pl\/index.php?rest_route=\/wp\/v2\/posts"}],"about":[{"href":"https:\/\/info.sadowne.pl\/index.php?rest_route=\/wp\/v2\/types\/post"}],"author":[{"embeddable":true,"href":"https:\/\/info.sadowne.pl\/index.php?rest_route=\/wp\/v2\/users\/1"}],"replies":[{"embeddable":true,"href":"https:\/\/info.sadowne.pl\/index.php?rest_route=%2Fwp%2Fv2%2Fcomments&post=30016"}],"version-history":[{"count":3,"href":"https:\/\/info.sadowne.pl\/index.php?rest_route=\/wp\/v2\/posts\/30016\/revisions"}],"predecessor-version":[{"id":30023,"href":"https:\/\/info.sadowne.pl\/index.php?rest_route=\/wp\/v2\/posts\/30016\/revisions\/30023"}],"wp:attachment":[{"href":"https:\/\/info.sadowne.pl\/index.php?rest_route=%2Fwp%2Fv2%2Fmedia&parent=30016"}],"wp:term":[{"taxonomy":"category","embeddable":true,"href":"https:\/\/info.sadowne.pl\/index.php?rest_route=%2Fwp%2Fv2%2Fcategories&post=30016"},{"taxonomy":"post_tag","embeddable":true,"href":"https:\/\/info.sadowne.pl\/index.php?rest_route=%2Fwp%2Fv2%2Ftags&post=30016"}],"curies":[{"name":"wp","href":"https:\/\/api.w.org\/{rel}","templated":true}]}}