{"id":30024,"date":"2025-05-29T15:18:09","date_gmt":"2025-05-29T13:18:09","guid":{"rendered":"http:\/\/info.sadowne.pl\/?p=30024"},"modified":"2025-05-29T15:18:09","modified_gmt":"2025-05-29T13:18:09","slug":"lewy-brzeg-bugu-pod-wladztwem-austriackim-1795-1809","status":"publish","type":"post","link":"https:\/\/info.sadowne.pl\/?p=30024","title":{"rendered":"LEWY BRZEG BUGU POD W\u0141ADZTWEM AUSTRIACKIM 1795-1809"},"content":{"rendered":"<p><strong><a href=\"http:\/\/info.sadowne.pl\/wp-content\/uploads\/2025\/05\/Brok229.jpg\" target=\"_blank\" rel=\"noopener\"><img loading=\"lazy\" decoding=\"async\" class=\"alignleft wp-image-30025 size-thumbnail\" src=\"http:\/\/info.sadowne.pl\/wp-content\/uploads\/2025\/05\/Brok229-180x130.jpg\" alt=\"\" width=\"180\" height=\"130\" \/><\/a>27 czerwca 1794 r. cesarz Franciszek nakaza\u0142 wojskom austriackim wkroczy\u0107 na ziemie Rzeczypospolitej, po czym pod okupacj\u0105 znalaz\u0142o si\u0119 wojew\u00f3dztwo lubelskie. <\/strong><!--more--><\/p>\n<p>Wojska cesarskie ustanowi\u0142y w lipcu kordon od Kazimierza nad Wis\u0142\u0105, przez Lublin, \u0141\u0119czn\u0105 i Che\u0142m, a\u017c do Bugu. W sierpniu Austriacy zaj\u0119li Wo\u0142y\u0144, co wywo\u0142a\u0142o gwa\u0142towne protesty ze strony Rosjan, kt\u00f3rzy w swych planach tycz\u0105cych III rozbioru Polski, mieli ju\u017c uj\u0119te w\u0142\u0105czenie Wo\u0142ynia w swoje granice. Dow\u00f3dztwo austriackie nie podejmowa\u0142o nazbyt aktywnych dzia\u0142a\u0144 zbrojnych przeciwko polskim oddzia\u0142om, czekaj\u0105c na rozw\u00f3j sytuacji i dopiero: \u201eKl\u0119ska maciejowicka Ko\u015bciuszki i marsz po\u0142\u0105czonych oddzia\u0142\u00f3w Suworowa, Derfeldena i Fersena na Warszaw\u0119, o\u015bmieli\u0142y wojska austriackie, kt\u00f3re pocz\u0119\u0142y likwidowa\u0107 oddzia\u0142y polskie w Lubelskiem i Che\u0142mskiem\u201d.<\/p>\n<p>Austriacy pocz\u0119li rozbraja\u0107 polskie oddzia\u0142y, ich za\u015b \u017co\u0142nierzy wciela\u0107 si\u0142\u0105 do swej, wo\u0142aj\u0105cej o rekruta na wojn\u0119 z Francj\u0105 armii. Kajetan Ko\u017amian, kt\u00f3ry w cicho\u015bci liczy\u0142 na powstanie na zaj\u0119tym przez Austriak\u00f3w obszarze, jakiego\u015b autonomicznego tworu ze s\u0142owem Polska w nazwie, a przynajmniej na naj\u0142agodniejsze ze wszystkich zaborc\u00f3w traktowanie rodak\u00f3w, tak opisa\u0142 swoje rozczarowanie: \u201eChwytanie niezw\u0142oczne rozbitk\u00f3w polskich z wojska, kt\u00f3re si\u0119 szwadronami i kompaniami, unikaj\u0105c zemsty Rosjan, pod opiek\u0119 austriackiego rz\u0105du cisn\u0119\u0142o, rozbrajanie ich, konfiskata broni i koni, zmuszanie gro\u017abami, a nawet razami do przyjmowania s\u0142u\u017cby w wojsku cesarskim, pozbawienie oficer\u00f3w ich stopni i przebieranie na rynku pod okiem bolej\u0105cych na ten widok mieszka\u0144c\u00f3w w kamasze prostych \u017co\u0142nierzy, wyjawi\u0142y, \u017ce\u015bmy si\u0119 stali poddanymi mniej \u0142agodnego ber\u0142a, a raczej niewolnikami\u201d.<\/p>\n<p><strong>Wi\u0119cej na stronie <span style=\"color: #0000ff;\"><a style=\"color: #0000ff;\" href=\"https:\/\/madzelan.cba.pl\/lewy-brzeg-bugu-pod-wladztwem-austriackim-1795-1809\/\" target=\"_blank\" rel=\"noopener\">https:\/\/madzelan.cba.pl\/lewy-brzeg-bugu-pod-wladztwem-austriackim-1795-1809\/<\/a><\/span><\/strong><\/p>\n","protected":false},"excerpt":{"rendered":"<p>27 czerwca 1794 r. cesarz Franciszek nakaza\u0142 wojskom austriackim wkroczy\u0107 na ziemie Rzeczypospolitej, po czym pod okupacj\u0105 znalaz\u0142o si\u0119 wojew\u00f3dztwo lubelskie.<\/p>\n","protected":false},"author":1,"featured_media":0,"comment_status":"closed","ping_status":"closed","sticky":false,"template":"","format":"standard","meta":{"footnotes":""},"categories":[5,3436,31],"tags":[3004,2956],"class_list":["post-30024","post","type-post","status-publish","format-standard","hentry","category-newsy","category-opowiesci-historie-legendy-brokowskie-i-nie-tylko","category-historia-gminy","tag-jerzy-madzelan","tag-opowiesci-historie-legendy-brokowskie-i-nie-tylko"],"views":1032,"_links":{"self":[{"href":"https:\/\/info.sadowne.pl\/index.php?rest_route=\/wp\/v2\/posts\/30024","targetHints":{"allow":["GET"]}}],"collection":[{"href":"https:\/\/info.sadowne.pl\/index.php?rest_route=\/wp\/v2\/posts"}],"about":[{"href":"https:\/\/info.sadowne.pl\/index.php?rest_route=\/wp\/v2\/types\/post"}],"author":[{"embeddable":true,"href":"https:\/\/info.sadowne.pl\/index.php?rest_route=\/wp\/v2\/users\/1"}],"replies":[{"embeddable":true,"href":"https:\/\/info.sadowne.pl\/index.php?rest_route=%2Fwp%2Fv2%2Fcomments&post=30024"}],"version-history":[{"count":1,"href":"https:\/\/info.sadowne.pl\/index.php?rest_route=\/wp\/v2\/posts\/30024\/revisions"}],"predecessor-version":[{"id":30026,"href":"https:\/\/info.sadowne.pl\/index.php?rest_route=\/wp\/v2\/posts\/30024\/revisions\/30026"}],"wp:attachment":[{"href":"https:\/\/info.sadowne.pl\/index.php?rest_route=%2Fwp%2Fv2%2Fmedia&parent=30024"}],"wp:term":[{"taxonomy":"category","embeddable":true,"href":"https:\/\/info.sadowne.pl\/index.php?rest_route=%2Fwp%2Fv2%2Fcategories&post=30024"},{"taxonomy":"post_tag","embeddable":true,"href":"https:\/\/info.sadowne.pl\/index.php?rest_route=%2Fwp%2Fv2%2Ftags&post=30024"}],"curies":[{"name":"wp","href":"https:\/\/api.w.org\/{rel}","templated":true}]}}