{"id":30027,"date":"2025-05-30T14:04:26","date_gmt":"2025-05-30T12:04:26","guid":{"rendered":"http:\/\/info.sadowne.pl\/?p=30027"},"modified":"2025-05-30T14:04:26","modified_gmt":"2025-05-30T12:04:26","slug":"kronika-strazacka-26-29-05-2025","status":"publish","type":"post","link":"https:\/\/info.sadowne.pl\/?p=30027","title":{"rendered":"Kronika stra\u017cacka 26 \u2013 29.05.2025"},"content":{"rendered":"<p><strong><a href=\"http:\/\/info.sadowne.pl\/wp-content\/uploads\/2025\/05\/straz1.jpg\" target=\"_blank\" rel=\"noopener\"><img loading=\"lazy\" decoding=\"async\" class=\"alignleft wp-image-30020 size-thumbnail\" src=\"http:\/\/info.sadowne.pl\/wp-content\/uploads\/2025\/05\/straz1-180x130.jpg\" alt=\"\" width=\"180\" height=\"130\" \/><\/a>W okresie od 26 &#8211; 29.05.2025 na terenie powiatu w\u0119growskiego odnotowano: 12 zdarze\u0144, przy kt\u00f3rych interweniowa\u0142y jednostki ochrony przeciwpo\u017carowej, w tym: 3 po\u017cary, 8 miejscowych zagro\u017ce\u0144, 1 alarm fa\u0142szywy.<\/strong><!--more--><\/p>\n<p><strong>27.05.2025 \u2013 Jartypory, gm. Liw \u2013 po\u017car samochodu osobowego.<\/strong><\/p>\n<p>Do SK KP PSP w W\u0119growie wp\u0142yn\u0119\u0142a formatka o tre\u015bci &#8221;WYPADEK POJAZD OSOBOWY UDERZY\u0141 W DRZEWO&#8221;. Dy\u017curny SK na miejsce zdarzenia dysponowa\u0142 dwa zast\u0119py JRG oraz pobliskie OSP Jartypory. Po doje\u017adzie zast\u0119p\u00f3w KDR stwierdzi\u0142, \u017ce samoch\u00f3d uderzy\u0142 w drzewo i znajdowa\u0142 si\u0119 poza pasem jezdni na poboczu, samochodem podr\u00f3\u017cowa\u0142a jedna osoba, kt\u00f3ra znajdowa\u0142a si\u0119 poza pojazdem, brak wyciek\u00f3w, Policja na miejscu, SIS wystarczaj\u0105ce. Dzia\u0142ania zast\u0119p\u00f3w polega\u0142y na zabezpieczeniu miejsca zdarzenia, od\u0142\u0105czeniu akumulatora oraz udzieleniu KPP osobie poszkodowanej. Po przyje\u017adzie ZRM przekazano osob\u0119 poszkodowan\u0105. Po przekazaniu protoko\u0142em samochodu policji dzia\u0142ania zako\u0144czono. Na pro\u015bb\u0119 Policji na miejscu pozostawiono zast\u0119p OSP Jartypory w celu pomocy w zabezpieczeniu miejsca zdarzenia.<\/p>\n<p>W DZIA\u0141ANIACH RATOWNICZYCH UDZIA\u0141 BRA\u0141O: 3 zast\u0119py, 13 ratownik\u00f3w.<strong>\u00a0<\/strong><\/p>\n<p><strong>27.05.2025 \u2013 \u0141ojew, gm. \u0141och\u00f3w \u2013 \u00a0po\u017car na nieu\u017cytkach.<\/strong><\/p>\n<p>Do SKKP wp\u0142yn\u0119\u0142a formatka o tre\u015bci: &#8222;NA TY\u0141ACH ZBIORNIK\u00d3W WODNYCH W DANEJ MIEJCOWOSCI PO\u017bAR TRZCIN, TRAW&#8221;. Po przybyciu na miejsce zast\u0119p\u00f3w JRG posterunek i OSP Ostr\u00f3wek KDR stwierdzi\u0142, \u017ce pali si\u0119 oko\u0142o 500 m2 trzciny na zbiorniku wodnym (staw). Dzia\u0142ania zast\u0119p\u00f3w polega\u0142y na zabezpieczeniu miejsca zdarzenia oraz podaniu dw\u00f3ch pr\u0105d\u00f3w wody w natarciu, co doprowadzi\u0142o do lokalizacji i ugaszenia po\u017caru. Na tym dzia\u0142ania zako\u0144czono i zast\u0119py powr\u00f3ci\u0142y do koszar.<\/p>\n<p>W DZIA\u0141ANIACH RATOWNICZYCH UDZIA\u0141 BRA\u0141O: 3 zast\u0119py, 15 ratownik\u00f3w.<\/p>\n<p><strong>28.05.2025 \u2013 Nowa Trzcianka, gm. Gr\u0119bk\u00f3w \u2013 podejrzenie po\u017caru agregatu elektrycznego.<\/strong><\/p>\n<p>Do SKKP wp\u0142yn\u0119\u0142a formatka WCPR o tre\u015bci: &#8222;A2 KILOMETR 537,6 KIERUNEK SIEDLCE PO\u017bAR SKRZYNKI ELEKTRYCZNEJ SKRZYNKI TRANSFORMATOROWEJ&#8221;. SK na miejsce zadysponowa\u0142 zast\u0119p JRG i miejscowe OSP. Po przybyciu na miejsce pierwszego zast\u0119pu OSP Ga\u0142ki, KDR przekaza\u0142: &#8222;przy autostradzie A2 przy drodze serwisowej agregat elektryczny (diesel) stacjonarny umiejscowiony w kontenerze uruchomi\u0142 si\u0119 i z rury wydechowej wydobywa si\u0119 du\u017co dymu. Agregat nie wykazuje oznak po\u017caru, potrzebny serwis, SiS wystarczaj\u0105ce&#8221;. SK powiadomi\u0142 GDDKiA o zaistnia\u0142ej sytuacji i zaleci\u0142 serwis urz\u0105dzenia. Na tym dzia\u0142ania zako\u0144czono.<\/p>\n<p>W DZIA\u0141ANIACH RATOWNICZYCH UDZIA\u0141 BRA\u0141O: 3 zast\u0119py, 16 ratownik\u00f3w.<strong>\u00a0<\/strong><\/p>\n<p><strong>28.05.2025 \u2013 \u0141och\u00f3w \u2013 po\u017car sadzy w budynku mieszkalnym.<\/strong><\/p>\n<p>Do SKKP w W\u0119growie wp\u0142yn\u0119\u0142a formatka CPR o tre\u015bci: &#8222;BUDYNEK PARTEROWY, MUROWANY POZAR SADZY, WIDOCZNY OGIEN Z KOMINA&#8221;. Do zdarzenia zadysponowano zast\u0119p Posterunek Ostr\u00f3wek oraz OSP \u0141och\u00f3w. Po doje\u017adzie na miejsce zdarzenia zast\u0119pu OSP \u0141och\u00f3w, KDR po przeprowadzonym rozpoznaniu stwierdzi\u0142, \u017ce w przewodzie kominowym dosz\u0142o do zapalenia si\u0119 sadzy, budynek mieszkalny, murowany, parterowy. Po przybyciu na miejsce zast\u0119pu Posterunek Ostr\u00f3wek, KDR PSP potwierdzi\u0142 wcze\u015bniejsze informacje, SiS wystarczaj\u0105ce. Dzia\u0142ania zast\u0119p\u00f3w polega\u0142y na zabezpieczeniu miejsca zdarzenia, sprawdzeniu pomieszcze\u0144 przyleg\u0142ych do komina, a nast\u0119pnie zasypaniu piaskiem pal\u0105cej si\u0119 sadzy w przewodzie kominowym (stanowisko ga\u015bnicze na dachu, ratownicy zabezpieczeni w sprz\u0119t do pracy na wysoko\u015bci). Powy\u017csze dzia\u0142ania doprowadzi\u0142y do lokalizacji po\u017caru. Przyst\u0105piono do wyczyszczenia przewodu kominowego i wybrania sadzy, co doprowadzi\u0142o do likwidacji po\u017caru. Nast\u0119pnie sprawdzono miernikiem wielogazowym pomieszczenia w budynku, nie stwierdzaj\u0105c obecno\u015bci CO oraz kontrolowano kamer\u0105 termowizyjn\u0105 temperatur\u0119 komina i \u015bcian przyleg\u0142ych do komina. Pomieszczenia przewietrzono, po czym pouczono mieszka\u0144c\u00f3w budynku o obowi\u0105zku okresowego sprawdzania i czyszczenia przewod\u00f3w kominowych i wentylacyjnych. Po przekazaniu pisemnie miejsca zdarzenia w\u0142a\u015bcicielowi, dzia\u0142ania zako\u0144czono, zast\u0119py wr\u00f3ci\u0142y do bazy.<\/p>\n<p>W DZIA\u0141ANIACH RATOWNICZYCH UDZIA\u0141 BRA\u0141O: 2 zast\u0119py, 10 ratownik\u00f3w.<\/p>\n<p><strong>29.05.2025 \u2013 Miednik, gm. Stoczek \u2013 wypadek drogowy.<\/strong><\/p>\n<p>Do SKKP w W\u0119growie wp\u0142yn\u0119\u0142a formatka o tre\u015bci: &#8222;WYPADEK SAMOCHODOWY, 2 AUTA, S\u0104 OSOBY RANNE, JEDNA RANNA PRZYTOMNA, Z URAZEM BIODRA, NIE MA OS\u00d3B ZAKLESZCZONYCH&#8221;. Dy\u017curny zadysponowa\u0142 na miejsce zdarzenia zast\u0119py JRG W\u0119gr\u00f3w i s\u0105siednie OSP. Po przybyciu na miejsce zdarzenia pierwszych SIS, KDR przeprowadzi\u0142 rozpoznanie, po czym stwierdzi\u0142, \u017ce zderzeniu uleg\u0142y dwa pojazdy: samoch\u00f3d osobowy, w kt\u00f3rym podr\u00f3\u017cowa\u0142y dwie osoby (matka oraz nieletnia c\u00f3rka). Drugim pojazdem bior\u0105cym udzia\u0142 w zdarzeniu by\u0142 samoch\u00f3d ci\u0119\u017carowy do zbi\u00f3rki odpad\u00f3w (\u015bmieciarka). Pojazd porusza\u0142 si\u0119 w kolumnie razem z dwoma pojazdami osobowymi. Kierowca ci\u0119\u017car\u00f3wki nie poni\u00f3s\u0142 \u017cadnych obra\u017ce\u0144 i porusza\u0142 si\u0119 o w\u0142asnych si\u0142ach. Oba pojazdy znajdowa\u0142y si\u0119 poza drog\u0105, z czego samoch\u00f3d osobowy znajdowa\u0142 si\u0119 na dachu. Droga zosta\u0142a ca\u0142kowicie zablokowana w obu kierunkach. Poszkodowane zosta\u0142y osoby podr\u00f3\u017cuj\u0105ce pojazdem osobowym. Dzia\u0142ania SIS na miejscu zdarzenia polega\u0142y na zabezpieczeniu miejsca zdarzenia oraz udzieleniu KPP poszkodowanym osobom. Na miejsce zdarzenia przyby\u0142 zast\u0119p SLRT JRG W\u0119gr\u00f3w wraz z dow\u00f3dc\u0105 zmiany, kt\u00f3ry po zapoznaniu si\u0119 z sytuacj\u0105 przej\u0105\u0142 KDR. Nast\u0119pnie wspar\u0142 dzia\u0142ania prowadzone na miejscu zdarzenia przez OSP. Na miejsce przyjecha\u0142 ZRM, kt\u00f3ry przej\u0105\u0142 osoby poszkodowane od ratownik\u00f3w. Miejsce zdarzenia przekazano pisemnie protoko\u0142em Policji. Na tym dzia\u0142ania zako\u0144czono, wszystkie jednostki wr\u00f3ci\u0142y do bazy. Miejsce zdarzenia na czas prowadzenia czynno\u015bci zabezpieczy\u0142a Policja.<\/p>\n<p>W DZIA\u0141ANIACH RATOWNICZYCH UDZIA\u0141 BRA\u0141O: 4 zast\u0119py, 18 ratownik\u00f3w.<\/p>\n<p><strong>KP PSP W\u0119gr\u00f3w<\/strong><\/p>\n<p>&nbsp;<\/p>\n","protected":false},"excerpt":{"rendered":"<p>W okresie od 26 &#8211; 29.05.2025 na terenie powiatu w\u0119growskiego odnotowano: 12 zdarze\u0144, przy kt\u00f3rych interweniowa\u0142y jednostki ochrony przeciwpo\u017carowej, w tym: 3 po\u017cary, 8 miejscowych zagro\u017ce\u0144, 1 alarm fa\u0142szywy.<\/p>\n","protected":false},"author":1,"featured_media":0,"comment_status":"closed","ping_status":"closed","sticky":false,"template":"","format":"standard","meta":{"footnotes":""},"categories":[5,4,267],"tags":[491,643],"class_list":["post-30027","post","type-post","status-publish","format-standard","hentry","category-newsy","category-policja-straz-pozarna-pogotowie-ratunkowe","category-straz-pozarna-policja-straz-pozarna-pogotowie-ratunkowe","tag-komenda-powiatowa-panstwowej-strazy-pozarnej-w-wegrowie","tag-kronika-strazacka"],"views":998,"_links":{"self":[{"href":"https:\/\/info.sadowne.pl\/index.php?rest_route=\/wp\/v2\/posts\/30027","targetHints":{"allow":["GET"]}}],"collection":[{"href":"https:\/\/info.sadowne.pl\/index.php?rest_route=\/wp\/v2\/posts"}],"about":[{"href":"https:\/\/info.sadowne.pl\/index.php?rest_route=\/wp\/v2\/types\/post"}],"author":[{"embeddable":true,"href":"https:\/\/info.sadowne.pl\/index.php?rest_route=\/wp\/v2\/users\/1"}],"replies":[{"embeddable":true,"href":"https:\/\/info.sadowne.pl\/index.php?rest_route=%2Fwp%2Fv2%2Fcomments&post=30027"}],"version-history":[{"count":1,"href":"https:\/\/info.sadowne.pl\/index.php?rest_route=\/wp\/v2\/posts\/30027\/revisions"}],"predecessor-version":[{"id":30028,"href":"https:\/\/info.sadowne.pl\/index.php?rest_route=\/wp\/v2\/posts\/30027\/revisions\/30028"}],"wp:attachment":[{"href":"https:\/\/info.sadowne.pl\/index.php?rest_route=%2Fwp%2Fv2%2Fmedia&parent=30027"}],"wp:term":[{"taxonomy":"category","embeddable":true,"href":"https:\/\/info.sadowne.pl\/index.php?rest_route=%2Fwp%2Fv2%2Fcategories&post=30027"},{"taxonomy":"post_tag","embeddable":true,"href":"https:\/\/info.sadowne.pl\/index.php?rest_route=%2Fwp%2Fv2%2Ftags&post=30027"}],"curies":[{"name":"wp","href":"https:\/\/api.w.org\/{rel}","templated":true}]}}