{"id":30029,"date":"2025-05-30T14:31:24","date_gmt":"2025-05-30T12:31:24","guid":{"rendered":"http:\/\/info.sadowne.pl\/?p=30029"},"modified":"2025-05-30T14:33:44","modified_gmt":"2025-05-30T12:33:44","slug":"bez-tytulu","status":"publish","type":"post","link":"https:\/\/info.sadowne.pl\/?p=30029","title":{"rendered":"Bez tytu\u0142u"},"content":{"rendered":"<p><strong><a href=\"http:\/\/info.sadowne.pl\/wp-content\/uploads\/2025\/05\/2025.05.30.1.jpg\" target=\"_blank\" rel=\"noopener\"><img loading=\"lazy\" decoding=\"async\" class=\"alignleft wp-image-30030 size-thumbnail\" src=\"http:\/\/info.sadowne.pl\/wp-content\/uploads\/2025\/05\/2025.05.30.1-180x130.jpg\" alt=\"\" width=\"180\" height=\"130\" \/><\/a>Kolejny wiersz Stanis\u0142awa Jastrz\u0119bskiego.<\/strong><\/p>\n<p><!--more--><\/p>\n<p>&nbsp;<\/p>\n<p>&nbsp;<\/p>\n<p>&nbsp;<\/p>\n<p>&nbsp;<\/p>\n<p>&nbsp;<\/p>\n<p style=\"text-align: center;\">***<\/p>\n<p style=\"text-align: center;\">Zawi\u0105zali mi r\u0119ce<\/p>\n<p style=\"text-align: center;\">&#8211; kazali pracowa\u0107.<\/p>\n<p style=\"text-align: center;\">Zawi\u0105zali mi usta<\/p>\n<p style=\"text-align: center;\">&#8211; kazali chwali\u0107 demokracj\u0119.<\/p>\n<p>&nbsp;<\/p>\n<p style=\"text-align: center;\">Zawi\u0105zali mi oczy<\/p>\n<p style=\"text-align: center;\">&#8211; kazali podziwia\u0107 krajobrazy<\/p>\n<p style=\"text-align: center;\">dzie\u0142a ich r\u0105k.<\/p>\n<p>&nbsp;<\/p>\n<p style=\"text-align: center;\">Kazali i\u015b\u0107 ku lepszej przysz\u0142o\u015bci<\/p>\n<p style=\"text-align: center;\">lecz ci\u0105gle rzucaj\u0105 mi<\/p>\n<p style=\"text-align: center;\">pod nogi k\u0142ody.<\/p>\n<p>&nbsp;<\/p>\n<p style=\"text-align: center;\">Chcieli mi zabra\u0107 serce.<\/p>\n<p style=\"text-align: center;\">M\u00f3wili, \u017ce nie ma mi\u0142o\u015bci i Boga.<\/p>\n<p>&nbsp;<\/p>\n<p style=\"text-align: center;\">Co za g\u0142upota kaza\u0142a<\/p>\n<p style=\"text-align: center;\">tym ludziom<\/p>\n<p style=\"text-align: center;\">by mnie odcz\u0142owiecza\u0107?<\/p>\n<p>&nbsp;<\/p>\n<p style=\"text-align: center;\">Ale ja i tak b\u0119d\u0119 cz\u0142owiekiem<\/p>\n<p style=\"text-align: center;\">-cho\u0107by na przek\u00f3r im<\/p>\n<p style=\"text-align: center;\">i sobie.<\/p>\n<p>&nbsp;<\/p>\n<p><strong>Foto:<\/strong> Wies\u0142aw Maliszewski<\/p>\n<p style=\"text-align: center;\">\n","protected":false},"excerpt":{"rendered":"<p>Kolejny wiersz Stanis\u0142awa Jastrz\u0119bskiego.<\/p>\n","protected":false},"author":1,"featured_media":0,"comment_status":"closed","ping_status":"closed","sticky":false,"template":"","format":"standard","meta":{"footnotes":""},"categories":[5,48,6,108],"tags":[3669,2730,4260,49,51],"class_list":["post-30029","post","type-post","status-publish","format-standard","hentry","category-newsy","category-kacik-literacki","category-kultura-rozrywka-edukacja","category-okienko-poetyckie","tag-okienko-poetyckie","tag-poezja","tag-stanislaw-jastrzebski","tag-wiersze","tag-wieslaw-maliszewski"],"views":926,"_links":{"self":[{"href":"https:\/\/info.sadowne.pl\/index.php?rest_route=\/wp\/v2\/posts\/30029","targetHints":{"allow":["GET"]}}],"collection":[{"href":"https:\/\/info.sadowne.pl\/index.php?rest_route=\/wp\/v2\/posts"}],"about":[{"href":"https:\/\/info.sadowne.pl\/index.php?rest_route=\/wp\/v2\/types\/post"}],"author":[{"embeddable":true,"href":"https:\/\/info.sadowne.pl\/index.php?rest_route=\/wp\/v2\/users\/1"}],"replies":[{"embeddable":true,"href":"https:\/\/info.sadowne.pl\/index.php?rest_route=%2Fwp%2Fv2%2Fcomments&post=30029"}],"version-history":[{"count":12,"href":"https:\/\/info.sadowne.pl\/index.php?rest_route=\/wp\/v2\/posts\/30029\/revisions"}],"predecessor-version":[{"id":30042,"href":"https:\/\/info.sadowne.pl\/index.php?rest_route=\/wp\/v2\/posts\/30029\/revisions\/30042"}],"wp:attachment":[{"href":"https:\/\/info.sadowne.pl\/index.php?rest_route=%2Fwp%2Fv2%2Fmedia&parent=30029"}],"wp:term":[{"taxonomy":"category","embeddable":true,"href":"https:\/\/info.sadowne.pl\/index.php?rest_route=%2Fwp%2Fv2%2Fcategories&post=30029"},{"taxonomy":"post_tag","embeddable":true,"href":"https:\/\/info.sadowne.pl\/index.php?rest_route=%2Fwp%2Fv2%2Ftags&post=30029"}],"curies":[{"name":"wp","href":"https:\/\/api.w.org\/{rel}","templated":true}]}}