{"id":30044,"date":"2025-06-03T12:04:15","date_gmt":"2025-06-03T10:04:15","guid":{"rendered":"http:\/\/info.sadowne.pl\/?p=30044"},"modified":"2025-06-03T12:04:15","modified_gmt":"2025-06-03T10:04:15","slug":"sadowianki-2023","status":"publish","type":"post","link":"https:\/\/info.sadowne.pl\/?p=30044","title":{"rendered":"SADOWIANKI &#8211; 2023"},"content":{"rendered":"<p><strong><a href=\"http:\/\/info.sadowne.pl\/wp-content\/uploads\/2025\/06\/sad1134.jpg\"><img loading=\"lazy\" decoding=\"async\" class=\"alignleft size-thumbnail wp-image-30053\" src=\"http:\/\/info.sadowne.pl\/wp-content\/uploads\/2025\/06\/sad1134-180x130.jpg\" alt=\"\" width=\"180\" height=\"130\" \/><\/a>W\u0118GR\u00d3W &#8211; <\/strong><strong>26 marca 2023 roku &#8211; <\/strong><strong>Centrum Dialogu Kultur w W<\/strong><strong>\u0119<\/strong><strong>growie.<\/strong><!--more--><\/p>\n<p><a href=\"http:\/\/info.sadowne.pl\/wp-content\/uploads\/2025\/06\/sad1127.jpg\"><img loading=\"lazy\" decoding=\"async\" class=\"aligncenter size-full wp-image-30046\" src=\"http:\/\/info.sadowne.pl\/wp-content\/uploads\/2025\/06\/sad1127.jpg\" alt=\"\" width=\"296\" height=\"206\" \/><\/a><\/p>\n<p>W\u0142a\u015bnie w tym dniu w W\u0119growie odby\u0142o si\u0119 spotkanie promuj\u0105ce ksi\u0105\u017ck\u0119 kucharsk\u0105 pt.:<\/p>\n<h3 style=\"text-align: center;\"><span style=\"color: #3366ff;\"><em><strong>,,Jad<\/strong><strong>\u0105<\/strong><strong> go<\/strong><strong>\u015b<\/strong><strong>cie, jad<\/strong><strong>\u0105<\/strong><strong> i czym ich podejmiemy\u201d<\/strong><\/em><\/span><\/h3>\n<p>Wydanie ksi\u0105\u017cki by\u0142o pomys\u0142em <strong>Senator RP pani Marii Koc<\/strong>, a jej zawarto\u015b\u0107 tworz\u0105 przepisy kulinarne Pa\u0144 z K\u00f3\u0142 Gospody\u0144 Wiejskich z powiatu w\u0119growskiego.<\/p>\n<p><a href=\"http:\/\/info.sadowne.pl\/wp-content\/uploads\/2025\/06\/sad1128.jpg\"><img loading=\"lazy\" decoding=\"async\" class=\"aligncenter size-full wp-image-30047\" src=\"http:\/\/info.sadowne.pl\/wp-content\/uploads\/2025\/06\/sad1128.jpg\" alt=\"\" width=\"453\" height=\"591\" srcset=\"https:\/\/info.sadowne.pl\/wp-content\/uploads\/2025\/06\/sad1128.jpg 453w, https:\/\/info.sadowne.pl\/wp-content\/uploads\/2025\/06\/sad1128-230x300.jpg 230w\" sizes=\"auto, (max-width: 453px) 100vw, 453px\" \/><\/a><\/p>\n<p style=\"text-align: center;\"><strong>Senator RP p. Maria Koc<\/strong><\/p>\n<h2 style=\"text-align: center;\"><span style=\"color: #0000ff;\"><em>,,Jad\u0105 go\u015bcie, jad\u0105\u2026\u201d<\/em><\/span><\/h2>\n<p>To tylko cz\u0119\u015b\u0107 tytu\u0142u ksi\u0105\u017cki kucharskiej K\u00f3\u0142 Gospody\u0144 Wiejskich z powiatu w\u0119growskiego. Dzi\u0119ki Paniom powsta\u0142a niezwykle ciekawa i jedyna w swoim rodzaju ksi\u0105\u017cka kucharska, kt\u00f3rej autorkami s\u0105 dzielne i zapobiegliwe gospodynie.<\/p>\n<p>Jak to m\u00f3wi\u0105 ka\u017cda potrafi zrobi\u0107 ,,co\u015b &#8211; z niczego.\u201d<\/p>\n<p><a href=\"http:\/\/info.sadowne.pl\/wp-content\/uploads\/2025\/06\/sad1129.jpg\"><img loading=\"lazy\" decoding=\"async\" class=\"aligncenter size-full wp-image-30048\" src=\"http:\/\/info.sadowne.pl\/wp-content\/uploads\/2025\/06\/sad1129.jpg\" alt=\"\" width=\"442\" height=\"286\" srcset=\"https:\/\/info.sadowne.pl\/wp-content\/uploads\/2025\/06\/sad1129.jpg 442w, https:\/\/info.sadowne.pl\/wp-content\/uploads\/2025\/06\/sad1129-300x194.jpg 300w\" sizes=\"auto, (max-width: 442px) 100vw, 442px\" \/><\/a><\/p>\n<p>Promocj\u0119 ksi\u0105\u017cki umili\u0142y wyst\u0119py zespo\u0142\u00f3w <strong>Sadowianki z Sadownego <\/strong>i <strong>Gwizdalanki z Gwizda\u0142<\/strong>.<\/p>\n<p><a href=\"http:\/\/info.sadowne.pl\/wp-content\/uploads\/2025\/06\/sad1130.jpg\"><img loading=\"lazy\" decoding=\"async\" class=\"aligncenter size-full wp-image-30049\" src=\"http:\/\/info.sadowne.pl\/wp-content\/uploads\/2025\/06\/sad1130.jpg\" alt=\"\" width=\"608\" height=\"333\" srcset=\"https:\/\/info.sadowne.pl\/wp-content\/uploads\/2025\/06\/sad1130.jpg 608w, https:\/\/info.sadowne.pl\/wp-content\/uploads\/2025\/06\/sad1130-300x164.jpg 300w\" sizes=\"auto, (max-width: 608px) 100vw, 608px\" \/><\/a><\/p>\n<p><a href=\"http:\/\/info.sadowne.pl\/wp-content\/uploads\/2025\/06\/sad1131.jpg\"><img loading=\"lazy\" decoding=\"async\" class=\"aligncenter size-full wp-image-30050\" src=\"http:\/\/info.sadowne.pl\/wp-content\/uploads\/2025\/06\/sad1131.jpg\" alt=\"\" width=\"606\" height=\"332\" srcset=\"https:\/\/info.sadowne.pl\/wp-content\/uploads\/2025\/06\/sad1131.jpg 606w, https:\/\/info.sadowne.pl\/wp-content\/uploads\/2025\/06\/sad1131-300x164.jpg 300w\" sizes=\"auto, (max-width: 606px) 100vw, 606px\" \/><\/a><\/p>\n<p>Pani Maria serdecznie nas powita\u0142a, podzi\u0119kowa\u0142a za przybycie i udzieli\u0142a\u00a0 nam g\u0142osu.<\/p>\n<p><a href=\"http:\/\/info.sadowne.pl\/wp-content\/uploads\/2025\/06\/sad1132.jpg\"><img loading=\"lazy\" decoding=\"async\" class=\"aligncenter size-full wp-image-30051\" src=\"http:\/\/info.sadowne.pl\/wp-content\/uploads\/2025\/06\/sad1132.jpg\" alt=\"\" width=\"604\" height=\"485\" srcset=\"https:\/\/info.sadowne.pl\/wp-content\/uploads\/2025\/06\/sad1132.jpg 604w, https:\/\/info.sadowne.pl\/wp-content\/uploads\/2025\/06\/sad1132-300x241.jpg 300w\" sizes=\"auto, (max-width: 604px) 100vw, 604px\" \/><\/a><\/p>\n<p>Program zaprezentowany przez Sadowianki bardzo podoba\u0142 si\u0119 publiczno\u015bci.<\/p>\n<p>Po naszym wyst\u0119pie pani Senator wr\u0119czy\u0142a ksi\u0105\u017cki kucharskie przedstawicielom poszczeg\u00f3lnych K\u00f3\u0142 Gospody\u0144 Wiejskich. Nie zabrak\u0142o dla nikogo.<\/p>\n<p>Cz\u0142onkowie naszego zespo\u0142u r\u00f3wnie\u017c otrzymali taki prezent z r\u0105k Pani Senator wraz z dedykacj\u0105.<\/p>\n<p>I znowu Sadowianki zaw\u0142adn\u0119\u0142y scen\u0105, poniewa\u017c wcze\u015bniej publiczno\u015b\u0107 domaga\u0142a si\u0119 bis\u00f3w.<\/p>\n<p><a href=\"http:\/\/info.sadowne.pl\/wp-content\/uploads\/2025\/06\/sad1133.jpg\"><img loading=\"lazy\" decoding=\"async\" class=\"aligncenter size-full wp-image-30052\" src=\"http:\/\/info.sadowne.pl\/wp-content\/uploads\/2025\/06\/sad1133.jpg\" alt=\"\" width=\"601\" height=\"289\" srcset=\"https:\/\/info.sadowne.pl\/wp-content\/uploads\/2025\/06\/sad1133.jpg 601w, https:\/\/info.sadowne.pl\/wp-content\/uploads\/2025\/06\/sad1133-300x144.jpg 300w\" sizes=\"auto, (max-width: 601px) 100vw, 601px\" \/><\/a><\/p>\n<p>Cz\u0142onkowie poszczeg\u00f3lnych K\u00f3\u0142 Gospody\u0144 bardzo licznie zgromadzili si\u0119 na spotkaniu promuj\u0105cym ksi\u0105\u017ck\u0119 kucharsk\u0105 pt.:<\/p>\n<h3 style=\"text-align: center;\"><span style=\"color: #0000ff;\"><em><strong>,,Jad<\/strong><strong>\u0105<\/strong><strong> go<\/strong><strong>\u015b<\/strong><strong>cie, jad<\/strong><strong>\u0105<\/strong><\/em><\/span><strong><span style=\"color: #0000ff;\"><em> i czym ich podejmiemy\u201d<\/em><\/span><\/strong><\/h3>\n<p><a href=\"http:\/\/info.sadowne.pl\/wp-content\/uploads\/2025\/06\/sad1134.jpg\"><img loading=\"lazy\" decoding=\"async\" class=\"aligncenter size-full wp-image-30053\" src=\"http:\/\/info.sadowne.pl\/wp-content\/uploads\/2025\/06\/sad1134.jpg\" alt=\"\" width=\"607\" height=\"288\" srcset=\"https:\/\/info.sadowne.pl\/wp-content\/uploads\/2025\/06\/sad1134.jpg 607w, https:\/\/info.sadowne.pl\/wp-content\/uploads\/2025\/06\/sad1134-300x142.jpg 300w\" sizes=\"auto, (max-width: 607px) 100vw, 607px\" \/><\/a><\/p>\n<p>Najbardziej podoba\u0142a si\u0119 piosenka: ,,Trzymajmy si\u0119 za r\u0119ce\u201d, przy kt\u00f3rej ca\u0142a sala pl\u0105sa\u0142a i \u015bpiewa\u0142a razem z zespo\u0142em.<\/p>\n<p><a href=\"http:\/\/info.sadowne.pl\/wp-content\/uploads\/2025\/06\/sad1135.jpg\"><img loading=\"lazy\" decoding=\"async\" class=\"aligncenter size-full wp-image-30054\" src=\"http:\/\/info.sadowne.pl\/wp-content\/uploads\/2025\/06\/sad1135.jpg\" alt=\"\" width=\"336\" height=\"131\" srcset=\"https:\/\/info.sadowne.pl\/wp-content\/uploads\/2025\/06\/sad1135.jpg 336w, https:\/\/info.sadowne.pl\/wp-content\/uploads\/2025\/06\/sad1135-300x117.jpg 300w\" sizes=\"auto, (max-width: 336px) 100vw, 336px\" \/><\/a><\/p>\n<p>&nbsp;<\/p>\n<h3 style=\"text-align: center;\"><strong>DROHICZYN<\/strong><\/h3>\n<p style=\"text-align: center;\"><strong>23 kwietnia 2023 roku<\/strong><\/p>\n<p style=\"text-align: center;\"><strong>Koncert Symfoniczny Tomasza Radziwonowicza<\/strong><\/p>\n<h3 style=\"text-align: center;\"><span style=\"color: #339966;\"><strong>,,REQUIEM\u00a0 DLA\u00a0 \u015aWIATA\u201d<\/strong><\/span><\/h3>\n<p><strong> <a href=\"http:\/\/info.sadowne.pl\/wp-content\/uploads\/2025\/06\/sad1136.jpg\"><img loading=\"lazy\" decoding=\"async\" class=\"aligncenter size-full wp-image-30055\" src=\"http:\/\/info.sadowne.pl\/wp-content\/uploads\/2025\/06\/sad1136.jpg\" alt=\"\" width=\"207\" height=\"262\" \/><\/a><\/strong><\/p>\n<p>Koncert ten odby\u0142 si\u0119 na zako\u0144czenie Dni Kultury Katolickiej Podlasia Nadbu\u017ca\u0144skiego w Drohiczynie.<\/p>\n<p><strong>Drohiczyn,<\/strong> to pi\u0119kna nazwa miasteczka, kt\u00f3re ma w sobie kresowy urok, po\u0142o\u017cone jest wysoko na skarpie pod, kt\u00f3r\u0105 leniwie przep\u0142ywa rzeka Bug. Miasto harmonii i oazy spokoju. Od Sadownego dzieli je zaledwie 75km.<\/p>\n<p>Jad\u0105c do tego miasteczka mijamy \u015bliczne pejza\u017ce wschodniej Polski, malownicze wioski i dworki, takie, jak ten w Suchej.<\/p>\n<p><a href=\"http:\/\/info.sadowne.pl\/wp-content\/uploads\/2025\/06\/sad1137.jpg\"><img loading=\"lazy\" decoding=\"async\" class=\"aligncenter size-full wp-image-30056\" src=\"http:\/\/info.sadowne.pl\/wp-content\/uploads\/2025\/06\/sad1137.jpg\" alt=\"\" width=\"341\" height=\"229\" srcset=\"https:\/\/info.sadowne.pl\/wp-content\/uploads\/2025\/06\/sad1137.jpg 341w, https:\/\/info.sadowne.pl\/wp-content\/uploads\/2025\/06\/sad1137-300x201.jpg 300w\" sizes=\"auto, (max-width: 341px) 100vw, 341px\" \/><\/a><\/p>\n<p>W Katedrze Tr\u00f3jcy Przenaj\u015bwi\u0119tszej w Drohiczynie wyst\u0105pili soli\u015bci, dwa ch\u00f3ry, orkiestra symfoniczna, w sumie ponad 140 artyst\u00f3w.<\/p>\n<p>Koncert symfoniczny <strong>Tomasza Radziwonowicza<\/strong>, to muzyczny wyraz niezgody na brak harmonii w codziennym \u017cyciu. Prywatna pro\u015bba kompozytora o powr\u00f3t do warto\u015bci, do prawdy, dobra i pi\u0119kna. Czterna\u015bcie cz\u0119\u015bci koncertu bazuje na tekstach liturgicznych zaczerpni\u0119tych z obowi\u0105zuj\u0105cego przez cztery stulecia msza\u0142u w rycie trydenckim.<\/p>\n<p><a href=\"http:\/\/info.sadowne.pl\/wp-content\/uploads\/2025\/06\/sad1138.jpg\"><img loading=\"lazy\" decoding=\"async\" class=\"aligncenter size-full wp-image-30057\" src=\"http:\/\/info.sadowne.pl\/wp-content\/uploads\/2025\/06\/sad1138.jpg\" alt=\"\" width=\"588\" height=\"468\" srcset=\"https:\/\/info.sadowne.pl\/wp-content\/uploads\/2025\/06\/sad1138.jpg 588w, https:\/\/info.sadowne.pl\/wp-content\/uploads\/2025\/06\/sad1138-300x239.jpg 300w\" sizes=\"auto, (max-width: 588px) 100vw, 588px\" \/><\/a><\/p>\n<p style=\"text-align: center;\"><strong>Biskupi Piotr Sawczuk oraz Antoni Dydycz<\/strong><\/p>\n<p>&nbsp;<\/p>\n<p>Na zako\u0144czenie g\u0142os zabra\u0142 <strong>bp Piotr Sawczuk<\/strong>, dzi\u0119kuj\u0105c artystom, organizatorom oraz wszystkim przyby\u0142ym za obecno\u015b\u0107.<\/p>\n<p><strong>Cz\u0142onkowie naszego zespo\u0142u Sadowianki <\/strong>uczestniczyli w tym pi\u0119knym koncercie na zaproszenie <strong>Pani Senator Marii Koc<\/strong>, kt\u00f3ra zaanga\u017cowana w organizacj\u0119 koncertu r\u00f3wnie\u017c wyrazi\u0142a s\u0142owa uznania i wdzi\u0119czno\u015bci dla artyst\u00f3w.<\/p>\n<p><a href=\"http:\/\/info.sadowne.pl\/wp-content\/uploads\/2025\/06\/sad1139.jpg\"><img loading=\"lazy\" decoding=\"async\" class=\"aligncenter size-full wp-image-30058\" src=\"http:\/\/info.sadowne.pl\/wp-content\/uploads\/2025\/06\/sad1139.jpg\" alt=\"\" width=\"220\" height=\"148\" \/><\/a><\/p>\n<p style=\"text-align: center;\"><strong>SADOWNE<\/strong><\/p>\n<p><a href=\"http:\/\/info.sadowne.pl\/wp-content\/uploads\/2025\/06\/sad1140.jpg\"><img loading=\"lazy\" decoding=\"async\" class=\"size-thumbnail wp-image-30059 aligncenter\" src=\"http:\/\/info.sadowne.pl\/wp-content\/uploads\/2025\/06\/sad1140-180x130.jpg\" alt=\"\" width=\"180\" height=\"130\" \/><\/a><\/p>\n<h2 style=\"text-align: center;\"><span style=\"color: #ff0000;\"><em>3 Maja 2023<\/em><\/span><\/h2>\n<p>&nbsp;<\/p>\n<p style=\"text-align: center;\"><strong>Uroczysta msza \u015bwi\u0119ta za Ojczyzn\u0119 i Stra\u017cak\u00f3w w ko\u015bciele parafialnym pw. <\/strong><strong>\u015bw. Jana Chrzciciela w Sadownem da\u0142a pocz\u0105tek obchodom \u015awi\u0119ta Konstytucji 3 Maja i Dnia Stra\u017caka.<\/strong><\/p>\n<p>Msza \u015bwi\u0119ta rozpocz\u0119\u0142a si\u0119 o godz. 11.00, koncelebrowa\u0142 j\u0105 proboszcz parafii Sadowne ks. Antoni Kunicki oraz ksi\u0119\u017ca tej parafii. Wierni w t\u0119 niedziel\u0119 uczcili <strong>232. rocznic\u0119<\/strong> uchwalenia Konstytucji Rzeczypospolitej Obojga Narod\u00f3w. By\u0142a ona pierwsz\u0105 konstytucj\u0105 w nowo\u017cytnej Europie, drug\u0105 po ameryka\u0144skiej na \u015bwiecie, a jednocze\u015bnie donios\u0142ym dzie\u0142em my\u015bli polskiego O\u015bwiecenia.<\/p>\n<p><a href=\"http:\/\/info.sadowne.pl\/wp-content\/uploads\/2025\/06\/sad1141.jpg\"><img loading=\"lazy\" decoding=\"async\" class=\"aligncenter size-full wp-image-30060\" src=\"http:\/\/info.sadowne.pl\/wp-content\/uploads\/2025\/06\/sad1141.jpg\" alt=\"\" width=\"566\" height=\"413\" srcset=\"https:\/\/info.sadowne.pl\/wp-content\/uploads\/2025\/06\/sad1141.jpg 566w, https:\/\/info.sadowne.pl\/wp-content\/uploads\/2025\/06\/sad1141-300x219.jpg 300w, https:\/\/info.sadowne.pl\/wp-content\/uploads\/2025\/06\/sad1141-180x130.jpg 180w\" sizes=\"auto, (max-width: 566px) 100vw, 566px\" \/><\/a><\/p>\n<p>Niedzielne nabo\u017ce\u0144stwo by\u0142o te\u017c okazj\u0105 do uczczenia <strong>dnia \u015awi\u0119tego Floriana \u2013 Dnia Stra\u017caka<\/strong>, kt\u00f3ry obchodzony jest 4 maja przez bra\u0107 stra\u017cack\u0105. Podczas mszy \u015bw. ko\u015bci\u00f3\u0142 zape\u0142ni\u0142 si\u0119 mundurami stra\u017cackimi, a tak\u017ce sztandarami w towarzystwie asysty z Jednostek OSP gminy Sadowne, Szko\u0142y Podstawowej im. b\u0142. ks. Edwarda Grzyma\u0142y w Sadownem i Zespo\u0142u Szk\u00f3\u0142 Ponadpodstawowych w Sadownem.<\/p>\n<p>Obecno\u015b\u0107 swoj\u0105 zaznaczyli r\u00f3wnie\u017c harcerze ze 123. Dru\u017cyny Harcerskiej <strong>\u201eW\u0142\u00f3czykije\u201d, <\/strong>dzia\u0142aj\u0105cej przy Szkole Podstawowej w Sadownem.<\/p>\n<p><a href=\"http:\/\/info.sadowne.pl\/wp-content\/uploads\/2025\/06\/sad1142.jpg\"><img loading=\"lazy\" decoding=\"async\" class=\"aligncenter size-full wp-image-30061\" src=\"http:\/\/info.sadowne.pl\/wp-content\/uploads\/2025\/06\/sad1142.jpg\" alt=\"\" width=\"496\" height=\"441\" srcset=\"https:\/\/info.sadowne.pl\/wp-content\/uploads\/2025\/06\/sad1142.jpg 496w, https:\/\/info.sadowne.pl\/wp-content\/uploads\/2025\/06\/sad1142-300x267.jpg 300w\" sizes=\"auto, (max-width: 496px) 100vw, 496px\" \/><\/a><\/p>\n<p>Po mszy uroczysto\u015b\u0107 przenios\u0142a si\u0119 na Plac Ko\u015bcielny, <strong>pod Kamie\u0144 Pami\u0119ci Mieszka\u0144c\u00f3w Sadownego<\/strong>, gdzie dalej poprowadzi\u0142 j\u0105 Zast\u0119pca W\u00f3jta Gminy Sadowne <strong>p. Marcin Gr\u0119da. <\/strong>W\u00f3jt Gminy Sadowne, <strong>P. Waldemar Cyran,<\/strong> przypomnia\u0142 histori\u0119 uchwalenia Konstytucji 3 Maja i podkre\u015bli\u0142 jej wag\u0119.<\/p>\n<p><strong><a href=\"http:\/\/info.sadowne.pl\/wp-content\/uploads\/2025\/06\/sad1143.jpg\"><img loading=\"lazy\" decoding=\"async\" class=\"aligncenter size-full wp-image-30062\" src=\"http:\/\/info.sadowne.pl\/wp-content\/uploads\/2025\/06\/sad1143.jpg\" alt=\"\" width=\"608\" height=\"278\" srcset=\"https:\/\/info.sadowne.pl\/wp-content\/uploads\/2025\/06\/sad1143.jpg 608w, https:\/\/info.sadowne.pl\/wp-content\/uploads\/2025\/06\/sad1143-300x137.jpg 300w\" sizes=\"auto, (max-width: 608px) 100vw, 608px\" \/><\/a>\u00a0<\/strong><\/p>\n<p style=\"text-align: center;\">Zast\u0119pca W\u00f3jta Gminy Sadowne <strong>p. Marcin Gr\u0119da<\/strong><\/p>\n<p><strong>\u00a0<\/strong><\/p>\n<p>G\u0142os zabrali r\u00f3wnie\u017c: <strong>p. El\u017cbieta Lanc <\/strong>\u2013 cz\u0142onek Zarz\u0105du Wojew\u00f3dztwa Mazowieckiego, <strong>p. Marek Renik<\/strong> \u2013 Wicestarosta W\u0119growski.<\/p>\n<p>Nast\u0119pnie <strong>Zesp\u00f3\u0142 \u015apiewaczy SADOWIANKI<\/strong> wykona\u0142 kilka pie\u015bni patriotycznych.<\/p>\n<p><strong>W tym dniu zesp\u00f3\u0142 nasz wykona\u0142 po raz pierwszy piosenk\u0119 <\/strong><strong>pt.: Sadowie\u0144ska Ballada. <\/strong><strong>Melodia i s\u0142owa bardzo przypad\u0142y zebranym do gustu.<\/strong><\/p>\n<p style=\"text-align: center;\"><strong><a href=\"http:\/\/info.sadowne.pl\/wp-content\/uploads\/2025\/06\/sad1144.jpg\"><img loading=\"lazy\" decoding=\"async\" class=\"aligncenter size-full wp-image-30063\" src=\"http:\/\/info.sadowne.pl\/wp-content\/uploads\/2025\/06\/sad1144.jpg\" alt=\"\" width=\"604\" height=\"329\" srcset=\"https:\/\/info.sadowne.pl\/wp-content\/uploads\/2025\/06\/sad1144.jpg 604w, https:\/\/info.sadowne.pl\/wp-content\/uploads\/2025\/06\/sad1144-300x163.jpg 300w\" sizes=\"auto, (max-width: 604px) 100vw, 604px\" \/><\/a>\u00a0<\/strong><\/p>\n<p style=\"text-align: center;\"><strong>SADOWIANKI<\/strong><\/p>\n<p><strong> <a href=\"http:\/\/info.sadowne.pl\/wp-content\/uploads\/2025\/06\/sad1145.jpg\"><img loading=\"lazy\" decoding=\"async\" class=\"aligncenter size-full wp-image-30064\" src=\"http:\/\/info.sadowne.pl\/wp-content\/uploads\/2025\/06\/sad1145.jpg\" alt=\"\" width=\"605\" height=\"419\" srcset=\"https:\/\/info.sadowne.pl\/wp-content\/uploads\/2025\/06\/sad1145.jpg 605w, https:\/\/info.sadowne.pl\/wp-content\/uploads\/2025\/06\/sad1145-300x208.jpg 300w\" sizes=\"auto, (max-width: 605px) 100vw, 605px\" \/><\/a><\/strong><\/p>\n<p><a href=\"http:\/\/info.sadowne.pl\/wp-content\/uploads\/2025\/06\/sad1146.jpg\"><img loading=\"lazy\" decoding=\"async\" class=\"aligncenter size-full wp-image-30065\" src=\"http:\/\/info.sadowne.pl\/wp-content\/uploads\/2025\/06\/sad1146.jpg\" alt=\"\" width=\"604\" height=\"370\" srcset=\"https:\/\/info.sadowne.pl\/wp-content\/uploads\/2025\/06\/sad1146.jpg 604w, https:\/\/info.sadowne.pl\/wp-content\/uploads\/2025\/06\/sad1146-300x184.jpg 300w\" sizes=\"auto, (max-width: 604px) 100vw, 604px\" \/><\/a><\/p>\n<p style=\"text-align: center;\"><strong>Delegacje przygotowane do z\u0142o\u017cenia kwiat\u00f3w pod Kamieniem Pami\u0119ci Mieszka\u0144c\u00f3w Sadownego<\/strong><\/p>\n<p>Ponownie g\u0142os zabrali: <strong>p. El\u017cbieta Lanc, p. Marek Renik <\/strong><strong>i ks. Antoni Kunicki<\/strong>, po czym wr\u0119czono podzi\u0119kowania i upominki Jednostkom OSP za dzia\u0142alno\u015b\u0107 w ostatnim roku.<\/p>\n<p><a href=\"http:\/\/info.sadowne.pl\/wp-content\/uploads\/2025\/06\/sad1147.jpg\"><img loading=\"lazy\" decoding=\"async\" class=\"aligncenter size-full wp-image-30066\" src=\"http:\/\/info.sadowne.pl\/wp-content\/uploads\/2025\/06\/sad1147.jpg\" alt=\"\" width=\"604\" height=\"578\" srcset=\"https:\/\/info.sadowne.pl\/wp-content\/uploads\/2025\/06\/sad1147.jpg 604w, https:\/\/info.sadowne.pl\/wp-content\/uploads\/2025\/06\/sad1147-300x287.jpg 300w\" sizes=\"auto, (max-width: 604px) 100vw, 604px\" \/><\/a><\/p>\n<p style=\"text-align: center;\">Podzi\u0119kowanie otrzyma\u0142 r\u00f3wnie\u017c <strong>Zesp\u00f3\u0142 \u015apiewaczy SADOWIANKI<\/strong><\/p>\n<p><strong> <a href=\"http:\/\/info.sadowne.pl\/wp-content\/uploads\/2025\/06\/sad1148.jpg\"><img loading=\"lazy\" decoding=\"async\" class=\"aligncenter size-full wp-image-30067\" src=\"http:\/\/info.sadowne.pl\/wp-content\/uploads\/2025\/06\/sad1148.jpg\" alt=\"\" width=\"606\" height=\"374\" srcset=\"https:\/\/info.sadowne.pl\/wp-content\/uploads\/2025\/06\/sad1148.jpg 606w, https:\/\/info.sadowne.pl\/wp-content\/uploads\/2025\/06\/sad1148-300x185.jpg 300w\" sizes=\"auto, (max-width: 606px) 100vw, 606px\" \/><\/a><\/strong><\/p>\n<p style=\"text-align: center;\"><strong>Krysia Wetoszka odbiera podzi\u0119kowanie za dzia\u0142alno\u015b\u0107 naszego <\/strong><strong>zespo\u0142u w minionym roku<\/strong><\/p>\n<p><strong> <a href=\"http:\/\/info.sadowne.pl\/wp-content\/uploads\/2025\/06\/sad1149.jpg\"><img loading=\"lazy\" decoding=\"async\" class=\"aligncenter size-full wp-image-30068\" src=\"http:\/\/info.sadowne.pl\/wp-content\/uploads\/2025\/06\/sad1149.jpg\" alt=\"\" width=\"604\" height=\"370\" srcset=\"https:\/\/info.sadowne.pl\/wp-content\/uploads\/2025\/06\/sad1149.jpg 604w, https:\/\/info.sadowne.pl\/wp-content\/uploads\/2025\/06\/sad1149-300x184.jpg 300w\" sizes=\"auto, (max-width: 604px) 100vw, 604px\" \/><\/a><\/strong><\/p>\n<p style=\"text-align: center;\"><strong>\u00a0<\/strong><strong>P. <\/strong><strong>Krzysztof Sych, p. Krystyna Wetoszka, p. Waldemar Cyran, p. <\/strong><strong>El\u017cbieta Lanc, p. Marek Renik<\/strong><\/p>\n<p>Uwie\u0144czeniem trzeciomajowego spotkania w Sadownem by\u0142 pocz\u0119stunek i piknikowa biesiada w sadowie\u0144skiej remizie stra\u017cackiej.<\/p>\n<p>Po godz. 14-tej zainteresowani mogli te\u017c wzi\u0105\u0107 udzia\u0142 w Turnieju strzeleckim zorganizowanym na terenie polany <strong>Ko\u0142a \u0141owieckiego \u015bw. Huberta w Sadownem.<\/strong><\/p>\n<p><a href=\"http:\/\/info.sadowne.pl\/wp-content\/uploads\/2025\/06\/sad1150.jpg\"><img loading=\"lazy\" decoding=\"async\" class=\"aligncenter size-full wp-image-30069\" src=\"http:\/\/info.sadowne.pl\/wp-content\/uploads\/2025\/06\/sad1150.jpg\" alt=\"\" width=\"223\" height=\"106\" \/><\/a><\/p>\n<p><strong>\u0179r\u00f3d\u0142o:<\/strong> SADOWIANKI, Barbara Wr\u00f3bel, Sadowne 2025<\/p>\n","protected":false},"excerpt":{"rendered":"<p>W\u0118GR\u00d3W &#8211; 26 marca 2023 roku &#8211; Centrum Dialogu Kultur w W\u0119growie.<\/p>\n","protected":false},"author":1,"featured_media":0,"comment_status":"closed","ping_status":"closed","sticky":false,"template":"","format":"standard","meta":{"footnotes":""},"categories":[5,31,1202],"tags":[1218,101,1217,960],"class_list":["post-30044","post","type-post","status-publish","format-standard","hentry","category-newsy","category-historia-gminy","category-zespol-spiewaczy-sadowianki","tag-barbara-wrobel","tag-historia-gminy-sadowne","tag-sadowianki","tag-zespol-spiewaczy-sadowianki"],"views":1106,"_links":{"self":[{"href":"https:\/\/info.sadowne.pl\/index.php?rest_route=\/wp\/v2\/posts\/30044","targetHints":{"allow":["GET"]}}],"collection":[{"href":"https:\/\/info.sadowne.pl\/index.php?rest_route=\/wp\/v2\/posts"}],"about":[{"href":"https:\/\/info.sadowne.pl\/index.php?rest_route=\/wp\/v2\/types\/post"}],"author":[{"embeddable":true,"href":"https:\/\/info.sadowne.pl\/index.php?rest_route=\/wp\/v2\/users\/1"}],"replies":[{"embeddable":true,"href":"https:\/\/info.sadowne.pl\/index.php?rest_route=%2Fwp%2Fv2%2Fcomments&post=30044"}],"version-history":[{"count":2,"href":"https:\/\/info.sadowne.pl\/index.php?rest_route=\/wp\/v2\/posts\/30044\/revisions"}],"predecessor-version":[{"id":30070,"href":"https:\/\/info.sadowne.pl\/index.php?rest_route=\/wp\/v2\/posts\/30044\/revisions\/30070"}],"wp:attachment":[{"href":"https:\/\/info.sadowne.pl\/index.php?rest_route=%2Fwp%2Fv2%2Fmedia&parent=30044"}],"wp:term":[{"taxonomy":"category","embeddable":true,"href":"https:\/\/info.sadowne.pl\/index.php?rest_route=%2Fwp%2Fv2%2Fcategories&post=30044"},{"taxonomy":"post_tag","embeddable":true,"href":"https:\/\/info.sadowne.pl\/index.php?rest_route=%2Fwp%2Fv2%2Ftags&post=30044"}],"curies":[{"name":"wp","href":"https:\/\/api.w.org\/{rel}","templated":true}]}}