{"id":30075,"date":"2025-06-05T11:12:34","date_gmt":"2025-06-05T09:12:34","guid":{"rendered":"http:\/\/info.sadowne.pl\/?p=30075"},"modified":"2025-06-05T11:25:07","modified_gmt":"2025-06-05T09:25:07","slug":"110-rocznica-urodzin-patrona-muzeum","status":"publish","type":"post","link":"https:\/\/info.sadowne.pl\/?p=30075","title":{"rendered":"110. rocznica urodzin Patrona Muzeum"},"content":{"rendered":"<p><strong><a href=\"http:\/\/info.sadowne.pl\/wp-content\/uploads\/2025\/01\/2025.01.31.1.jpg\" target=\"_blank\" rel=\"noopener\"><img loading=\"lazy\" decoding=\"async\" class=\"alignleft wp-image-29786 size-thumbnail\" src=\"http:\/\/info.sadowne.pl\/wp-content\/uploads\/2025\/01\/2025.01.31.1-180x130.jpg\" alt=\"\" width=\"180\" height=\"130\" \/><\/a>Sadowne to osada wyr\u00f3\u017cniaj\u0105ca si\u0119 spo\u015br\u00f3d innych. Jest tu unikatowe Muzeum Ziemi Sadowie\u0144skiej, kt\u00f3re jest znane nie tylko w kraju, ale nawet poza jego granicami. <\/strong><!--more--><\/p>\n<p><strong>A Patronem Muzeum od 2015 roku jest mgr Bogus\u0142aw Ki\u0107. 5 czerwca 2025 roku obchodzimy 110. rocznic\u0119 urodzin Patrona.<\/strong><\/p>\n<p>Uroczyste otwarcie Muzeum odby\u0142o si\u0119 11 czerwca 1978 roku, a jego organizatorem i inicjatorem by\u0142 w\u0142a\u015bnie p. mgr Bogus\u0142aw Ki\u0107. Zbiory muzealne wcze\u015bniej gromadzono w szkolnej Izbie Pami\u0119ci i wielu innych miejscach. Po polepszeniu szkolnych warunk\u00f3w lokalowych posta\u0142 pomys\u0142 umieszczenia ich w oddzielnym budynku.<\/p>\n<p>Dzisiejsze czasy Muzeum Ziemi Sadowie\u0144skiej s\u0105 \u015bci\u015ble zwi\u0105zane z dzia\u0142alno\u015bci\u0105 Gminnego O\u015brodka Kultury w Sadownem, w kt\u00f3rego siedzibie zlokalizowana jest jego cz\u0119\u015b\u0107 &#8211; Muzealna Izba Edukacji Etnograficznej\u00a0ze sta\u0142ymi ekspozycjami prezentuj\u0105cymi rozw\u00f3j techniki (sprz\u0119tu muzycznego, fotografii), trofea my\u015bliwskie oraz przetw\u00f3rstwo lnu i efekty lokalnych wykopalisk.<\/p>\n<p>11 listopada 2015 roku muzeum otrzyma\u0142o oficjaln\u0105 nazw\u0119: \u201eMuzeum Ziemi Sadowie\u0144skiej im. Bogus\u0142awa Kicia\u201d. Jak podaj\u0105 \u017ar\u00f3d\u0142a oficjalne, B. Ki\u0107 urodzi\u0142 si\u0119 5 czerwca 1915 roku, st\u0105d wspominamy o 110. rocznicy Jego urodzin, kt\u00f3ra sta\u0142a si\u0119 okazj\u0105 do zaprezentowania pami\u0105tek po Patronie \u2013 zebranych wcze\u015bniej, a tak\u017ce przekazanych niedawno do muzeum przez \u017con\u0119 Krystyn\u0119 Ki\u0107 (pisali\u015bmy o tym w artykule pt. \u201eMuzeum wzbogaci si\u0119 o nowe pami\u0105tki\u201d &#8211; <span style=\"color: #0000ff;\"><strong><a style=\"color: #0000ff;\" href=\"http:\/\/info.sadowne.pl\/?p=29785\" target=\"_blank\" rel=\"noopener\">http:\/\/info.sadowne.pl\/?p=29785<\/a><\/strong><\/span>.<\/p>\n<p>Drodzy Pa\u0144stwo, nowe pami\u0105tki muzealne czekaj\u0105 na zwiedzaj\u0105cych. Muzeum Ziemi Sadowie\u0144skiej im. Bogus\u0142awa Kicia, zlokalizowane w Sadownem, ul. Ko\u015bciuszki 74, kontakt: tel. 512 803 222, serdecznie zaprasza do siebie i gwarantuje niezapomnian\u0105 w\u0119dr\u00f3wk\u0119 po\u015br\u00f3d tysi\u0119cy historycznych przedmiot\u00f3w. Po\u015br\u00f3d nich oczywi\u015bcie nowa ekspozycja z okazji 110. rocznicy urodzin Patrona Muzeum.<\/p>\n<p><strong>Tekst\/foto:<\/strong> S\u0142awek Chyli\u0144ski<\/p>\n","protected":false},"excerpt":{"rendered":"<p>Sadowne to osada wyr\u00f3\u017cniaj\u0105ca si\u0119 spo\u015br\u00f3d innych. Jest tu unikatowe Muzeum Ziemi Sadowie\u0144skiej, kt\u00f3re jest znane nie tylko w kraju, ale nawet poza jego granicami.<\/p>\n","protected":false},"author":1,"featured_media":0,"comment_status":"closed","ping_status":"closed","sticky":false,"template":"","format":"standard","meta":{"footnotes":""},"categories":[5,6,81],"tags":[4266,1608,79],"class_list":["post-30075","post","type-post","status-publish","format-standard","hentry","category-newsy","category-kultura-rozrywka-edukacja","category-muzeum","tag-110-rocznica-urodzin-patrona-muzeum-ziemi-sadowienskiej","tag-boguslaw-kic","tag-muzeum-ziemi-sadowienskiej"],"views":1154,"_links":{"self":[{"href":"https:\/\/info.sadowne.pl\/index.php?rest_route=\/wp\/v2\/posts\/30075","targetHints":{"allow":["GET"]}}],"collection":[{"href":"https:\/\/info.sadowne.pl\/index.php?rest_route=\/wp\/v2\/posts"}],"about":[{"href":"https:\/\/info.sadowne.pl\/index.php?rest_route=\/wp\/v2\/types\/post"}],"author":[{"embeddable":true,"href":"https:\/\/info.sadowne.pl\/index.php?rest_route=\/wp\/v2\/users\/1"}],"replies":[{"embeddable":true,"href":"https:\/\/info.sadowne.pl\/index.php?rest_route=%2Fwp%2Fv2%2Fcomments&post=30075"}],"version-history":[{"count":2,"href":"https:\/\/info.sadowne.pl\/index.php?rest_route=\/wp\/v2\/posts\/30075\/revisions"}],"predecessor-version":[{"id":30077,"href":"https:\/\/info.sadowne.pl\/index.php?rest_route=\/wp\/v2\/posts\/30075\/revisions\/30077"}],"wp:attachment":[{"href":"https:\/\/info.sadowne.pl\/index.php?rest_route=%2Fwp%2Fv2%2Fmedia&parent=30075"}],"wp:term":[{"taxonomy":"category","embeddable":true,"href":"https:\/\/info.sadowne.pl\/index.php?rest_route=%2Fwp%2Fv2%2Fcategories&post=30075"},{"taxonomy":"post_tag","embeddable":true,"href":"https:\/\/info.sadowne.pl\/index.php?rest_route=%2Fwp%2Fv2%2Ftags&post=30075"}],"curies":[{"name":"wp","href":"https:\/\/api.w.org\/{rel}","templated":true}]}}