{"id":30083,"date":"2025-06-06T14:14:33","date_gmt":"2025-06-06T12:14:33","guid":{"rendered":"http:\/\/info.sadowne.pl\/?p=30083"},"modified":"2025-06-06T14:14:33","modified_gmt":"2025-06-06T12:14:33","slug":"powrot-z-chmur","status":"publish","type":"post","link":"https:\/\/info.sadowne.pl\/?p=30083","title":{"rendered":"Powr\u00f3t z chmur"},"content":{"rendered":"<p><strong><a href=\"http:\/\/info.sadowne.pl\/wp-content\/uploads\/2025\/06\/2025.06.06.1.jpg\" target=\"_blank\" rel=\"noopener\"><img loading=\"lazy\" decoding=\"async\" class=\"alignleft wp-image-30084 size-thumbnail\" src=\"http:\/\/info.sadowne.pl\/wp-content\/uploads\/2025\/06\/2025.06.06.1-180x130.jpg\" alt=\"\" width=\"180\" height=\"130\" \/><\/a>Stanis\u0142aw Jastrz\u0119bski \u2013 wiersz.<\/strong><!--more--><\/p>\n<p>&nbsp;<\/p>\n<p>&nbsp;<\/p>\n<p>&nbsp;<\/p>\n<p>&nbsp;<\/p>\n<p style=\"text-align: center;\"><strong><br \/>\nPowr\u00f3t z chmur<\/strong><\/p>\n<p>&nbsp;<\/p>\n<p style=\"text-align: center;\">Jest druga w nocy<\/p>\n<p style=\"text-align: center;\">dziecko p\u0142acze za \u015bcian\u0105<\/p>\n<p>&nbsp;<\/p>\n<p style=\"text-align: center;\">wtedy<\/p>\n<p style=\"text-align: center;\">wszystkie wojny stygn\u0105<\/p>\n<p style=\"text-align: center;\">na naszych ustach<\/p>\n<p style=\"text-align: center;\">cesarze wracaj\u0105<\/p>\n<p style=\"text-align: center;\">do lamus\u00f3w pami\u0119ci<\/p>\n<p style=\"text-align: center;\">poeci zbieraj\u0105 si\u0119<\/p>\n<p style=\"text-align: center;\">ze swoimi wierszami<\/p>\n<p style=\"text-align: center;\">by pe\u0142ni si\u0142<\/p>\n<p style=\"text-align: center;\">zn\u00f3w nam skoczy\u0107<\/p>\n<p style=\"text-align: center;\">do gard\u0142a<\/p>\n<p style=\"text-align: center;\">kobiety rozmydlaj\u0105 si\u0119<\/p>\n<p style=\"text-align: center;\">we mgle i ksi\u0119\u017cycu&#8230;<\/p>\n<p>&nbsp;<\/p>\n<p style=\"text-align: center;\">Jest druga w nocy<\/p>\n<p style=\"text-align: center;\">dziecko p\u0142acze&#8230;<\/p>\n<p>&nbsp;<\/p>\n<p style=\"text-align: center;\">\u00a0 \u00a0 \u00a0 \u00a0 \u00a0 \u00a0 \u00a0 \u00a0 \u00a0 \u00a0 \u00a0 \u00a0 \u00a0 \u00a0 \u00a0 \u00a0 \u00a0 \u00a0 \u00a0 \u00a0 \u00a0Pustelnia 09.09.1986 r.<\/p>\n<p>&nbsp;<\/p>\n<p style=\"text-align: center;\">\n<p><strong>Foto:<\/strong> Wies\u0142aw Maliszewski<\/p>\n","protected":false},"excerpt":{"rendered":"<p>Stanis\u0142aw Jastrz\u0119bski \u2013 wiersz.<\/p>\n","protected":false},"author":1,"featured_media":0,"comment_status":"closed","ping_status":"closed","sticky":false,"template":"","format":"standard","meta":{"footnotes":""},"categories":[5,48,6,108],"tags":[3669,4260,4267,51],"class_list":["post-30083","post","type-post","status-publish","format-standard","hentry","category-newsy","category-kacik-literacki","category-kultura-rozrywka-edukacja","category-okienko-poetyckie","tag-okienko-poetyckie","tag-stanislaw-jastrzebski","tag-wiersz-powrot-z-chmur","tag-wieslaw-maliszewski"],"views":1092,"_links":{"self":[{"href":"https:\/\/info.sadowne.pl\/index.php?rest_route=\/wp\/v2\/posts\/30083","targetHints":{"allow":["GET"]}}],"collection":[{"href":"https:\/\/info.sadowne.pl\/index.php?rest_route=\/wp\/v2\/posts"}],"about":[{"href":"https:\/\/info.sadowne.pl\/index.php?rest_route=\/wp\/v2\/types\/post"}],"author":[{"embeddable":true,"href":"https:\/\/info.sadowne.pl\/index.php?rest_route=\/wp\/v2\/users\/1"}],"replies":[{"embeddable":true,"href":"https:\/\/info.sadowne.pl\/index.php?rest_route=%2Fwp%2Fv2%2Fcomments&post=30083"}],"version-history":[{"count":4,"href":"https:\/\/info.sadowne.pl\/index.php?rest_route=\/wp\/v2\/posts\/30083\/revisions"}],"predecessor-version":[{"id":30088,"href":"https:\/\/info.sadowne.pl\/index.php?rest_route=\/wp\/v2\/posts\/30083\/revisions\/30088"}],"wp:attachment":[{"href":"https:\/\/info.sadowne.pl\/index.php?rest_route=%2Fwp%2Fv2%2Fmedia&parent=30083"}],"wp:term":[{"taxonomy":"category","embeddable":true,"href":"https:\/\/info.sadowne.pl\/index.php?rest_route=%2Fwp%2Fv2%2Fcategories&post=30083"},{"taxonomy":"post_tag","embeddable":true,"href":"https:\/\/info.sadowne.pl\/index.php?rest_route=%2Fwp%2Fv2%2Ftags&post=30083"}],"curies":[{"name":"wp","href":"https:\/\/api.w.org\/{rel}","templated":true}]}}