{"id":30095,"date":"2025-06-13T10:31:16","date_gmt":"2025-06-13T08:31:16","guid":{"rendered":"http:\/\/info.sadowne.pl\/?p=30095"},"modified":"2025-06-13T10:31:16","modified_gmt":"2025-06-13T08:31:16","slug":"stanislaw-jastrzebski-wiersz","status":"publish","type":"post","link":"https:\/\/info.sadowne.pl\/?p=30095","title":{"rendered":"Stanis\u0142aw Jastrz\u0119bski &#8211; wiersz"},"content":{"rendered":"<p><a href=\"http:\/\/info.sadowne.pl\/wp-content\/uploads\/2025\/06\/2025.06.13.1.jpg\" target=\"_blank\" rel=\"noopener\"><img loading=\"lazy\" decoding=\"async\" class=\"alignleft wp-image-30096 size-thumbnail\" src=\"http:\/\/info.sadowne.pl\/wp-content\/uploads\/2025\/06\/2025.06.13.1-180x130.jpg\" alt=\"\" width=\"180\" height=\"130\" \/><\/a><\/p>\n<p><strong>Sz\u00f3sta ods\u0142ona poezji S. Jastrz\u0119bskiego &#8211; wiersz bez tytu\u0142u.<\/strong><\/p>\n<p>&nbsp;<\/p>\n<p><!--more--><\/p>\n<p>&nbsp;<\/p>\n<p>&nbsp;<\/p>\n<p>&nbsp;<\/p>\n<p>&nbsp;<\/p>\n<p style=\"text-align: center;\">* * *<\/p>\n<p>&nbsp;<\/p>\n<p style=\"text-align: center;\">Czas zabli\u017ani rany i oddali l\u0119k.<\/p>\n<p style=\"text-align: center;\">Pozwoli zapomnie\u0107 o tym, co by\u0142o.<\/p>\n<p style=\"text-align: center;\">Z nowych warto\u015bci wydob\u0119d\u0119 d\u017awi\u0119k.<\/p>\n<p style=\"text-align: center;\">Odnajd\u0119 siebie i prawdziw\u0105 mi\u0142o\u015b\u0107.<\/p>\n<p>&nbsp;<\/p>\n<p style=\"text-align: center;\">Wznios\u0119 si\u0119 lotem ponad w\u0142asne ja.<\/p>\n<p style=\"text-align: center;\">Zrozumiem ludzkie troski, cierpienia.<\/p>\n<p style=\"text-align: center;\">Pokocham dobro, unikn\u0119 z\u0142a.<\/p>\n<p style=\"text-align: center;\">Odkryj\u0119 sens w\u0142asnego istnienia.<\/p>\n<p>&nbsp;<\/p>\n<p style=\"text-align: center;\">P\u00f3jd\u0119 drog\u0105, jak ta gwiazda l\u015bni,<\/p>\n<p style=\"text-align: center;\">polem, \u0142\u0105k\u0105, rzek\u0105, lasem.<\/p>\n<p style=\"text-align: center;\">Dzieli\u0107 z wami sw\u0105 rado\u015b\u0107 i z\u0142y.<\/p>\n<p style=\"text-align: center;\">Tylko mi dajcie jeszcze troch\u0119 czasu&#8230;<\/p>\n<p>&nbsp;<\/p>\n<p style=\"text-align: left;\"><strong>Foto:<\/strong> Wies\u0142aw Maliszewski<\/p>\n","protected":false},"excerpt":{"rendered":"<p>Sz\u00f3sta ods\u0142ona poezji S. Jastrz\u0119bskiego &#8211; wiersz bez tytu\u0142u. &nbsp;<\/p>\n","protected":false},"author":1,"featured_media":0,"comment_status":"closed","ping_status":"closed","sticky":false,"template":"","format":"standard","meta":{"footnotes":""},"categories":[5,48,6,108],"tags":[3669,4260,4254,51],"class_list":["post-30095","post","type-post","status-publish","format-standard","hentry","category-newsy","category-kacik-literacki","category-kultura-rozrywka-edukacja","category-okienko-poetyckie","tag-okienko-poetyckie","tag-stanislaw-jastrzebski","tag-wiersz","tag-wieslaw-maliszewski"],"views":946,"_links":{"self":[{"href":"https:\/\/info.sadowne.pl\/index.php?rest_route=\/wp\/v2\/posts\/30095","targetHints":{"allow":["GET"]}}],"collection":[{"href":"https:\/\/info.sadowne.pl\/index.php?rest_route=\/wp\/v2\/posts"}],"about":[{"href":"https:\/\/info.sadowne.pl\/index.php?rest_route=\/wp\/v2\/types\/post"}],"author":[{"embeddable":true,"href":"https:\/\/info.sadowne.pl\/index.php?rest_route=\/wp\/v2\/users\/1"}],"replies":[{"embeddable":true,"href":"https:\/\/info.sadowne.pl\/index.php?rest_route=%2Fwp%2Fv2%2Fcomments&post=30095"}],"version-history":[{"count":4,"href":"https:\/\/info.sadowne.pl\/index.php?rest_route=\/wp\/v2\/posts\/30095\/revisions"}],"predecessor-version":[{"id":30100,"href":"https:\/\/info.sadowne.pl\/index.php?rest_route=\/wp\/v2\/posts\/30095\/revisions\/30100"}],"wp:attachment":[{"href":"https:\/\/info.sadowne.pl\/index.php?rest_route=%2Fwp%2Fv2%2Fmedia&parent=30095"}],"wp:term":[{"taxonomy":"category","embeddable":true,"href":"https:\/\/info.sadowne.pl\/index.php?rest_route=%2Fwp%2Fv2%2Fcategories&post=30095"},{"taxonomy":"post_tag","embeddable":true,"href":"https:\/\/info.sadowne.pl\/index.php?rest_route=%2Fwp%2Fv2%2Ftags&post=30095"}],"curies":[{"name":"wp","href":"https:\/\/api.w.org\/{rel}","templated":true}]}}